{"id":781,"date":"2014-03-17T15:07:25","date_gmt":"2014-03-17T15:07:25","guid":{"rendered":"http:\/\/www.grupo-algeciras.com\/wpress\/?p=781"},"modified":"2019-12-15T13:14:14","modified_gmt":"2019-12-15T11:14:14","slug":"sellos-personalizados","status":"publish","type":"post","link":"http:\/\/www.grupo-algeciras.com\/index.php\/2014\/03\/17\/sellos-personalizados\/","title":{"rendered":"Sellos personalizados -Algeciras-"},"content":{"rendered":"<table style=\"width: 784px;\">\n<tbody>\n<tr>\n<td style=\"width: 393.8px;\"><img loading=\"lazy\" decoding=\"async\" class=\"aligncenter size-full wp-image-775\" title=\"Sello_Pantallas\" src=\"http:\/\/www.grupo-algeciras.com\/wpress\/wp-content\/uploads\/Filatelia\/Sellos Personalizados\/Sello_Pantallas.jpg\" alt=\"Las Pantallas\" width=\"350\" height=\"266\" \/><\/td>\n<td style=\"width: 373.2px;\">&nbsp;<\/p>\n<p>&nbsp;<\/p>\n<p>Titulo: \u00abLas Pantallas\u00bbPrimer sello personalizado de ALGECIRAS<\/p>\n<p>Tirada: 200 ejemplares mas 25 de la segunda tirada con la variante de la letra \u00abA\u00bb<\/p>\n<p>Solicitud: 31 enero de 2007<\/p>\n<p>Aprobaci\u00f3n: 1 febrero de 2007<\/p>\n<p>Primer d\u00eda de circulaci\u00f3n ALGECIRAS: 12 febrero de 2007<\/td>\n<\/tr>\n<tr>\n<td style=\"width: 393.8px;\">\u00a0<a href=\"http:\/\/www.grupo-algeciras.com\/wpress\/wp-content\/uploads\/Filatelia\/Sellos Personalizados\/Sello_Ermita_Cristo_Alameda.jpg\"><img loading=\"lazy\" decoding=\"async\" class=\"aligncenter size-full wp-image-762\" title=\"Sello_Ermita_Cristo_Alameda\" src=\"http:\/\/www.grupo-algeciras.com\/wpress\/wp-content\/uploads\/Filatelia\/Sellos Personalizados\/Sello_Ermita_Cristo_Alameda.jpg\" alt=\"\" width=\"278\" height=\"366\" \/><\/a><\/td>\n<td style=\"width: 373.2px;\">&nbsp;<\/p>\n<p>&nbsp;<\/p>\n<p>&nbsp;<\/p>\n<p>Titulo: \u00abCapilla, Cristo de la Alameda\u00bb<\/p>\n<p>Sello n\u00ba 2 de ALGECIRAS<\/p>\n<p>Tirada: 200 ejemplares mas 25 de la segunda tirada con la variante de la letra \u00abA\u00bb<\/p>\n<p>Solicitud: 12 febrero de 2007<\/p>\n<p>Aprobaci\u00f3n: 13 febrero de 2007<\/p>\n<p>Primer d\u00eda de circulaci\u00f3n ALGECIRAS: 20 febrero de 2007<\/td>\n<\/tr>\n<tr>\n<td style=\"width: 393.8px;\"><img loading=\"lazy\" decoding=\"async\" class=\"aligncenter size-full wp-image-766\" title=\"Sello_Escuela_Artes\" src=\"http:\/\/www.grupo-algeciras.com\/wpress\/wp-content\/uploads\/Filatelia\/Sellos Personalizados\/Sello_Escuela_Artes.jpg\" alt=\"\" width=\"366\" height=\"278\" \/><\/td>\n<td style=\"width: 373.2px;\">&nbsp;<\/p>\n<p>&nbsp;<\/p>\n<p>Titulo: \u00abEscuela de Artes Aplicadas y Oficios Art\u00edsticos\u00bb<\/p>\n<p>Sello n\u00ba 3 de ALGECIRAS<\/p>\n<p>Tirada: 200 ejemplares mas 25 de la segunda tirada con la variante de la letra \u00abA\u00bb<\/p>\n<p>Solicitud: 12 marzo de 2007<\/p>\n<p>Aprobaci\u00f3n: 12 marzo de 2007<\/p>\n<p>Primer d\u00eda de circulaci\u00f3n ALGECIRAS: 15 marzo de 2007<\/td>\n<\/tr>\n<tr>\n<td style=\"width: 393.8px;\"><a href=\"http:\/\/www.grupo-algeciras.com\/wpress\/wp-content\/uploads\/Filatelia\/Sellos Personalizados\/Sello_Casino_Algeciras.jpg\"><img loading=\"lazy\" decoding=\"async\" class=\"aligncenter size-full wp-image-758\" title=\"Sello_Casino_Algeciras\" src=\"http:\/\/www.grupo-algeciras.com\/wpress\/wp-content\/uploads\/Filatelia\/Sellos Personalizados\/Sello_Casino_Algeciras.jpg\" alt=\"\" width=\"366\" height=\"278\" \/><\/a><\/td>\n<td style=\"width: 373.2px;\">&nbsp;<\/p>\n<p>&nbsp;<\/p>\n<p>Titulo: \u00abTeatro Casino Cinema\u00bb<\/p>\n<p>Sello n\u00ba 4 de ALGECIRAS<\/p>\n<p>Tirada: 200 ejemplares mas 25 de la segunda tirada con la variante de la letra \u00abA\u00bb<\/p>\n<p>Solicitud: 12 marzo de 2007<\/p>\n<p>Aprobaci\u00f3n: 12 marzo de 2007<\/p>\n<p>Primer d\u00eda de circulaci\u00f3n ALGECIRAS: 15 marzo de 2007<\/td>\n<\/tr>\n<tr>\n<td style=\"width: 393.8px;\"><a href=\"http:\/\/www.grupo-algeciras.com\/wpress\/wp-content\/uploads\/Filatelia\/Sellos Personalizados\/Sello_Faro_Punta_Carnero_1.jpg\"><img loading=\"lazy\" decoding=\"async\" class=\"aligncenter size-full wp-image-767\" title=\"Sello_Faro_Punta_Carnero_1\" src=\"http:\/\/www.grupo-algeciras.com\/wpress\/wp-content\/uploads\/Filatelia\/Sellos Personalizados\/Sello_Faro_Punta_Carnero_1.jpg\" alt=\"\" width=\"366\" height=\"278\" \/><\/a><\/td>\n<td style=\"width: 373.2px;\">&nbsp;<\/p>\n<p>&nbsp;<\/p>\n<p>Titulo: \u00abFaro de Punta Carnero\u00bb<\/p>\n<p>Sello N\u00ba 5 de ALGECIRAS<\/p>\n<p>Tirada: 200 ejemplares mas 25 de la segunda tirada con la variante de la letra \u00abA\u00bb<\/p>\n<p>Solicitud: 9 abril de 2007<\/p>\n<p>Aprobaci\u00f3n: 12 abril de 2007<\/p>\n<p>Primer d\u00eda de circulaci\u00f3n ALGECIRAS: 15 abril de 2007<\/td>\n<\/tr>\n<tr>\n<td style=\"width: 393.8px;\"><a href=\"http:\/\/www.grupo-algeciras.com\/wpress\/wp-content\/uploads\/Filatelia\/Sellos Personalizados\/Sello_Plaza_de_Toros_la_Perseverancia.jpg\"><img loading=\"lazy\" decoding=\"async\" class=\"aligncenter size-full wp-image-776\" title=\"Sello_Plaza_de_Toros_la_Perseverancia\" src=\"http:\/\/www.grupo-algeciras.com\/wpress\/wp-content\/uploads\/Filatelia\/Sellos Personalizados\/Sello_Plaza_de_Toros_la_Perseverancia.jpg\" alt=\"\" width=\"366\" height=\"278\" \/><\/a><\/td>\n<td style=\"width: 373.2px;\">&nbsp;<\/p>\n<p>&nbsp;<\/p>\n<p>Titulo: \u00abPlaza de Toros \u00abLa Perseverancia\u00bb<\/p>\n<p>Sello n\u00ba 6 de ALGECIRAS<\/p>\n<p>Tirada: 200 ejemplares mas 25 de la segunda tirada con la variante de la letra \u00abA\u00bb<\/p>\n<p>Solicitud: 9 abril de 2007<\/p>\n<p>Aprobaci\u00f3n: 12 abril de 2007<\/p>\n<p>Primer d\u00eda de circulaci\u00f3n ALGECIRAS: 15 abril de 2007<\/td>\n<\/tr>\n<tr>\n<td style=\"width: 393.8px;\"><a href=\"http:\/\/www.grupo-algeciras.com\/wpress\/wp-content\/uploads\/Filatelia\/Sellos Personalizados\/Sello_aniversario.jpg\"><img loading=\"lazy\" decoding=\"async\" class=\"aligncenter size-full wp-image-750\" title=\"Sello_aniversario\" src=\"http:\/\/www.grupo-algeciras.com\/wpress\/wp-content\/uploads\/Filatelia\/Sellos Personalizados\/Sello_aniversario.jpg\" alt=\"\" width=\"366\" height=\"278\" \/><\/a><\/td>\n<td style=\"width: 373.2px;\">&nbsp;<\/p>\n<p>Titulo: \u00ab\u00bbPrimer aniversario de la EXFILNA&#8217;06\u00bb<\/p>\n<p>Sello n\u00ba 7 de ALGECIRAS<\/p>\n<p>Tirada: 150 ejemplares, m\u00e1s 25 de la segunda tirada con la variante de la letra \u00abA\u00bb<\/p>\n<p>Solicitud: 28 abril de 2007<\/p>\n<p>Aprobaci\u00f3n: 30 abril de 2007<\/p>\n<p>Primer d\u00eda de circulaci\u00f3n ALGECIRAS: 5 mayo de 2007 (Este sello se entreg\u00f3 en SOBRES PRIMER D\u00cdA en la cena que celebr\u00f3 el mismo d\u00eda la Comisi\u00f3n Organizadora de la EXFILNA&#8217;06)<\/td>\n<\/tr>\n<tr>\n<td style=\"width: 393.8px;\"><a href=\"http:\/\/www.grupo-algeciras.com\/wpress\/wp-content\/uploads\/Filatelia\/Sellos Personalizados\/Sello_Escalinata_Definitiva.jpg\"><img loading=\"lazy\" decoding=\"async\" class=\"aligncenter size-full wp-image-764\" title=\"Sello_Escalinata_Definitiva\" src=\"http:\/\/www.grupo-algeciras.com\/wpress\/wp-content\/uploads\/Filatelia\/Sellos Personalizados\/Sello_Escalinata_Definitiva.jpg\" alt=\"\" width=\"366\" height=\"278\" \/><\/a><\/td>\n<td style=\"width: 373.2px;\">&nbsp;<\/p>\n<p>&nbsp;<\/p>\n<p>Titulo: \u00ab\u00bbLa Escalinata\u00bb<\/p>\n<p>Sello n\u00ba 8 de ALGECIRAS<\/p>\n<p>Tirada: 200 ejemplares mas 25 de la segunda tirada con la variante de la letra \u00abA\u00bb<\/p>\n<p>Solicitud: 8 mayo de 2007<\/p>\n<p>Aprobaci\u00f3n: 8 mayo de 2007<\/p>\n<p>Primer d\u00eda de circulaci\u00f3n ALGECIRAS: 10 mayo de 2007<\/td>\n<\/tr>\n<tr>\n<td style=\"width: 393.8px;\"><a href=\"http:\/\/www.grupo-algeciras.com\/wpress\/wp-content\/uploads\/Filatelia\/Sellos Personalizados\/Sello_Capelina_del_Cristo.jpg\"><img loading=\"lazy\" decoding=\"async\" class=\"alignnone size-full wp-image-918\" title=\"Sello_Capelina_del_Cristo\" src=\"http:\/\/www.grupo-algeciras.com\/wpress\/wp-content\/uploads\/Filatelia\/Sellos Personalizados\/Sello_Capelina_del_Cristo.jpg\" alt=\"\" width=\"366\" height=\"278\" srcset=\"http:\/\/www.grupo-algeciras.com\/wpress\/wp-content\/uploads\/Filatelia\/Sellos%20Personalizados\/Sello_Capelina_del_Cristo.jpg 366w, http:\/\/www.grupo-algeciras.com\/wpress\/wp-content\/uploads\/Filatelia\/Sellos%20Personalizados\/Sello_Capelina_del_Cristo-300x227.jpg 300w\" sizes=\"auto, (max-width: 366px) 100vw, 366px\" \/><\/a><\/td>\n<td style=\"width: 373.2px;\">&nbsp;<\/p>\n<p>&nbsp;<\/p>\n<p>Titulo: Hornacina Cristo de la Escalinata\u00bb<\/p>\n<p>Sello n\u00ba 9 de ALGECIRAS<\/p>\n<p>Tirada: 200 ejemplares mas 25 de la segunda tirada con la variante de la letra \u00abA\u00bb<\/p>\n<p>Solicitud: 8 mayo de 2007<\/p>\n<p>Aprobaci\u00f3n: 8 mayo de 2007<\/p>\n<p>Primer d\u00eda de circulaci\u00f3n ALGECIRAS: 10 mayo de 2007<\/td>\n<\/tr>\n<tr>\n<td style=\"width: 393.8px;\"><a href=\"http:\/\/www.grupo-algeciras.com\/wpress\/wp-content\/uploads\/Filatelia\/Sellos Personalizados\/juanpanes1190383053828ByzBxmwpvk.jpg\"><img loading=\"lazy\" decoding=\"async\" class=\"size-full wp-image-874 aligncenter\" title=\"juanpanes1190383053828ByzBxmwpvk\" src=\"http:\/\/www.grupo-algeciras.com\/wpress\/wp-content\/uploads\/Filatelia\/Sellos Personalizados\/juanpanes1190383053828ByzBxmwpvk.jpg\" alt=\"\" width=\"366\" height=\"278\" srcset=\"http:\/\/www.grupo-algeciras.com\/wpress\/wp-content\/uploads\/Filatelia\/Sellos%20Personalizados\/juanpanes1190383053828ByzBxmwpvk.jpg 366w, http:\/\/www.grupo-algeciras.com\/wpress\/wp-content\/uploads\/Filatelia\/Sellos%20Personalizados\/juanpanes1190383053828ByzBxmwpvk-300x227.jpg 300w\" sizes=\"auto, (max-width: 366px) 100vw, 366px\" \/><\/a><\/td>\n<td style=\"width: 373.2px;\">&nbsp;<\/p>\n<p>Titulo: 30 aniv\u00ba de la Incorporaci\u00f3n de la Mujer. Policia Local, ALGECIRAS. 1977-2007<\/p>\n<p>Sello n\u00ba 10 de ALGECIRAS<\/p>\n<p>Tirada 275 ejemplares,\u00a0 m\u00e1s 25 de la segunda tirada con la variante de la letra \u00abA\u00bb<\/p>\n<p>Solicitud: 21 septiembre de 2007<\/p>\n<p>Aprobaci\u00f3n: 24 septiembre de 2007<\/p>\n<p>Primer d\u00eda de circulaci\u00f3n ALGECIRAS: 27 septiembre de 2007 (Petici\u00f3n realizada por la Policia Local Femenina de esta ciudad, con la colaboraci\u00f3n del Grupo Filat\u00e9lico y Numism\u00e1tico de Algeciras)<\/td>\n<\/tr>\n<tr>\n<td style=\"width: 393.8px;\"><a href=\"http:\/\/www.grupo-algeciras.com\/wpress\/wp-content\/uploads\/Filatelia\/Sellos Personalizados\/Sello_Arcos.jpg\"><img loading=\"lazy\" decoding=\"async\" class=\"aligncenter size-full wp-image-751\" title=\"Sello_Arcos\" src=\"http:\/\/www.grupo-algeciras.com\/wpress\/wp-content\/uploads\/Filatelia\/Sellos Personalizados\/Sello_Arcos.jpg\" alt=\"\" width=\"278\" height=\"366\" \/><\/a><\/td>\n<td style=\"width: 373.2px;\">&nbsp;<\/p>\n<p>&nbsp;<\/p>\n<p>&nbsp;<\/p>\n<p>T\u00edtulo: \u00abLos Arcos de El Cobre\u00bb<\/p>\n<p>Sello n\u00ba\u00a011 de ALGECIRAS<\/p>\n<p>Tirada:\u00a0200 ejemplares,\u00a0mas 25 de la segunda tirada con la variante de la letra \u00abA\u00bb<\/p>\n<p>Solicitud:\u00a01\u00a0octubre de 2007<\/p>\n<p>Aprobaci\u00f3n:\u00a02\u00a0octubre de 2007<\/p>\n<p>Primer d\u00eda de circulaci\u00f3n ALGECIRAS: 4 octubre\u00a0de 2007<\/td>\n<\/tr>\n<tr>\n<td style=\"width: 393.8px;\"><a href=\"http:\/\/www.grupo-algeciras.com\/wpress\/wp-content\/uploads\/Filatelia\/Sellos Personalizados\/Sello_Hotel_Reina_Cristina_1.jpg\"><img loading=\"lazy\" decoding=\"async\" class=\"aligncenter size-full wp-image-725\" title=\"Sello_Hotel_Reina_Cristina_1\" src=\"http:\/\/www.grupo-algeciras.com\/wpress\/wp-content\/uploads\/Filatelia\/Sellos Personalizados\/Sello_Hotel_Reina_Cristina_1.jpg\" alt=\"\" width=\"366\" height=\"278\" \/><\/a><\/td>\n<td style=\"width: 373.2px;\">&nbsp;<\/p>\n<p>&nbsp;<\/p>\n<p>T\u00edtulo: \u00abHotel Reina Cristina\u00bb<\/p>\n<p>Sello n\u00ba\u00a012 de ALGECIRAS<\/p>\n<p>Tirada:\u00a0200 ejemplares,\u00a0mas 25 de la segunda tirada con la variante de la letra \u00abA\u00bb<\/p>\n<p>Solicitud:\u00a01\u00a0octubre de 2007<\/p>\n<p>Aprobaci\u00f3n:\u00a02\u00a0octubre de 2007<\/p>\n<p>Primer d\u00eda de circulaci\u00f3n ALGECIRAS: 4 octubre de 2007<\/td>\n<\/tr>\n<tr>\n<td style=\"width: 393.8px;\"><a href=\"http:\/\/www.grupo-algeciras.com\/wpress\/wp-content\/uploads\/Filatelia\/Sellos Personalizados\/Sello_Puente_El_Cobre.jpg\"><img loading=\"lazy\" decoding=\"async\" class=\"aligncenter size-full wp-image-777\" title=\"Sello_Puente_El_Cobre\" src=\"http:\/\/www.grupo-algeciras.com\/wpress\/wp-content\/uploads\/Filatelia\/Sellos Personalizados\/Sello_Puente_El_Cobre.jpg\" alt=\"\" width=\"278\" height=\"366\" \/><\/a><\/td>\n<td style=\"width: 373.2px;\">&nbsp;<\/p>\n<p>&nbsp;<\/p>\n<p>&nbsp;<\/p>\n<p>T\u00edtulo: \u00abR\u00edo de la Miel\u00bb<\/p>\n<p>Sello n\u00ba\u00a013 de ALGECIRAS<\/p>\n<p>Tirada:\u00a0200 ejemplares,\u00a0mas 25 de la segunda tirada con la variante de la letra \u00abA\u00bb<\/p>\n<p>Solicitud:\u00a023\u00a0octubre de 2007<\/p>\n<p>Aprobaci\u00f3n:\u00a023\u00a0octubre de 2007<\/p>\n<p>Primer d\u00eda de circulaci\u00f3n ALGECIRAS: 25 octubre de 2007<\/td>\n<\/tr>\n<tr>\n<td style=\"width: 393.8px;\"><a href=\"http:\/\/www.grupo-algeciras.com\/wpress\/wp-content\/uploads\/Filatelia\/Sellos Personalizados\/juanpanes1191573950526qhxjzDbbkn.jpg\"><img loading=\"lazy\" decoding=\"async\" class=\"aligncenter size-full wp-image-706\" title=\"juanpanes1191573950526qhxjzDbbkn\" src=\"http:\/\/www.grupo-algeciras.com\/wpress\/wp-content\/uploads\/Filatelia\/Sellos Personalizados\/juanpanes1191573950526qhxjzDbbkn.jpg\" alt=\"\" width=\"278\" height=\"366\" \/><\/a><\/td>\n<td style=\"width: 373.2px;\">&nbsp;<\/p>\n<p>&nbsp;<\/p>\n<p>&nbsp;<\/p>\n<p>T\u00edtulo: \u00abPlaza Alta\u00bb<\/p>\n<p>Sello n\u00ba\u00a014 de ALGECIRAS<\/p>\n<p>Tirada:\u00a0200 ejemplares,\u00a0mas 25 de la segunda tirada con la variante de la letra \u00abA\u00bb<\/p>\n<p>Solicitud:\u00a023\u00a0octubre de 2007<\/p>\n<p>Aprobaci\u00f3n:\u00a023\u00a0octubre de 2007<\/p>\n<p>Primer d\u00eda de circulaci\u00f3n ALGECIRAS: 25 octubre de 2007<\/td>\n<\/tr>\n<tr>\n<td style=\"width: 393.8px;\"><a href=\"http:\/\/www.grupo-algeciras.com\/wpress\/wp-content\/uploads\/Filatelia\/Sellos Personalizados\/Sello_Belmonte_2.jpg\"><img loading=\"lazy\" decoding=\"async\" class=\"aligncenter size-full wp-image-752\" title=\"Sello_Belmonte_2\" src=\"http:\/\/www.grupo-algeciras.com\/wpress\/wp-content\/uploads\/Filatelia\/Sellos Personalizados\/Sello_Belmonte_2.jpg\" alt=\"\" width=\"366\" height=\"278\" \/><\/a><\/td>\n<td style=\"width: 373.2px;\">&nbsp;<\/p>\n<p>&nbsp;<\/p>\n<p>T\u00edtulo: \u00abPiedra de Belmonte\u00bb<\/p>\n<p>Sello n\u00ba\u00a015 de ALGECIRAS<\/p>\n<p>Tirada:\u00a0200 ejemplares,\u00a0mas 25 de la segunda tirada con la variante de la letra \u00abA\u00bb<\/p>\n<p>Solicitud:\u00a015\u00a0noviembre de 2007<\/p>\n<p>Aprobaci\u00f3n: 20 noviembre de 2007<\/p>\n<p>Primer d\u00eda de circulaci\u00f3n ALGECIRAS: 27 noviembre de 2007<\/td>\n<\/tr>\n<tr>\n<td style=\"width: 393.8px;\"><a href=\"http:\/\/www.grupo-algeciras.com\/wpress\/wp-content\/uploads\/Filatelia\/Sellos Personalizados\/Sello_Las_Palomas.jpg\"><img loading=\"lazy\" decoding=\"async\" class=\"aligncenter size-full wp-image-771\" title=\"Sello_Las_Palomas\" src=\"http:\/\/www.grupo-algeciras.com\/wpress\/wp-content\/uploads\/Filatelia\/Sellos Personalizados\/Sello_Las_Palomas.jpg\" alt=\"\" width=\"366\" height=\"278\" \/><\/a><\/td>\n<td style=\"width: 373.2px;\">&nbsp;<\/p>\n<p>&nbsp;<\/p>\n<p>T\u00edtulo: \u00abPlaza de Toros Las Palomas\u00bb<\/p>\n<p>Sello n\u00ba\u00a016 de ALGECIRAS<\/p>\n<p>Tirada:\u00a0200 ejemplares,\u00a0mas 25 de la segunda tirada con la variante de la letra \u00abA\u00bb<\/p>\n<p>Solicitud:\u00a015\u00a0noviembre de 2007<\/p>\n<p>Aprobaci\u00f3n: 30 noviembre de 2007<\/p>\n<p>Primer d\u00eda de circulaci\u00f3n ALGECIRAS:\u00a05 diciembre de 2007<\/td>\n<\/tr>\n<tr>\n<td style=\"width: 393.8px;\"><a href=\"http:\/\/www.grupo-algeciras.com\/wpress\/wp-content\/uploads\/Filatelia\/Sellos Personalizados\/Sello_Padial.jpg\"><img loading=\"lazy\" decoding=\"async\" class=\"aligncenter size-full wp-image-774\" title=\"Sello_Padial\" src=\"http:\/\/www.grupo-algeciras.com\/wpress\/wp-content\/uploads\/Filatelia\/Sellos Personalizados\/Sello_Padial.jpg\" alt=\"\" width=\"278\" height=\"366\" \/><\/a><\/td>\n<td style=\"width: 373.2px;\">&nbsp;<\/p>\n<p>&nbsp;<\/p>\n<p>&nbsp;<\/p>\n<p>T\u00edtulo: Taller de Restauraci\u00f3n, Padial (1903-1968)<\/p>\n<p>Sello n\u00ba\u00a017 de ALGECIRAS<\/p>\n<p>Tirada:\u00a0250 ejemplares,\u00a0m\u00e1s 25 de la segunda tirada con la variante de la letra \u00abA\u00bb<\/p>\n<p>Solicitud:\u00a018\u00a0noviembre de 2007<\/p>\n<p>Aprobaci\u00f3n:\u00a030 noviembre de 2007<\/p>\n<p>Primer d\u00eda de circulaci\u00f3n ALGECIRAS: 5 diciembre de 2007(Petici\u00f3n realizada por\u00a0R. L\u00f3pez, con la colaboraci\u00f3n del Grupo Filat\u00e9lico y Numism\u00e1tico de Algeciras)<\/td>\n<\/tr>\n<tr>\n<td style=\"width: 393.8px;\"><a href=\"http:\/\/www.grupo-algeciras.com\/wpress\/wp-content\/uploads\/Filatelia\/Sellos Personalizados\/Sello_Desembocadura.jpg\"><img loading=\"lazy\" decoding=\"async\" class=\"aligncenter size-full wp-image-761\" title=\"Sello_Desembocadura\" src=\"http:\/\/www.grupo-algeciras.com\/wpress\/wp-content\/uploads\/Filatelia\/Sellos Personalizados\/Sello_Desembocadura.jpg\" alt=\"\" width=\"366\" height=\"278\" \/><\/a><\/td>\n<td style=\"width: 373.2px;\">&nbsp;<\/p>\n<p>&nbsp;<\/p>\n<p>T\u00edtulo: Desembocadura R\u00edo de la Miel, Algeciras 1960<\/p>\n<p>Sello n\u00ba\u00a018 de ALGECIRAS<\/p>\n<p>Tirada:\u00a0200 ejemplares,\u00a0mas 25 de la segunda tirada con la variante de la letra \u00abA\u00bb<\/p>\n<p>Solicitud:\u00a07\u00a0diciembre de 2007<\/p>\n<p>probaci\u00f3n:\u00a011 diciembre de 2007<\/p>\n<p>Primer d\u00eda de circulaci\u00f3n ALGECIRAS: 13 diciembre de 2007<\/td>\n<\/tr>\n<tr>\n<td style=\"width: 393.8px;\"><a href=\"http:\/\/www.grupo-algeciras.com\/wpress\/wp-content\/uploads\/Filatelia\/Sellos Personalizados\/Sello_Puente_Merini.jpg\"><img loading=\"lazy\" decoding=\"async\" class=\"aligncenter size-full wp-image-778\" title=\"Sello_Puente_Merini\" src=\"http:\/\/www.grupo-algeciras.com\/wpress\/wp-content\/uploads\/Filatelia\/Sellos Personalizados\/Sello_Puente_Merini.jpg\" alt=\"\" width=\"366\" height=\"278\" \/><\/a><\/td>\n<td style=\"width: 373.2px;\">&nbsp;<\/p>\n<p>&nbsp;<\/p>\n<p>T\u00edtulo: Puente Mer\u00edn\u00ed, siglo XIII<\/p>\n<p>Sello n\u00ba\u00a019 de ALGECIRAS<\/p>\n<p>Tirada:\u00a0200 ejemplares,\u00a0mas 25 de la segunda tirada con la variante de la letra \u00abA\u00bb<\/p>\n<p>Solicitud:\u00a07\u00a0diciembre de 2007<\/p>\n<p>Aprobaci\u00f3n:\u00a011 diciembre de 2007<\/p>\n<p>Primer d\u00eda de circulaci\u00f3n ALGECIRAS:\u00a013 diciembre de 2007<\/td>\n<\/tr>\n<tr>\n<td style=\"width: 393.8px;\"><a href=\"http:\/\/www.grupo-algeciras.com\/wpress\/wp-content\/uploads\/Filatelia\/Sellos Personalizados\/Paco.jpg\"><img loading=\"lazy\" decoding=\"async\" class=\"aligncenter size-full wp-image-708\" title=\"Paco\" src=\"http:\/\/www.grupo-algeciras.com\/wpress\/wp-content\/uploads\/Filatelia\/Sellos Personalizados\/Paco.jpg\" alt=\"\" width=\"278\" height=\"366\" \/><\/a><\/td>\n<td style=\"width: 373.2px;\">&nbsp;<\/p>\n<p>&nbsp;<\/p>\n<p>&nbsp;<\/p>\n<p>&nbsp;<\/p>\n<p>T\u00edtulo: Monumento a \u00abPaco de Luc\u00eda\u00bb<\/p>\n<p>Sello n\u00ba\u00a020 de ALGECIRAS<\/p>\n<p>Tirada:\u00a0325 ejemplares<\/p>\n<p>Solicitud:\u00a04 febrero de 2008<\/p>\n<p>Aprobaci\u00f3n:\u00a04 febrero\u00a0de 2008<\/p>\n<p>Primer d\u00eda de circulaci\u00f3n ALGECIRAS: 6 febrero de 2008<\/td>\n<\/tr>\n<tr>\n<td style=\"width: 393.8px;\"><a href=\"http:\/\/www.grupo-algeciras.com\/wpress\/wp-content\/uploads\/Filatelia\/Sellos Personalizados\/Sello_Cine_Comico.jpg\"><img loading=\"lazy\" decoding=\"async\" class=\"aligncenter size-full wp-image-759\" title=\"Sello_Cine_Comico\" src=\"http:\/\/www.grupo-algeciras.com\/wpress\/wp-content\/uploads\/Filatelia\/Sellos Personalizados\/Sello_Cine_Comico.jpg\" alt=\"\" width=\"366\" height=\"278\" \/><\/a><\/td>\n<td style=\"width: 373.2px;\">&nbsp;<\/p>\n<p>&nbsp;<\/p>\n<p>T\u00edtulo: \u00abCine C\u00f3mico\u00bb XXV aniversario 1983-2008<\/p>\n<p>Sello n\u00ba\u00a021 de ALGECIRAS<\/p>\n<p>Tirada:\u00a0350 ejemplares,\u00a0m\u00e1s 25 de la segunda tirada con la variante de la letra \u00abA\u00bb<\/p>\n<p>Solicitud:\u00a06 febrero de 2008<\/p>\n<p>Aprobaci\u00f3n:\u00a011 febrero\u00a0de 2008<\/p>\n<p>Primer d\u00eda de circulaci\u00f3n ALGECIRAS: 13 febrero de 2008<\/td>\n<\/tr>\n<tr>\n<td style=\"width: 393.8px;\"><a href=\"http:\/\/www.grupo-algeciras.com\/wpress\/wp-content\/uploads\/Filatelia\/Sellos Personalizados\/Sello_Nazareno_definitivo.jpg\"><img loading=\"lazy\" decoding=\"async\" class=\"aligncenter size-full wp-image-773\" title=\"Sello_Nazareno_definitivo\" src=\"http:\/\/www.grupo-algeciras.com\/wpress\/wp-content\/uploads\/Filatelia\/Sellos Personalizados\/Sello_Nazareno_definitivo.jpg\" alt=\"\" width=\"278\" height=\"366\" \/><\/a><\/td>\n<td style=\"width: 373.2px;\">&nbsp;<\/p>\n<p>&nbsp;<\/p>\n<p>&nbsp;<\/p>\n<p>&nbsp;<\/p>\n<p>T\u00edtulo: CLXXV aniversario Nazareno Algeciras<\/p>\n<p>Sello n\u00ba\u00a022 de ALGECIRAS<\/p>\n<p>Tirada:\u00a0550 ejemplares<\/p>\n<p>Solicitud:\u00a07 marzo de 2008<\/p>\n<p>Aprobaci\u00f3n:\u00a07\u00a0marzo\u00a0de 2008<\/p>\n<p>Primer d\u00eda de circulaci\u00f3n ALGECIRAS:\u00a012\u00a0marzo de 2008<\/td>\n<\/tr>\n<tr>\n<td style=\"width: 393.8px;\"><a href=\"http:\/\/www.grupo-algeciras.com\/wpress\/wp-content\/uploads\/Filatelia\/Sellos Personalizados\/Sello_Capilla_Europa.jpg\"><img loading=\"lazy\" decoding=\"async\" class=\"aligncenter size-full wp-image-757\" title=\"Sello_Capilla_Europa\" src=\"http:\/\/www.grupo-algeciras.com\/wpress\/wp-content\/uploads\/Filatelia\/Sellos Personalizados\/Sello_Capilla_Europa.jpg\" alt=\"\" width=\"366\" height=\"278\" \/><\/a><\/td>\n<td style=\"width: 373.2px;\">&nbsp;<\/p>\n<p>&nbsp;<\/p>\n<p>T\u00edtulo:\u00a0Capilla Nuestra Se\u00f1ora de Europa<\/p>\n<p>Sello n\u00ba\u00a023 de ALGECIRAS<\/p>\n<p>Tirada:\u00a0225 ejemplares<\/p>\n<p>Solicitud:\u00a01\u00a0abril de 2008<\/p>\n<p>Aprobaci\u00f3n:\u00a02\u00a0abril\u00a0de 2008<\/p>\n<p>Primer d\u00eda de circulaci\u00f3n ALGECIRAS: 4 abril de 2008<\/td>\n<\/tr>\n<tr>\n<td style=\"width: 393.8px;\"><a href=\"http:\/\/www.grupo-algeciras.com\/wpress\/wp-content\/uploads\/Filatelia\/Sellos Personalizados\/Sello_Ermita_los_Milagros.jpg\"><img loading=\"lazy\" decoding=\"async\" class=\"aligncenter size-full wp-image-763\" title=\"Sello_Ermita_los_Milagros\" src=\"http:\/\/www.grupo-algeciras.com\/wpress\/wp-content\/uploads\/Filatelia\/Sellos Personalizados\/Sello_Ermita_los_Milagros.jpg\" alt=\"\" width=\"278\" height=\"366\" \/><\/a><\/td>\n<td style=\"width: 373.2px;\">&nbsp;<\/p>\n<p>&nbsp;<\/p>\n<p>&nbsp;<\/p>\n<p>&nbsp;<\/p>\n<p>T\u00edtulo: Ermita Nuestra Se\u00f1ora de los Milagros<\/p>\n<p>Sello n\u00ba\u00a024 de ALGECIRAS<\/p>\n<p>Tirada:\u00a0225 ejemplares<\/p>\n<p>Solicitud:\u00a03\u00a0mayo\u00a0de 2008<\/p>\n<p>Aprobaci\u00f3n:\u00a05\u00a0mayo\u00a0de 2008<\/p>\n<p>Primer d\u00eda de circulaci\u00f3n ALGECIRAS: \u00a08 mayo de 2008<\/td>\n<\/tr>\n<tr>\n<td style=\"width: 393.8px;\"><a href=\"http:\/\/www.grupo-algeciras.com\/wpress\/wp-content\/uploads\/Filatelia\/Sellos Personalizados\/Sello_General_Definitivo.jpg\"><img loading=\"lazy\" decoding=\"async\" class=\"aligncenter size-full wp-image-769\" title=\"Sello_General_Definitivo\" src=\"http:\/\/www.grupo-algeciras.com\/wpress\/wp-content\/uploads\/Filatelia\/Sellos Personalizados\/Sello_General_Definitivo.jpg\" alt=\"\" width=\"278\" height=\"366\" \/><\/a><\/td>\n<td style=\"width: 373.2px;\">&nbsp;<\/p>\n<p>&nbsp;<\/p>\n<p>&nbsp;<\/p>\n<p>&nbsp;<\/p>\n<p>T\u00edtulo: Algeciras al General Casta\u00f1os<\/p>\n<p>Sello n\u00ba\u00a025 de ALGECIRAS<\/p>\n<p>Tirada:\u00a0250 ejemplares<\/p>\n<p>Solicitud:\u00a01\u00a0junio\u00a0de 2008<\/p>\n<p>Aprobaci\u00f3n:\u00a02 junio\u00a0de 2008<\/p>\n<p>Primer d\u00eda de circulaci\u00f3n ALGECIRAS: 5 junio\u00a0de 2008<\/td>\n<\/tr>\n<tr>\n<td style=\"width: 393.8px;\"><img loading=\"lazy\" decoding=\"async\" class=\"aligncenter size-full wp-image-772\" title=\"Sello_Mercado_Torroja_1\" src=\"http:\/\/www.grupo-algeciras.com\/wpress\/wp-content\/uploads\/Filatelia\/Sellos Personalizados\/Sello_Mercado_Torroja_1.jpg\" alt=\"\" width=\"366\" height=\"278\" \/><\/td>\n<td style=\"width: 373.2px;\">&nbsp;<\/p>\n<p>&nbsp;<\/p>\n<p>T\u00edtulo: Mercado Ingeniero Torroja<\/p>\n<p>Sello n\u00ba\u00a026\u00a0 de ALGECIRAS<\/p>\n<p>Tirada:\u00a0225 ejemplares<\/p>\n<p>Solicitud:\u00a04\u00a0agosto\u00a0de 2008<\/p>\n<p>Aprobaci\u00f3n:\u00a04\u00a0agosto\u00a0de 2008<\/p>\n<p>Primer d\u00eda de circulaci\u00f3n ALGECIRAS:\u00a07\u00a0agosto\u00a0de 2008<\/td>\n<\/tr>\n<tr>\n<td style=\"width: 393.8px;\"><img loading=\"lazy\" decoding=\"async\" class=\"aligncenter size-full wp-image-779\" title=\"Sello_San_Isidro_2\" src=\"http:\/\/www.grupo-algeciras.com\/wpress\/wp-content\/uploads\/Filatelia\/Sellos Personalizados\/Sello_San_Isidro_2.jpg\" alt=\"\" width=\"366\" height=\"278\" \/><\/td>\n<td style=\"width: 373.2px;\">&nbsp;<\/p>\n<p>&nbsp;<\/p>\n<p>T\u00edtulo:\u00a0Capilla de San Isidro<\/p>\n<p>Sello n\u00ba\u00a027 de ALGECIRAS<\/p>\n<p>Tirada:\u00a0225 ejemplares<\/p>\n<p>Solicitud:\u00a04\u00a0agosto\u00a0de 2008<\/p>\n<p>Aprobaci\u00f3n: 4\u00a0agosto\u00a0de 2008<\/p>\n<p>Primer d\u00eda de circulaci\u00f3n ALGECIRAS:\u00a07 agosto\u00a0de 2008<\/td>\n<\/tr>\n<tr>\n<td style=\"width: 393.8px;\"><img loading=\"lazy\" decoding=\"async\" class=\"aligncenter size-full wp-image-738\" title=\"SelloMiguelin1\" src=\"http:\/\/www.grupo-algeciras.com\/wpress\/wp-content\/uploads\/Filatelia\/Sellos Personalizados\/SelloMiguelin1.jpg\" alt=\"\" width=\"366\" height=\"278\" \/><\/td>\n<td style=\"width: 373.2px;\">&nbsp;<\/p>\n<p>&nbsp;<\/p>\n<p>T\u00edtulo:\u00a050 aniversario\u00a0alternativa de Miguel Mateo \u00abMiguel\u00edn\u00bb<\/p>\n<p>Sello n\u00ba\u00a028 de ALGECIRAS<\/p>\n<p>Tirada: 375 ejemplares<\/p>\n<p>Solicitud:\u00a018\u00a0octubre\u00a0de 2008<\/p>\n<p>Aprobaci\u00f3n:\u00a020 octubre\u00a0de 2008<\/p>\n<p>Primer d\u00eda de circulaci\u00f3n ALGECIRAS: 28 octubre\u00a0de 2008<\/td>\n<\/tr>\n<tr>\n<td style=\"width: 393.8px;\"><img loading=\"lazy\" decoding=\"async\" class=\"aligncenter size-full wp-image-711\" title=\"SegundoselloMiguelin\" src=\"http:\/\/www.grupo-algeciras.com\/wpress\/wp-content\/uploads\/Filatelia\/Sellos Personalizados\/SegundoselloMiguelin.jpg\" alt=\"\" width=\"278\" height=\"366\" \/><\/td>\n<td style=\"width: 373.2px;\">&nbsp;<\/p>\n<p>&nbsp;<\/p>\n<p>&nbsp;<\/p>\n<p>&nbsp;<\/p>\n<p>T\u00edtulo:\u00a050 aniversario alternativa de Miguel Mateo \u00abMiguel\u00edn\u00bb<\/p>\n<p>Sello n\u00ba\u00a029 de ALGECIRAS<\/p>\n<p>Tirada:\u00a0375 ejemplares<\/p>\n<p>Solicitud:\u00a018 octubre\u00a0de 2008<\/p>\n<p>Aprobaci\u00f3n:\u00a020 octubre de\u00a02008<\/p>\n<p>Primer d\u00eda de circulaci\u00f3n ALGECIRAS:\u00a028\u00a0octubre de 2008<\/td>\n<\/tr>\n<tr>\n<td style=\"width: 393.8px;\"><img loading=\"lazy\" decoding=\"async\" class=\"aligncenter size-full wp-image-754\" title=\"Sello_calle\" src=\"http:\/\/www.grupo-algeciras.com\/wpress\/wp-content\/uploads\/Filatelia\/Sellos Personalizados\/Sello_calle.jpg\" alt=\"\" width=\"366\" height=\"278\" \/><\/td>\n<td style=\"width: 373.2px;\">&nbsp;<\/p>\n<p>&nbsp;<\/p>\n<p>T\u00edtulo:\u00a0Calle t\u00edpica algecire\u00f1a. Calle Rocha<\/p>\n<p>Sello n\u00ba\u00a030 de ALGECIRAS<\/p>\n<p>Tirada:\u00a0225 ejemplares<\/p>\n<p>Solicitud:\u00a010 noviembre\u00a0de 2008<\/p>\n<p>Aprobaci\u00f3n:\u00a010 noviembre\u00a0de\u00a02008<\/p>\n<p>Primer d\u00eda de circulaci\u00f3n ALGECIRAS:\u00a013 noviembre\u00a0de 2008<\/td>\n<\/tr>\n<tr>\n<td style=\"width: 393.8px;\"><img loading=\"lazy\" decoding=\"async\" class=\"aligncenter size-full wp-image-743\" title=\"SelloPisqueli\" src=\"http:\/\/www.grupo-algeciras.com\/wpress\/wp-content\/uploads\/Filatelia\/Sellos Personalizados\/SelloPisqueli.jpg\" alt=\"\" width=\"366\" height=\"278\" \/><\/td>\n<td style=\"width: 373.2px;\">&nbsp;<\/p>\n<p>&nbsp;<\/p>\n<p>T\u00edtulo:\u00a0\u00abColeccionismo\u00bb Pintura de Pisqueli<\/p>\n<p>Sello n\u00ba\u00a031 de ALGECIRAS<\/p>\n<p>Tirada:\u00a0250 ejemplares<\/p>\n<p>Solicitud:\u00a06 diciembre\u00a0de 2008<\/p>\n<p>Aprobaci\u00f3n:\u00a09 diciembre\u00a0de\u00a02008<\/p>\n<p>Primer d\u00eda de circulaci\u00f3n ALGECIRAS:\u00a011 diciembre\u00a0de 2008<\/td>\n<\/tr>\n<tr>\n<td style=\"width: 393.8px;\"><img loading=\"lazy\" decoding=\"async\" class=\"aligncenter size-full wp-image-801\" title=\"sello_amargura\" src=\"http:\/\/www.grupo-algeciras.com\/wpress\/wp-content\/uploads\/Filatelia\/Sellos Personalizados\/sello_amargura.jpg\" alt=\"\" width=\"278\" height=\"366\" \/><\/td>\n<td style=\"width: 373.2px;\">&nbsp;<\/p>\n<p>&nbsp;<\/p>\n<p>&nbsp;<\/p>\n<p>&nbsp;<\/p>\n<p>T\u00edtulo:\u00a0\u00abMar\u00eda Sant\u00edsima de la Amargura\u00bb<\/p>\n<p>Sello n\u00ba\u00a032 de ALGECIRAS<\/p>\n<p>Tirada:\u00a0350 ejemplares<\/p>\n<p>Solicitud:\u00a025\u00a0marzo\u00a0de 2009<\/p>\n<p>Aprobaci\u00f3n:\u00a026\u00a0marzo\u00a0de\u00a02009<\/p>\n<p>Primer d\u00eda de circulaci\u00f3n ALGECIRAS: 28 marzo de 2009<\/td>\n<\/tr>\n<tr>\n<td style=\"width: 393.8px;\"><img loading=\"lazy\" decoding=\"async\" class=\"aligncenter size-full wp-image-802\" title=\"Sellodibujo\" src=\"http:\/\/www.grupo-algeciras.com\/wpress\/wp-content\/uploads\/Filatelia\/Sellos Personalizados\/Sellodibujo.jpg\" alt=\"\" width=\"366\" height=\"278\" \/><\/td>\n<td style=\"width: 373.2px;\">&nbsp;<\/p>\n<p>&nbsp;<\/p>\n<p>T\u00edtulo:\u00a0\u00abMonumento a la Madre\u00bb<\/p>\n<p>Sello n\u00ba\u00a033 de ALGECIRAS<\/p>\n<p>Tirada:\u00a0225 ejemplares<\/p>\n<p>Solicitud:\u00a06\u00a0abril\u00a0de 2009<\/p>\n<p>Aprobaci\u00f3n:\u00a06\u00a0abril de\u00a02009<\/p>\n<p>Primer d\u00eda de circulaci\u00f3n ALGECIRAS:\u00a014 abril de\u00a02009<\/td>\n<\/tr>\n<tr>\n<td style=\"width: 393.8px;\"><img loading=\"lazy\" decoding=\"async\" class=\"aligncenter size-full wp-image-780\" title=\"Sello_turismo\" src=\"http:\/\/www.grupo-algeciras.com\/wpress\/wp-content\/uploads\/Filatelia\/Sellos Personalizados\/Sello_turismo.jpg\" alt=\"\" width=\"278\" height=\"366\" \/><\/td>\n<td style=\"width: 373.2px;\">&nbsp;<\/p>\n<p>&nbsp;<\/p>\n<p>&nbsp;<\/p>\n<p>&nbsp;<\/p>\n<p>T\u00edtulo:\u00a0\u00abEncuentro de Coleccionistas\u00bb<\/p>\n<p>Sello n\u00ba\u00a034 de ALGECIRAS<\/p>\n<p>Tirada:\u00a0250 ejemplares<\/p>\n<p>Solicitud:\u00a029\u00a0abril\u00a0de 2009<\/p>\n<p>Aprobaci\u00f3n:\u00a030\u00a0abril de\u00a02009<\/p>\n<p>Primer d\u00eda de circulaci\u00f3n ALGECIRAS: 5 mayo\u00a0de\u00a02009<\/td>\n<\/tr>\n<tr>\n<td style=\"width: 393.8px;\"><img loading=\"lazy\" decoding=\"async\" class=\"aligncenter size-full wp-image-747\" title=\"SelloSER\" src=\"http:\/\/www.grupo-algeciras.com\/wpress\/wp-content\/uploads\/Filatelia\/Sellos Personalizados\/SelloSER.jpg\" alt=\"\" width=\"278\" height=\"366\" \/><\/td>\n<td style=\"width: 373.2px;\">&nbsp;<\/p>\n<p>&nbsp;<\/p>\n<p>&nbsp;<\/p>\n<p>&nbsp;<\/p>\n<p>T\u00edtulo:\u00a0\u00ab75 aniversario Radio Algeciras Cadena SER\u00bb<\/p>\n<p>Sello n\u00ba\u00a035 de ALGECIRAS<\/p>\n<p>Tirada:\u00a0250 ejemplares<\/p>\n<p>Solicitud:\u00a04 junio de 2009<\/p>\n<p>Aprobaci\u00f3n: 5 junio de 2009<\/p>\n<p>Primer d\u00eda de circulaci\u00f3n ALGECIRAS: 9 junio de 2009<\/td>\n<\/tr>\n<tr>\n<td style=\"width: 393.8px;\"><img loading=\"lazy\" decoding=\"async\" class=\"aligncenter size-full wp-image-729\" title=\"SELLOFARMACIA\" src=\"http:\/\/www.grupo-algeciras.com\/wpress\/wp-content\/uploads\/Filatelia\/Sellos Personalizados\/SELLOFARMACIA.jpg\" alt=\"\" width=\"366\" height=\"278\" \/><\/td>\n<td style=\"width: 373.2px;\">&nbsp;<\/p>\n<p>&nbsp;<\/p>\n<p>T\u00edtulo:\u00a0\u00abFarmacia Lda. Rosa Almagro, 1.843\u00bb<\/p>\n<p>Sello n\u00ba\u00a036 de ALGECIRAS<\/p>\n<p>Tirada:\u00a0250 ejemplares<\/p>\n<p>Solicitud:\u00a014 octubre\u00a0de 2009<\/p>\n<p>Aprobaci\u00f3n:\u00a014 octubre de 2009<\/p>\n<p>Primer d\u00eda de circulaci\u00f3n ALGECIRAS: 19 octubre de 2009<\/td>\n<\/tr>\n<tr>\n<td style=\"width: 393.8px;\"><img loading=\"lazy\" decoding=\"async\" class=\"aligncenter size-full wp-image-713\" title=\"SelloAlfonsoXIII\" src=\"http:\/\/www.grupo-algeciras.com\/wpress\/wp-content\/uploads\/Filatelia\/Sellos Personalizados\/SelloAlfonsoXIII.jpg\" alt=\"\" width=\"278\" height=\"366\" \/><\/td>\n<td style=\"width: 373.2px;\">&nbsp;<\/p>\n<p>&nbsp;<\/p>\n<p>&nbsp;<\/p>\n<p>&nbsp;<\/p>\n<p>T\u00edtulo:\u00a0\u00abCentenario de la visita de Alfonso XIII a ALGECIRAS\u00bb<\/p>\n<p>Sello n\u00ba\u00a037 de ALGECIRAS<\/p>\n<p>Tirada:\u00a0225 ejemplares<\/p>\n<p>Solicitud:\u00a011\u00a0noviembre\u00a0de 2009<\/p>\n<p>Aprobaci\u00f3n:\u00a011 noviembre\u00a0de 2009<\/p>\n<p>Primer d\u00eda de circulaci\u00f3n ALGECIRAS:\u00a016\u00a0noviembre de 2009<\/td>\n<\/tr>\n<tr>\n<td style=\"width: 393.8px;\"><img loading=\"lazy\" decoding=\"async\" class=\"aligncenter size-full wp-image-731\" title=\"Sellogolf\" src=\"http:\/\/www.grupo-algeciras.com\/wpress\/wp-content\/uploads\/Filatelia\/Sellos Personalizados\/Sellogolf.jpg\" alt=\"\" width=\"366\" height=\"278\" \/><\/td>\n<td style=\"width: 373.2px;\">&nbsp;<\/p>\n<p>&nbsp;<\/p>\n<p>T\u00edtulo:\u00a0\u00abPrimer campo de golf de Espa\u00f1a peninsular, 1904. -Hotel Reina Cristina-\u00a0ALGECIRAS\u00bb<\/p>\n<p>Sello n\u00ba\u00a038 de ALGECIRAS<\/p>\n<p>Tirada:\u00a0200 ejemplares<\/p>\n<p>Solicitud:\u00a022\u00a0marzo\u00a0de 2010<\/p>\n<p>Aprobaci\u00f3n:\u00a024 marzo de 2010<\/p>\n<p>Primer d\u00eda de circulaci\u00f3n ALGECIRAS:\u00a030 marzo de 2010<\/td>\n<\/tr>\n<tr>\n<td style=\"width: 393.8px;\"><img loading=\"lazy\" decoding=\"async\" class=\"aligncenter size-full wp-image-748\" title=\"Selloverde\" src=\"http:\/\/www.grupo-algeciras.com\/wpress\/wp-content\/uploads\/Filatelia\/Sellos Personalizados\/Selloverde.jpg\" alt=\"\" width=\"278\" height=\"366\" \/><\/td>\n<td style=\"width: 373.2px;\">&nbsp;<\/p>\n<p>&nbsp;<\/p>\n<p>&nbsp;<\/p>\n<p>&nbsp;<\/p>\n<p>T\u00edtulo:\u00a0\u00abALGECIRAS Verde\u00bb<\/p>\n<p>Sello n\u00ba\u00a039 de ALGECIRAS<\/p>\n<p>Tirada:\u00a0250 ejemplares<\/p>\n<p>Solicitud:\u00a014 abril de 2010<\/p>\n<p>Aprobaci\u00f3n:\u00a015 abril de 2010<\/p>\n<p>Primer d\u00eda de circulaci\u00f3n ALGECIRAS: 22 abril\u00a0de 2010 (Patrocinado por la Fundaci\u00f3n Municipal de Turismo de Algeciras)<\/td>\n<\/tr>\n<tr>\n<td style=\"width: 393.8px;\"><a href=\"http:\/\/www.grupo-algeciras.com\/wpress\/wp-content\/uploads\/Filatelia\/Sellos Personalizados\/Selloazul.jpg\"><img loading=\"lazy\" decoding=\"async\" class=\"aligncenter size-full wp-image-718\" title=\"Selloazul\" src=\"http:\/\/www.grupo-algeciras.com\/wpress\/wp-content\/uploads\/Filatelia\/Sellos Personalizados\/Selloazul.jpg\" alt=\"\" width=\"278\" height=\"366\" \/><\/a><\/td>\n<td style=\"width: 373.2px;\">&nbsp;<\/p>\n<p>&nbsp;<\/p>\n<p>&nbsp;<\/p>\n<p>&nbsp;<\/p>\n<p>T\u00edtulo:\u00a0\u00abALGECIRAS Azul\u00bb<\/p>\n<p>Sello n\u00ba\u00a040 de ALGECIRAS<\/p>\n<p>Tirada:\u00a0250 ejemplares<\/p>\n<p>Solicitud:\u00a014\u00a0abril de 2010<\/p>\n<p>Aprobaci\u00f3n:\u00a015\u00a0abril de 2010<\/p>\n<p>Primer d\u00eda de circulaci\u00f3n ALGECIRAS:\u00a022 abril de 2010 (Patrocinado por la Fundaci\u00f3n Municipal de Turismo de Algeciras)<\/td>\n<\/tr>\n<tr>\n<td style=\"width: 393.8px;\"><a href=\"http:\/\/www.grupo-algeciras.com\/wpress\/wp-content\/uploads\/Filatelia\/Sellos Personalizados\/SellojornadasTaurinas.jpg\"><img loading=\"lazy\" decoding=\"async\" class=\"aligncenter size-full wp-image-734\" title=\"SellojornadasTaurinas\" src=\"http:\/\/www.grupo-algeciras.com\/wpress\/wp-content\/uploads\/Filatelia\/Sellos Personalizados\/SellojornadasTaurinas.jpg\" alt=\"\" width=\"278\" height=\"366\" \/><\/a><\/td>\n<td style=\"width: 373.2px;\">&nbsp;<\/p>\n<p>&nbsp;<\/p>\n<p>&nbsp;<\/p>\n<p>&nbsp;<\/p>\n<p>T\u00edtulo:\u00a0\u00ab25 A\u00f1os Jornadas Taurinas, ALGECIRAS\u00bb<\/p>\n<p>Sello n\u00ba\u00a041 de ALGECIRAS<\/p>\n<p>Tirada:\u00a0325 ejemplares<\/p>\n<p>Solicitud:\u00a020\u00a0mayo de 2010<\/p>\n<p>Aprobaci\u00f3n:\u00a020\u00a0mayo de 2010<\/p>\n<p>Primer d\u00eda de circulaci\u00f3n ALGECIRAS:\u00a031\u00a0mayo de 2010 (Patrocinado por la\u00a0Delegaci\u00f3n de Feria y Fiestas del Excmo. Ayuntamiento de Algeciras)<\/td>\n<\/tr>\n<tr>\n<td style=\"width: 393.8px;\"><img loading=\"lazy\" decoding=\"async\" class=\"aligncenter size-full wp-image-735\" title=\"SellomedallaFESOFI\" src=\"http:\/\/www.grupo-algeciras.com\/wpress\/wp-content\/uploads\/Filatelia\/Sellos Personalizados\/SellomedallaFESOFI.jpg\" alt=\"\" width=\"366\" height=\"278\" \/><\/td>\n<td style=\"width: 373.2px;\">&nbsp;<\/p>\n<p>&nbsp;<\/p>\n<p>T\u00edtulo:\u00a0\u00abMedalla colectiva de FESOFI 2010\u00bb<\/p>\n<p>Sello n\u00ba\u00a042 de ALGECIRAS<\/p>\n<p>Tirada:\u00a0250 ejemplares<\/p>\n<p>Solicitud:\u00a05\u00a0septiembre de 2010<\/p>\n<p>Aprobaci\u00f3n:\u00a06\u00a0septiembre de 2010<\/p>\n<p>Primer d\u00eda de circulaci\u00f3n ALGECIRAS:\u00a017 septiembre de 2010<\/td>\n<\/tr>\n<tr>\n<td style=\"width: 393.8px;\"><img loading=\"lazy\" decoding=\"async\" class=\"aligncenter size-full wp-image-716\" title=\"Selloanglo\" src=\"http:\/\/www.grupo-algeciras.com\/wpress\/wp-content\/uploads\/Filatelia\/Sellos Personalizados\/Selloanglo.jpg\" alt=\"\" width=\"366\" height=\"278\" \/><\/td>\n<td style=\"width: 373.2px;\">&nbsp;<\/p>\n<p>&nbsp;<\/p>\n<p>T\u00edtulo:\u00a0\u00abAntiguo Hotel Anglo-Hispano\u00bb<\/p>\n<p>Sello n\u00ba\u00a043 de ALGECIRAS<\/p>\n<p>Tirada:\u00a0200 ejemplares<\/p>\n<p>Solicitud:\u00a01\u00a0diciembre de 2010<\/p>\n<p>Aprobaci\u00f3n:\u00a02 diciembre de 2010<\/p>\n<p>Primer d\u00eda de circulaci\u00f3n ALGECIRAS: 13 diciembre de 2010<\/td>\n<\/tr>\n<tr>\n<td style=\"width: 393.8px;\"><img loading=\"lazy\" decoding=\"async\" class=\"aligncenter size-full wp-image-723\" title=\"SelloChons\" src=\"http:\/\/www.grupo-algeciras.com\/wpress\/wp-content\/uploads\/Filatelia\/Sellos Personalizados\/SelloChons.jpg\" alt=\"\" width=\"278\" height=\"366\" \/><\/td>\n<td style=\"width: 373.2px;\">&nbsp;<\/p>\n<p>&nbsp;<\/p>\n<p>&nbsp;<\/p>\n<p>&nbsp;<\/p>\n<p>T\u00edtulo:\u00a0\u00abEtiqueta Vino Chons\u00bb<\/p>\n<p>Sello n\u00ba\u00a044 de ALGECIRAS<\/p>\n<p>Tirada:\u00a0275 ejemplares<\/p>\n<p>Solicitud:\u00a030 marzo de 2011<\/p>\n<p>Aprobaci\u00f3n:\u00a031 marzo de 2011<\/p>\n<p>Primer d\u00eda de circulaci\u00f3n ALGECIRAS:\u00a04 abril de 2011<\/td>\n<\/tr>\n<tr>\n<td style=\"width: 393.8px;\"><img loading=\"lazy\" decoding=\"async\" class=\"aligncenter size-full wp-image-702\" title=\"FFCC_SELLO\" src=\"http:\/\/www.grupo-algeciras.com\/wpress\/wp-content\/uploads\/Filatelia\/Sellos Personalizados\/FFCC_SELLO.jpg\" alt=\"\" width=\"366\" height=\"278\" \/><\/td>\n<td style=\"width: 373.2px;\">&nbsp;<\/p>\n<p>&nbsp;<\/p>\n<p>T\u00edtulo:\u00a0\u00abAntigua Estaci\u00f3n Ferrocarril Algeciras\u00bb<\/p>\n<p>Sello n\u00ba\u00a045 de ALGECIRAS<\/p>\n<p>Tirada:\u00a0200 ejemplares<\/p>\n<p>Solicitud:\u00a023 abril\u00a0de 2011<\/p>\n<p>Aprobaci\u00f3n:\u00a025 abril de 2011<\/p>\n<p>Primer d\u00eda de circulaci\u00f3n ALGECIRAS:\u00a028 abril de 2011<\/td>\n<\/tr>\n<tr>\n<td style=\"width: 393.8px;\"><img loading=\"lazy\" decoding=\"async\" class=\"aligncenter size-full wp-image-733\" title=\"SelloJimena\" src=\"http:\/\/www.grupo-algeciras.com\/wpress\/wp-content\/uploads\/Filatelia\/Sellos Personalizados\/SelloJimena.jpg\" alt=\"\" width=\"366\" height=\"278\" \/><\/td>\n<td style=\"width: 373.2px;\">&nbsp;<\/p>\n<p>&nbsp;<\/p>\n<p>T\u00edtulo:\u00a0\u00abLocomotora Jimena\u00bb<\/p>\n<p>Sello n\u00ba\u00a046 de ALGECIRAS<\/p>\n<p>Tirada:\u00a0225 ejemplares<\/p>\n<p>Solicitud:\u00a026\u00a0mayo\u00a0de 2011<\/p>\n<p>Aprobaci\u00f3n:\u00a027\u00a0mayo de 2011<\/p>\n<p>Primer d\u00eda de circulaci\u00f3n ALGECIRAS:\u00a01 junio\u00a0de 2011<\/td>\n<\/tr>\n<tr>\n<td style=\"width: 393.8px;\"><img loading=\"lazy\" decoding=\"async\" class=\"aligncenter size-full wp-image-741\" title=\"SelloMURALEscuelaArte\" src=\"http:\/\/www.grupo-algeciras.com\/wpress\/wp-content\/uploads\/Filatelia\/Sellos Personalizados\/SelloMURALEscuelaArte.jpg\" alt=\"\" width=\"366\" height=\"278\" \/><\/td>\n<td style=\"width: 373.2px;\">&nbsp;<\/p>\n<p>&nbsp;<\/p>\n<p>T\u00edtulo: \u00abMural, Escuela de Arte de ALGECIRAS\u00bb<\/p>\n<p>Sello n\u00ba 47 de ALGECIRAS<\/p>\n<p>Tirada: 200 ejemplares<\/p>\n<p>Solicitud:\u00a014\u00a0septiembre de 2011<\/p>\n<p>Aprobaci\u00f3n:\u00a015\u00a0septiembre de 2011<\/p>\n<p>Primer d\u00eda de circulaci\u00f3n ALGECIRAS:\u00a021 septiembre de 2011<\/td>\n<\/tr>\n<tr>\n<td style=\"width: 393.8px;\"><img loading=\"lazy\" decoding=\"async\" class=\"aligncenter size-full wp-image-722\" title=\"Sellocarta1851\" src=\"http:\/\/www.grupo-algeciras.com\/wpress\/wp-content\/uploads\/Filatelia\/Sellos Personalizados\/Sellocarta1851.jpg\" alt=\"\" width=\"366\" height=\"278\" \/><\/td>\n<td style=\"width: 373.2px;\">&nbsp;<\/p>\n<p>&nbsp;<\/p>\n<p>T\u00edtulo: \u00abALGECIRAS, Carta con pareja SEIS cuartos 1851\u00bb<\/p>\n<p>Sello n\u00ba 48 de ALGECIRAS<\/p>\n<p>Tirada: 200 ejemplares<\/p>\n<p>Solicitud: 13 noviembre de 2011<\/p>\n<p>Aprobaci\u00f3n:\u00a014 noviembre de 2011<\/p>\n<p>Primer d\u00eda de circulaci\u00f3n ALGECIRAS: 17 noviembre de 2011<\/td>\n<\/tr>\n<tr>\n<td style=\"width: 393.8px;\"><img loading=\"lazy\" decoding=\"async\" class=\"aligncenter size-full wp-image-746\" title=\"SelloSalesianos\" src=\"http:\/\/www.grupo-algeciras.com\/wpress\/wp-content\/uploads\/Filatelia\/Sellos Personalizados\/SelloSalesianos.jpg\" alt=\"\" width=\"366\" height=\"278\" \/><\/td>\n<td style=\"width: 373.2px;\">&nbsp;<\/p>\n<p>&nbsp;<\/p>\n<p>T\u00edtulo: \u00abCincuentenario Edificio Salesianos, ALGECIRAS\u00bb<\/p>\n<p>Sello n\u00ba 49 de ALGECIRAS<\/p>\n<p>Tirada: 200 ejemplares<\/p>\n<p>Solicitud: 11 diciembre de 2011<\/p>\n<p>Aprobaci\u00f3n:\u00a012 diciembre de 2011<\/p>\n<p>Primer d\u00eda de circulaci\u00f3n ALGECIRAS:\u00a014 diciembre de 2011<\/td>\n<\/tr>\n<tr>\n<td style=\"width: 393.8px;\"><img loading=\"lazy\" decoding=\"async\" class=\"aligncenter size-full wp-image-715\" title=\"SelloAMARGURA1\" src=\"http:\/\/www.grupo-algeciras.com\/wpress\/wp-content\/uploads\/Filatelia\/Sellos Personalizados\/SelloAMARGURA1.jpg\" alt=\"\" width=\"278\" height=\"366\" \/><\/td>\n<td style=\"width: 373.2px;\">&nbsp;<\/p>\n<p>&nbsp;<\/p>\n<p>&nbsp;<\/p>\n<p>&nbsp;<\/p>\n<p>T\u00edtulo: \u00ab25 aniv\u00ba -Amargura- ALGECIRAS\u00bb<\/p>\n<p>Sello n\u00ba\u00a050 de ALGECIRAS<\/p>\n<p>Tirada:\u00a0300 ejemplares<\/p>\n<p>Solicitud:\u00a013\u00a0febrero de 2012<\/p>\n<p>Aprobaci\u00f3n: 14 febrero de 2012<\/p>\n<p>Primer d\u00eda de circulaci\u00f3n ALGECIRAS:\u00a09\u00a0marzo de 2012<\/td>\n<\/tr>\n<tr>\n<td style=\"width: 393.8px;\"><img loading=\"lazy\" decoding=\"async\" class=\"aligncenter size-full wp-image-714\" title=\"SelloAlgecirasCF\" src=\"http:\/\/www.grupo-algeciras.com\/wpress\/wp-content\/uploads\/Filatelia\/Sellos Personalizados\/SelloAlgecirasCF.jpg\" alt=\"\" width=\"366\" height=\"278\" \/><\/td>\n<td style=\"width: 373.2px;\">&nbsp;<\/p>\n<p>&nbsp;<\/p>\n<p>T\u00edtulo: \u00abCentenario ALGECIRAS CF\u00bb<\/p>\n<p>Sello n\u00ba 51 de ALGECIRAS<\/p>\n<p>Tirada: 500 ejemplares, m\u00e1s 75 de la segunda tirada con la variante de la \u00abA\u00bb<\/p>\n<p>Solicitud:\u00a017 marzo de 2012<\/p>\n<p>Aprobaci\u00f3n:\u00a021 marzo de 2012<\/p>\n<p>Primer d\u00eda de circulaci\u00f3n ALGECIRAS:\u00a08\u00a0abril de 2012<\/td>\n<\/tr>\n<tr>\n<td style=\"width: 393.8px;\"><img loading=\"lazy\" decoding=\"async\" class=\"aligncenter size-full wp-image-728\" title=\"Selloerizos\" src=\"http:\/\/www.grupo-algeciras.com\/wpress\/wp-content\/uploads\/Filatelia\/Sellos Personalizados\/Selloerizos.jpg\" alt=\"\" width=\"366\" height=\"278\" \/><\/td>\n<td style=\"width: 373.2px;\">&nbsp;<\/p>\n<p>&nbsp;<\/p>\n<p>T\u00edtulo: \u00abErizos de mar, Algeciras\u00bb<\/p>\n<p>Sello N\u00ba 52 de ALGECIRAS<\/p>\n<p>Tirada:\u00a0175 ejemplares<\/p>\n<p>Solicitud:\u00a029\u00a0abril de 2012<\/p>\n<p>Aprobaci\u00f3n:\u00a030 abril de 2012<\/p>\n<p>Primer d\u00eda de circulaci\u00f3n ALGECIRAS: 9 mayo de 2012<\/td>\n<\/tr>\n<tr>\n<td style=\"width: 393.8px;\"><img loading=\"lazy\" decoding=\"async\" class=\"aligncenter size-full wp-image-730\" title=\"SelloFirma\" src=\"http:\/\/www.grupo-algeciras.com\/wpress\/wp-content\/uploads\/Filatelia\/Sellos Personalizados\/SelloFirma.jpg\" alt=\"\" width=\"366\" height=\"278\" \/><\/td>\n<td style=\"width: 373.2px;\">&nbsp;<\/p>\n<p>&nbsp;<\/p>\n<p>T\u00edtulo: \u00abAlgeciras por la Constituci\u00f3n de 1812\u00bb<\/p>\n<p>Sello n\u00ba 53 de ALGECIRAS<\/p>\n<p>Tirada: 225 ejemplares<\/p>\n<p>Solicitud:\u00a010 septiembre\u00a0de 2012<\/p>\n<p>Aprobaci\u00f3n: 11 septiembre de 2012<\/p>\n<p>Primer d\u00eda de circulaci\u00f3n ALGECIRAS: 24 septiembre de 2012<\/td>\n<\/tr>\n<tr>\n<td style=\"width: 393.8px;\"><img loading=\"lazy\" decoding=\"async\" class=\"aligncenter size-full wp-image-720\" title=\"Sellocanon\" src=\"http:\/\/www.grupo-algeciras.com\/wpress\/wp-content\/uploads\/Filatelia\/Sellos Personalizados\/Sellocanon.jpg\" alt=\"\" width=\"366\" height=\"278\" \/><\/td>\n<td style=\"width: 373.2px;\">&nbsp;<\/p>\n<p>&nbsp;<\/p>\n<p>T\u00edtulo: \u00abCa\u00f1\u00f3n Isla Verde Algeciras\u00bb<\/p>\n<p>Sello n\u00ba 54 de ALGECIRAS<\/p>\n<p>Tirada: 175 ejemplares<\/p>\n<p>Solicitud:\u00a01 noviembre de 2012<\/p>\n<p>Aprobaci\u00f3n:\u00a02\u00a0noviembre de 2012<\/p>\n<p>Primer d\u00eda de circulaci\u00f3n ALGECIRAS:\u00a07\u00a0noviembre de 2012<\/td>\n<\/tr>\n<tr>\n<td style=\"width: 393.8px;\"><img loading=\"lazy\" decoding=\"async\" class=\"aligncenter size-full wp-image-732\" title=\"SelloHelmut\" src=\"http:\/\/www.grupo-algeciras.com\/wpress\/wp-content\/uploads\/Filatelia\/Sellos Personalizados\/SelloHelmut.jpg\" alt=\"\" width=\"366\" height=\"278\" \/><\/td>\n<td style=\"width: 373.2px;\">&nbsp;<\/p>\n<p>&nbsp;<\/p>\n<p>T\u00edtulo: \u00abMural urbano Algeciras, Helmut Siesser\u00bb<\/p>\n<p>Sello n\u00ba 55 de ALGECIRAS<\/p>\n<p>Tirada: 175 ejemplares<\/p>\n<p>Solicitud:\u00a029 noviembre de 2012<\/p>\n<p>Aprobaci\u00f3n:\u00a04 diciembre de 2012<\/p>\n<p>Primer d\u00eda de circulaci\u00f3n ALGECIRAS:\u00a07 diciembre de 2012<\/td>\n<\/tr>\n<tr>\n<td style=\"width: 393.8px;\"><img loading=\"lazy\" decoding=\"async\" class=\"aligncenter size-full wp-image-719\" title=\"sellobertuchi\" src=\"http:\/\/www.grupo-algeciras.com\/wpress\/wp-content\/uploads\/Filatelia\/Sellos Personalizados\/sellobertuchi.jpg\" alt=\"\" width=\"366\" height=\"278\" \/><\/td>\n<td style=\"width: 373.2px;\">&nbsp;<\/p>\n<p>&nbsp;<\/p>\n<p>Titulo: Preparando las redes \u00abPlaya El Rinconcillo\u00bb -M. Bertuchi-<\/p>\n<p>Sello n\u00ba 56 de ALGECIRAS<\/p>\n<p>Tirada:\u00a0175 ejemplares<\/p>\n<p>Solicitud:\u00a01\u00a0abril de 2013<\/p>\n<p>Aprobaci\u00f3n:\u00a02 abril de\u00a02013<\/p>\n<p>Primer d\u00eda de circulaci\u00f3n ALGECIRAS: 15 abril de 2013<\/td>\n<\/tr>\n<tr>\n<td style=\"width: 393.8px;\"><img loading=\"lazy\" decoding=\"async\" class=\"size-full wp-image-890 aligncenter\" title=\"SelloCapillaEuropa\" src=\"http:\/\/www.grupo-algeciras.com\/wpress\/wp-content\/uploads\/Filatelia\/Sellos Personalizados\/SelloCapillaEuropa.jpg\" alt=\"\" width=\"278\" height=\"366\" srcset=\"http:\/\/www.grupo-algeciras.com\/wpress\/wp-content\/uploads\/Filatelia\/Sellos%20Personalizados\/SelloCapillaEuropa.jpg 278w, http:\/\/www.grupo-algeciras.com\/wpress\/wp-content\/uploads\/Filatelia\/Sellos%20Personalizados\/SelloCapillaEuropa-227x300.jpg 227w\" sizes=\"auto, (max-width: 278px) 100vw, 278px\" \/><\/td>\n<td style=\"width: 373.2px;\">&nbsp;<\/p>\n<p>&nbsp;<\/p>\n<p>&nbsp;<\/p>\n<p>&nbsp;<\/p>\n<p>Titulo:\u00a0XXV aniv\u00ba restauraci\u00f3n Capilla Ntra. Sra. de Europa<\/p>\n<p>Sello n\u00ba 57 de ALGECIRAS<\/p>\n<p>Tirada:\u00a0375 ejemplares<\/p>\n<p>Solicitud:\u00a08\u00a0mayo de 2013<\/p>\n<p>Aprobaci\u00f3n:\u00a08\u00a0mayo de\u00a02013<\/p>\n<p>Primer d\u00eda de circulaci\u00f3n ALGECIRAS: 10\u00a0mayo de 2013<\/td>\n<\/tr>\n<tr>\n<td style=\"width: 393.8px;\"><img loading=\"lazy\" decoding=\"async\" class=\"size-full wp-image-1541 aligncenter\" title=\"SelloPalmaoriginal\" src=\"http:\/\/www.grupo-algeciras.com\/wpress\/wp-content\/uploads\/Filatelia\/Sellos Personalizados\/SelloPalmaoriginal.jpg\" alt=\"\" width=\"278\" height=\"366\" srcset=\"http:\/\/www.grupo-algeciras.com\/wpress\/wp-content\/uploads\/Filatelia\/Sellos%20Personalizados\/SelloPalmaoriginal.jpg 278w, http:\/\/www.grupo-algeciras.com\/wpress\/wp-content\/uploads\/Filatelia\/Sellos%20Personalizados\/SelloPalmaoriginal-227x300.jpg 227w\" sizes=\"auto, (max-width: 278px) 100vw, 278px\" \/><\/td>\n<td style=\"width: 373.2px;\">&nbsp;<\/p>\n<p>&nbsp;<\/p>\n<p>&nbsp;<\/p>\n<p>&nbsp;<\/p>\n<p>Titulo:\u00a090 aniv\u00ba Patrona Algeciras \u00abSanta Mar\u00eda de la Palma\u00bb<\/p>\n<p>Sello n\u00ba 58 de ALGECIRAS<\/p>\n<p>Tirada:\u00a0425 ejemplares<\/p>\n<p>Solicitud:\u00a021\u00a0mayo de 2013<\/p>\n<p>Aprobaci\u00f3n:\u00a022\u00a0mayo de\u00a02013<\/p>\n<p>Primer d\u00eda de circulaci\u00f3n ALGECIRAS: 25\u00a0mayo de 2013<\/td>\n<\/tr>\n<tr>\n<td style=\"width: 393.8px;\"><img loading=\"lazy\" decoding=\"async\" class=\"size-full wp-image-867 aligncenter\" title=\"Sellomonolito2\" src=\"http:\/\/www.grupo-algeciras.com\/wpress\/wp-content\/uploads\/Filatelia\/Sellos Personalizados\/Sellomonolito2.jpg\" alt=\"\" width=\"278\" height=\"366\" srcset=\"http:\/\/www.grupo-algeciras.com\/wpress\/wp-content\/uploads\/Filatelia\/Sellos%20Personalizados\/Sellomonolito2.jpg 278w, http:\/\/www.grupo-algeciras.com\/wpress\/wp-content\/uploads\/Filatelia\/Sellos%20Personalizados\/Sellomonolito2-227x300.jpg 227w\" sizes=\"auto, (max-width: 278px) 100vw, 278px\" \/><\/td>\n<td style=\"width: 373.2px;\">&nbsp;<\/p>\n<p>&nbsp;<\/p>\n<p>&nbsp;<\/p>\n<p>&nbsp;<\/p>\n<p>Titulo:\u00a0XXV Exposici\u00f3n Filat\u00e9lica \u00abAve Mar\u00eda\u00bb Ntra. Sra. de la Palma\u00a0-ALGECIRAS-<\/p>\n<p>Sello n\u00ba 59 de ALGECIRAS<\/p>\n<p>Tirada:\u00a0200 ejemplares<\/p>\n<p>Solicitud:\u00a04 octubre\u00a0de 2013<\/p>\n<p>Aprobaci\u00f3n:\u00a07 octubre de\u00a02013<\/p>\n<p>Primer d\u00eda de circulaci\u00f3n ALGECIRAS:12 noviembre de 2013<\/td>\n<\/tr>\n<tr>\n<td style=\"width: 393.8px;\"><img loading=\"lazy\" decoding=\"async\" class=\"alignnone size-full wp-image-1534\" title=\"Sellodonquijote2\" src=\"http:\/\/www.grupo-algeciras.com\/wpress\/wp-content\/uploads\/Filatelia\/Sellos Personalizados\/Sellodonquijote2.jpg\" alt=\"\" width=\"366\" height=\"278\" srcset=\"http:\/\/www.grupo-algeciras.com\/wpress\/wp-content\/uploads\/Filatelia\/Sellos%20Personalizados\/Sellodonquijote2.jpg 366w, http:\/\/www.grupo-algeciras.com\/wpress\/wp-content\/uploads\/Filatelia\/Sellos%20Personalizados\/Sellodonquijote2-300x227.jpg 300w\" sizes=\"auto, (max-width: 366px) 100vw, 366px\" \/><\/td>\n<td style=\"width: 373.2px;\">&nbsp;<\/p>\n<p>&nbsp;<\/p>\n<p>Titulo:\u00a0\u00abDon Quijote\u00bb Escuela de ARTE Algeciras<\/p>\n<p>Sello n\u00ba\u00a060 de ALGECIRAS<\/p>\n<p>Tirada:\u00a0200 ejemplares<\/p>\n<p>Solicitud:\u00a04\u00a0octubre de 2013<\/p>\n<p>Aprobaci\u00f3n: 7 octubre de 2013<\/p>\n<p>Primer d\u00eda de circulaci\u00f3n ALGECIRAS:12 noviembre de 2013<\/td>\n<\/tr>\n<tr>\n<td style=\"width: 393.8px;\"><img loading=\"lazy\" decoding=\"async\" class=\"size-full wp-image-1533 aligncenter\" title=\"SelloPacoLucia\" src=\"http:\/\/www.grupo-algeciras.com\/wpress\/wp-content\/uploads\/Filatelia\/Sellos Personalizados\/SelloPacoLucia.jpg\" alt=\"\" width=\"278\" height=\"366\" srcset=\"http:\/\/www.grupo-algeciras.com\/wpress\/wp-content\/uploads\/Filatelia\/Sellos%20Personalizados\/SelloPacoLucia.jpg 278w, http:\/\/www.grupo-algeciras.com\/wpress\/wp-content\/uploads\/Filatelia\/Sellos%20Personalizados\/SelloPacoLucia-227x300.jpg 227w\" sizes=\"auto, (max-width: 278px) 100vw, 278px\" \/><\/td>\n<td style=\"width: 373.2px;\">&nbsp;<\/p>\n<p>&nbsp;<\/p>\n<p>&nbsp;<\/p>\n<p>&nbsp;<\/p>\n<p>Titulo:\u00a0\u00abPaco de Luc\u00eda\u00bb<\/p>\n<p>Sello n\u00ba\u00a061 de ALGECIRAS<\/p>\n<p>Tirada:\u00a0200\u00a0ejemplares<\/p>\n<p>Solicitud:\u00a01\u00a0mayo de 2014<\/p>\n<p>Aprobaci\u00f3n:\u00a05\u00a0mayo de 2014<\/p>\n<p>Primer d\u00eda de circulaci\u00f3n ALGECIRAS:23 junio de 2014<\/td>\n<\/tr>\n<tr>\n<td style=\"width: 393.8px;\"><img loading=\"lazy\" decoding=\"async\" class=\"size-medium wp-image-1584 aligncenter\" src=\"http:\/\/www.grupo-algeciras.com\/wpress\/wp-content\/uploads\/selloenrique-227x300.jpg\" alt=\"selloenrique\" width=\"278\" height=\"367\" srcset=\"http:\/\/www.grupo-algeciras.com\/wpress\/wp-content\/uploads\/selloenrique-227x300.jpg 227w, http:\/\/www.grupo-algeciras.com\/wpress\/wp-content\/uploads\/selloenrique.jpg 278w\" sizes=\"auto, (max-width: 278px) 100vw, 278px\" \/><\/td>\n<td style=\"width: 373.2px;\">&nbsp;<\/p>\n<p>&nbsp;<\/p>\n<p>&nbsp;<\/p>\n<p>&nbsp;<\/p>\n<p>Titulo:\u00a0\u00abEdificio P\u00e9rez Ben\u00edtez\u00bb<\/p>\n<p>Sello n\u00ba\u00a062 de ALGECIRAS<\/p>\n<p>Tirada:\u00a0150 ejemplares<\/p>\n<p>Solicitud:\u00a022 octubre\u00a0de 2014<\/p>\n<p>Aprobaci\u00f3n:\u00a023 octubre\u00a0de 2014<\/p>\n<p>Primer d\u00eda de circulaci\u00f3n ALGECIRAS:3\u00a0noviembre de 2014<\/td>\n<\/tr>\n<tr>\n<td style=\"width: 393.8px;\"><img loading=\"lazy\" decoding=\"async\" class=\"size-full wp-image-927 aligncenter\" title=\"Sello_Escopetero\" src=\"http:\/\/www.grupo-algeciras.com\/wpress\/wp-content\/uploads\/Filatelia\/Sellos Personalizados\/Sello_Escopetero.jpg\" alt=\"\" width=\"278\" height=\"366\" srcset=\"http:\/\/www.grupo-algeciras.com\/wpress\/wp-content\/uploads\/Filatelia\/Sellos%20Personalizados\/Sello_Escopetero.jpg 278w, http:\/\/www.grupo-algeciras.com\/wpress\/wp-content\/uploads\/Filatelia\/Sellos%20Personalizados\/Sello_Escopetero-227x300.jpg 227w\" sizes=\"auto, (max-width: 278px) 100vw, 278px\" \/><\/td>\n<td style=\"width: 373.2px;\">&nbsp;<\/p>\n<p>&nbsp;<\/p>\n<p>&nbsp;<\/p>\n<p>&nbsp;<\/p>\n<p>Titulo:\u00a0\u00abEscopetero de Getares\u00bb<\/p>\n<p>Sello n\u00ba\u00a063 de ALGECIRAS<\/p>\n<p>Tirada:\u00a0150 ejemplares<\/p>\n<p>Solicitud:\u00a02 diciembre\u00a0de 2014<\/p>\n<p>Aprobaci\u00f3n:\u00a03 diciembre\u00a0de 2014<\/p>\n<p>Primer d\u00eda de circulaci\u00f3n ALGECIRAS: 15 diciembre de 2014<\/td>\n<\/tr>\n<tr>\n<td style=\"width: 393.8px;\"><img loading=\"lazy\" decoding=\"async\" class=\"alignnone wp-image-1592 size-full\" src=\"http:\/\/www.grupo-algeciras.com\/wpress\/wp-content\/uploads\/Filatelia\/Sellos Personalizados\/Sellonavidad2014.jpg\" alt=\"Sellonavidad2014\" width=\"366\" height=\"278\" srcset=\"http:\/\/www.grupo-algeciras.com\/wpress\/wp-content\/uploads\/Filatelia\/Sellos%20Personalizados\/Sellonavidad2014.jpg 366w, http:\/\/www.grupo-algeciras.com\/wpress\/wp-content\/uploads\/Filatelia\/Sellos%20Personalizados\/Sellonavidad2014-300x227.jpg 300w\" sizes=\"auto, (max-width: 366px) 100vw, 366px\" \/><\/td>\n<td style=\"width: 373.2px;\">&nbsp;<\/p>\n<p>&nbsp;<\/p>\n<p>Titulo:\u00a0\u00abNavidad Algeciras 2014\u00bb<\/p>\n<p>Sello n\u00ba\u00a064 de ALGECIRAS<\/p>\n<p>Tirada:\u00a0150 ejemplares<\/p>\n<p>Solicitud:\u00a018 diciembre\u00a0de 2014<\/p>\n<p>Aprobaci\u00f3n:\u00a019 diciembre\u00a0de 2014<\/p>\n<p>Primer d\u00eda de circulaci\u00f3n ALGECIRAS:\u00a030 diciembre de 2014<\/td>\n<\/tr>\n<tr>\n<td style=\"width: 393.8px;\"><img loading=\"lazy\" decoding=\"async\" class=\"wp-image-1602 size-full aligncenter\" title=\"Selloreloj\" src=\"http:\/\/www.grupo-algeciras.com\/wpress\/wp-content\/uploads\/Filatelia\/Sellos Personalizados\/Selloreloj.jpg\" alt=\"\" width=\"278\" height=\"366\" srcset=\"http:\/\/www.grupo-algeciras.com\/wpress\/wp-content\/uploads\/Filatelia\/Sellos%20Personalizados\/Selloreloj.jpg 278w, http:\/\/www.grupo-algeciras.com\/wpress\/wp-content\/uploads\/Filatelia\/Sellos%20Personalizados\/Selloreloj-227x300.jpg 227w\" sizes=\"auto, (max-width: 278px) 100vw, 278px\" \/><\/td>\n<td style=\"width: 373.2px;\">&nbsp;<\/p>\n<p>&nbsp;<\/p>\n<p>&nbsp;<\/p>\n<p>&nbsp;<\/p>\n<p>Titulo \u00abReloj monumental Ntra. Sra. de la Palma\u00bb<\/p>\n<p>Sello n\u00ba\u00a065 de ALGECIRAS<\/p>\n<p>Tirada:\u00a0150 ejemplares<\/p>\n<p>Solicitud:\u00a014\u00a0mayo\u00a0de 2015<\/p>\n<p>Aprobaci\u00f3n:\u00a015\u00a0mayo\u00a0de 2015<\/p>\n<p>Primer d\u00eda de circulaci\u00f3n ALGECIRAS:\u00a01 junio de 2015<\/td>\n<\/tr>\n<tr>\n<td style=\"width: 393.8px;\"><img loading=\"lazy\" decoding=\"async\" class=\"size-medium wp-image-1845 aligncenter\" src=\"http:\/\/www.grupo-algeciras.com\/wpress\/wp-content\/uploads\/Sellocochinita-300x228.jpg\" width=\"366\" height=\"278\" srcset=\"http:\/\/www.grupo-algeciras.com\/wpress\/wp-content\/uploads\/Sellocochinita-300x228.jpg 300w, http:\/\/www.grupo-algeciras.com\/wpress\/wp-content\/uploads\/Sellocochinita.jpg 366w\" sizes=\"auto, (max-width: 366px) 100vw, 366px\" \/><\/td>\n<td style=\"width: 373.2px;\">&nbsp;<\/p>\n<p>&nbsp;<\/p>\n<p>Titulo: Automotor \u00abLa Cochinita\u00bb<\/p>\n<p>Sello n\u00ba\u00a066 de ALGECIRAS<\/p>\n<p>Tirada:\u00a0150 ejemplares<\/p>\n<p>Solicitud:\u00a014\u00a0mayo\u00a0de 2015<\/p>\n<p>Aprobaci\u00f3n:\u00a015\u00a0mayo\u00a0de 2015<\/p>\n<p>Primer d\u00eda de circulaci\u00f3n ALGECIRAS:\u00a01 junio de 2015<\/td>\n<\/tr>\n<tr>\n<td style=\"width: 393.8px;\"><img loading=\"lazy\" decoding=\"async\" class=\"aligncenter wp-image-1630 size-medium\" src=\"http:\/\/www.grupo-algeciras.com\/wpress\/wp-content\/uploads\/Sello-Palma-227x300.jpg\" alt=\"Sello Palma\" width=\"277\" height=\"366\" srcset=\"http:\/\/www.grupo-algeciras.com\/wpress\/wp-content\/uploads\/Sello-Palma-227x300.jpg 227w, http:\/\/www.grupo-algeciras.com\/wpress\/wp-content\/uploads\/Sello-Palma.jpg 278w\" sizes=\"auto, (max-width: 277px) 100vw, 277px\" \/><\/td>\n<td style=\"width: 373.2px;\">&nbsp;<\/p>\n<p>&nbsp;<\/p>\n<p>&nbsp;<\/p>\n<p>&nbsp;<\/p>\n<p>Titulo: \u00abIglesia de la Palma\u00bb<\/p>\n<p>Sello n\u00ba\u00a067 de ALGECIRAS<\/p>\n<p>Tirada:\u00a0150 ejemplares<\/p>\n<p>Solicitud:\u00a027\u00a0septiembre de 2015<\/p>\n<p>Aprobaci\u00f3n:\u00a01\u00a0octubre\u00a0de 2015<\/p>\n<p>Primer d\u00eda de circulaci\u00f3n ALGECIRAS: 28 octubre de 2015.Coincidiendo con el primer d\u00eda del Matasellos Tur\u00edstico<\/td>\n<\/tr>\n<tr>\n<td style=\"width: 393.8px;\">\u00a0<img loading=\"lazy\" decoding=\"async\" class=\"wp-image-1666 size-medium aligncenter\" src=\"http:\/\/www.grupo-algeciras.com\/wpress\/wp-content\/uploads\/Filatelia\/Sellos Personalizados\/saladillo-300x227.jpg\" alt=\"saladillo\" width=\"365\" height=\"277\" srcset=\"http:\/\/www.grupo-algeciras.com\/wpress\/wp-content\/uploads\/Filatelia\/Sellos%20Personalizados\/saladillo-300x227.jpg 300w, http:\/\/www.grupo-algeciras.com\/wpress\/wp-content\/uploads\/Filatelia\/Sellos%20Personalizados\/saladillo.jpg 366w\" sizes=\"auto, (max-width: 365px) 100vw, 365px\" \/><\/td>\n<td style=\"width: 373.2px;\">&nbsp;<\/p>\n<p>&nbsp;<\/p>\n<p>Titulo: \u00abEl Saladillo\u00bb<\/p>\n<p>Sello n\u00ba\u00a068 de ALGECIRAS<\/p>\n<p>Tirada:\u00a0150 ejemplares<\/p>\n<p>Solicitud:\u00a06\u00a0noviembre de 2015<\/p>\n<p>Aprobaci\u00f3n:\u00a010\u00a0noviembre\u00a0de 2015<\/p>\n<p>Primer d\u00eda de circulaci\u00f3n ALGECIRAS:\u00a01 diciembre\u00a0de 2015.<\/td>\n<\/tr>\n<tr>\n<td style=\"width: 393.8px;\">\u00a0<img loading=\"lazy\" decoding=\"async\" class=\"aligncenter wp-image-1673\" src=\"http:\/\/www.grupo-algeciras.com\/wpress\/wp-content\/uploads\/Filatelia\/Sellos Personalizados\/SELLONazareno.jpg\" alt=\"SELLONazareno\" width=\"265\" height=\"366\" \/><\/td>\n<td style=\"width: 373.2px;\">&nbsp;<\/p>\n<p>&nbsp;<\/p>\n<p>&nbsp;<\/p>\n<p>&nbsp;<\/p>\n<p>Titulo: \u00abLXXY aniv\u00ba bendici\u00f3n Nazareno\u00bb<\/p>\n<p>Sello n\u00ba\u00a069 de ALGECIRAS<\/p>\n<p>Tirada:\u00a0250 ejemplares<\/p>\n<p>Solicitud:\u00a017 enero de 2016<\/p>\n<p>Aprobaci\u00f3n:\u00a018\u00a0enero\u00a0de 2016<\/p>\n<p>Primer d\u00eda de circulaci\u00f3n ALGECIRAS:\u00a027\u00a0febrero\u00a0de 2016.<\/td>\n<\/tr>\n<tr>\n<td style=\"width: 393.8px;\"><img loading=\"lazy\" decoding=\"async\" class=\"size-medium wp-image-1685 aligncenter\" src=\"http:\/\/www.grupo-algeciras.com\/wpress\/wp-content\/uploads\/sellocentrodocumental-300x218.jpg\" alt=\"sellocentrodocumental\" width=\"366\" height=\"266\" srcset=\"http:\/\/www.grupo-algeciras.com\/wpress\/wp-content\/uploads\/sellocentrodocumental-300x218.jpg 300w, http:\/\/www.grupo-algeciras.com\/wpress\/wp-content\/uploads\/sellocentrodocumental-680x494.jpg 680w, http:\/\/www.grupo-algeciras.com\/wpress\/wp-content\/uploads\/sellocentrodocumental-624x454.jpg 624w, http:\/\/www.grupo-algeciras.com\/wpress\/wp-content\/uploads\/sellocentrodocumental.jpg 804w\" sizes=\"auto, (max-width: 366px) 100vw, 366px\" \/><\/td>\n<td style=\"width: 373.2px;\">&nbsp;<\/p>\n<p>&nbsp;<\/p>\n<p>Titulo: \u00abCentro Documental Jos\u00e9 Luis Cano\u00bb<\/p>\n<p>Sello n\u00ba\u00a070 de ALGECIRAS<\/p>\n<p>Tirada:\u00a0150 ejemplares<\/p>\n<p>Solicitud:\u00a07 marzo de 2016<\/p>\n<p>Aprobaci\u00f3n:\u00a08\u00a0marzo\u00a0de 2016<\/p>\n<p>Primer d\u00eda de circulaci\u00f3n ALGECIRAS:\u00a01 abril\u00a0de 2016.<\/td>\n<\/tr>\n<tr>\n<td style=\"width: 393.8px;\"><img loading=\"lazy\" decoding=\"async\" class=\"alignnone size-full wp-image-1735 aligncenter\" src=\"http:\/\/www.grupo-algeciras.com\/wpress\/wp-content\/uploads\/personalizados\/Sellolorca.jpeg\" alt=\"sellolorca\" width=\"278\" height=\"366\" \/><\/td>\n<td style=\"width: 373.2px;\">&nbsp;<\/p>\n<p>&nbsp;<\/p>\n<p>&nbsp;<\/p>\n<p>&nbsp;<\/p>\n<p>Titulo: \u00abAlgeciras a Federico Garc\u00eda Lorca<\/p>\n<p>\u00abSello n\u00ba\u00a071 de ALGECIRAS<\/p>\n<p>Tirada:\u00a0150 ejemplares<\/p>\n<p>Solicitud: 27 julio de de 2016<\/p>\n<p>Aprobaci\u00f3n: 28 julio de 2016<\/p>\n<p>Primer d\u00eda de circulaci\u00f3n ALGECIRAS:\u00a01 septiembre de 2016.<\/td>\n<\/tr>\n<tr>\n<td style=\"width: 393.8px;\">\u00a0<img loading=\"lazy\" decoding=\"async\" class=\"alignnone size-full wp-image-1736 aligncenter\" src=\"http:\/\/www.grupo-algeciras.com\/wpress\/wp-content\/uploads\/personalizados\/Selloromeria.jpeg\" alt=\"selloromeria\" width=\"278\" height=\"366\" \/><\/td>\n<td style=\"width: 373.2px;\">&nbsp;<\/p>\n<p>&nbsp;<\/p>\n<p>&nbsp;<\/p>\n<p>&nbsp;<\/p>\n<p>Titulo: \u00abRomeria Ntra. Sa. de la Palma El Rinconcillo\u00bb<\/p>\n<p>Sello n\u00ba\u00a072 de ALGECIRAS<\/p>\n<p>Tirada: 150 ejemplares<\/p>\n<p>Solicitud: 27 julio de 2016<\/p>\n<p>Aprobaci\u00f3n: 28 julio de 2016<\/p>\n<p>Primer d\u00eda de circulaci\u00f3n ALGECIRAS: 1 septiembre de 2016<\/td>\n<\/tr>\n<tr>\n<td style=\"width: 393.8px;\"><img loading=\"lazy\" decoding=\"async\" class=\"alignnone size-medium wp-image-1799 aligncenter\" src=\"http:\/\/www.grupo-algeciras.com\/wpress\/wp-content\/uploads\/Ganador-300x214.jpg\" width=\"366\" height=\"261\" srcset=\"http:\/\/www.grupo-algeciras.com\/wpress\/wp-content\/uploads\/Ganador-300x214.jpg 300w, http:\/\/www.grupo-algeciras.com\/wpress\/wp-content\/uploads\/Ganador-768x549.jpg 768w, http:\/\/www.grupo-algeciras.com\/wpress\/wp-content\/uploads\/Ganador-680x486.jpg 680w, http:\/\/www.grupo-algeciras.com\/wpress\/wp-content\/uploads\/Ganador-624x446.jpg 624w, http:\/\/www.grupo-algeciras.com\/wpress\/wp-content\/uploads\/Ganador.jpg 1176w\" sizes=\"auto, (max-width: 366px) 100vw, 366px\" \/><\/td>\n<td style=\"width: 373.2px;\">&nbsp;<\/p>\n<p>&nbsp;<\/p>\n<p>Titulo: \u00abEscuela de Arte Algeciras\u00bb Primer premio<\/p>\n<p>Sello n\u00ba\u00a073 de ALGECIRAS<\/p>\n<p>Tirada: 200 ejemplares<\/p>\n<p>Solicitud: 25 abril de de 2017<\/p>\n<p>Aprobaci\u00f3n: 25 abril de 2017<\/p>\n<p>Primer d\u00eda de circulaci\u00f3n ALGECIRAS: 13 junio de 2017<\/td>\n<\/tr>\n<tr>\n<td style=\"width: 393.8px;\"><img loading=\"lazy\" decoding=\"async\" class=\"size-medium wp-image-1798 aligncenter\" src=\"http:\/\/www.grupo-algeciras.com\/wpress\/wp-content\/uploads\/accesit3-216x300.jpg\" width=\"264\" height=\"366\" srcset=\"http:\/\/www.grupo-algeciras.com\/wpress\/wp-content\/uploads\/accesit3-216x300.jpg 216w, http:\/\/www.grupo-algeciras.com\/wpress\/wp-content\/uploads\/accesit3.jpg 573w\" sizes=\"auto, (max-width: 264px) 100vw, 264px\" \/><\/td>\n<td style=\"width: 373.2px;\">&nbsp;<\/p>\n<p>&nbsp;<\/p>\n<p>&nbsp;<\/p>\n<p>&nbsp;<\/p>\n<p>Titulo: \u00abDon Quijote\u00bb Accesit concurso EA<\/p>\n<p>Sello n\u00ba\u00a074 de ALGECIRAS<\/p>\n<p>Tirada: 175 ejemplares<\/p>\n<p>Solicitud: 25 abril de de 2017<\/p>\n<p>Aprobaci\u00f3n: 25 abril de 2017<\/p>\n<p>Primer d\u00eda de circulaci\u00f3n ALGECIRAS: 13 junio\u00a0de 2017<\/td>\n<\/tr>\n<tr>\n<td style=\"width: 393.8px;\"><img loading=\"lazy\" decoding=\"async\" class=\"size-medium wp-image-1796 aligncenter\" src=\"http:\/\/www.grupo-algeciras.com\/wpress\/wp-content\/uploads\/accesit1-300x216.jpg\" width=\"366\" height=\"264\" srcset=\"http:\/\/www.grupo-algeciras.com\/wpress\/wp-content\/uploads\/accesit1-300x216.jpg 300w, http:\/\/www.grupo-algeciras.com\/wpress\/wp-content\/uploads\/accesit1-768x554.jpg 768w, http:\/\/www.grupo-algeciras.com\/wpress\/wp-content\/uploads\/accesit1-680x490.jpg 680w, http:\/\/www.grupo-algeciras.com\/wpress\/wp-content\/uploads\/accesit1-624x450.jpg 624w, http:\/\/www.grupo-algeciras.com\/wpress\/wp-content\/uploads\/accesit1.jpg 795w\" sizes=\"auto, (max-width: 366px) 100vw, 366px\" \/><\/td>\n<td style=\"width: 373.2px;\">&nbsp;<\/p>\n<p>&nbsp;<\/p>\n<p>Titulo: \u00abLa Pandereta\u00bb Accesit concurso EA<\/p>\n<p>Sello n\u00ba\u00a075 de ALGECIRAS<\/p>\n<p>Tirada: 150 ejemplares<\/p>\n<p>Solicitud: 25 abril de de 2017<\/p>\n<p>Aprobaci\u00f3n: 25 abril de 2017<\/p>\n<p>Primer d\u00eda de circulaci\u00f3n ALGECIRAS: 13 \u00a0junio de 2017<\/td>\n<\/tr>\n<tr>\n<td style=\"width: 393.8px;\"><img loading=\"lazy\" decoding=\"async\" class=\"size-medium wp-image-1797 aligncenter\" src=\"http:\/\/www.grupo-algeciras.com\/wpress\/wp-content\/uploads\/accesit2-218x300.jpg\" width=\"266\" height=\"366\" srcset=\"http:\/\/www.grupo-algeciras.com\/wpress\/wp-content\/uploads\/accesit2-218x300.jpg 218w, http:\/\/www.grupo-algeciras.com\/wpress\/wp-content\/uploads\/accesit2.jpg 576w\" sizes=\"auto, (max-width: 266px) 100vw, 266px\" \/><\/td>\n<td style=\"width: 373.2px;\">&nbsp;<\/p>\n<p>&nbsp;<\/p>\n<p>&nbsp;<\/p>\n<p>&nbsp;<\/p>\n<p>Titulo: \u00abPlaza Alta\u00bb Accesit concurso EA<\/p>\n<p>Sello n\u00ba\u00a076 de ALGECIRAS<\/p>\n<p>Tirada: 150 ejemplares<\/p>\n<p>Solicitud: 25 abril de de 2017<\/p>\n<p>Aprobaci\u00f3n: 25 abril de 2017<\/p>\n<p>Primer d\u00eda de circulaci\u00f3n ALGECIRAS: 13 junio de 2017<\/td>\n<\/tr>\n<tr>\n<td style=\"width: 393.8px; text-align: center;\"><img loading=\"lazy\" decoding=\"async\" class=\"alignnone size-medium wp-image-1910\" src=\"http:\/\/www.grupo-algeciras.com\/wpress\/wp-content\/uploads\/Blanca-de-los-Rios-3--217x300.jpg\" width=\"217\" height=\"300\" srcset=\"http:\/\/www.grupo-algeciras.com\/wpress\/wp-content\/uploads\/Blanca-de-los-Rios-3--217x300.jpg 217w, http:\/\/www.grupo-algeciras.com\/wpress\/wp-content\/uploads\/Blanca-de-los-Rios-3-.jpg 565w\" sizes=\"auto, (max-width: 217px) 100vw, 217px\" \/><\/td>\n<td style=\"width: 373.2px;\">&nbsp;<\/p>\n<p>Titulo: \u00abLogotipo Colegio Blanca de los Rios\u00bb<\/p>\n<p>Sello n\u00ba\u00a077 de ALGECIRAS<\/p>\n<p>Tirada: 125 \u00a0ejemplares de la Comisi\u00f3n de Juventud de FESOFI.\u00a0M\u00e1s 150 ejemplares editados por el Grupo Filatelico y N. de Algeciras.<\/p>\n<p>Solicitud: septiembre de de 2017<\/p>\n<p>Aprobaci\u00f3n: septiembre de 2017<\/p>\n<p>Primer d\u00eda de circulaci\u00f3n ALGECIRAS: 19 septiembre de 2017<\/p>\n<p>Primer d\u00eda circulaci\u00f3n segunda tirada: 2 mayo 2018<\/td>\n<\/tr>\n<tr>\n<td style=\"width: 393.8px; text-align: center;\">\u00a0<img loading=\"lazy\" decoding=\"async\" class=\"alignnone size-medium wp-image-1911\" src=\"http:\/\/www.grupo-algeciras.com\/wpress\/wp-content\/uploads\/Blanca-de-los-Rios-1--300x218.jpg\" alt=\"\" width=\"300\" height=\"218\" srcset=\"http:\/\/www.grupo-algeciras.com\/wpress\/wp-content\/uploads\/Blanca-de-los-Rios-1--300x218.jpg 300w, http:\/\/www.grupo-algeciras.com\/wpress\/wp-content\/uploads\/Blanca-de-los-Rios-1--768x559.jpg 768w, http:\/\/www.grupo-algeciras.com\/wpress\/wp-content\/uploads\/Blanca-de-los-Rios-1--680x495.jpg 680w, http:\/\/www.grupo-algeciras.com\/wpress\/wp-content\/uploads\/Blanca-de-los-Rios-1--624x454.jpg 624w, http:\/\/www.grupo-algeciras.com\/wpress\/wp-content\/uploads\/Blanca-de-los-Rios-1-.jpg 804w\" sizes=\"auto, (max-width: 300px) 100vw, 300px\" \/><\/td>\n<td style=\"width: 373.2px;\">Titulo: \u00abCEIP Blanca de los Rios\u00bb<\/p>\n<p>Sello n\u00ba\u00a078 de ALGECIRAS<\/p>\n<p>Tirada: 125 ejemplares\u00a0de la Comisi\u00f3n de Juventud de FESOFI.\u00a0M\u00e1s 150 ejemplares editados por el Grupo Filatelico y N. de Algeciras.<\/p>\n<p>Solicitud: septiembre de de 2017<\/p>\n<p>Aprobaci\u00f3n: septiembre de 2017<\/p>\n<p>Primer d\u00eda de circulaci\u00f3n ALGECIRAS: 19 septiembre de 2017<\/p>\n<p>Primer d\u00eda circulaci\u00f3n segunda tirada: 2 mayo 2018<\/td>\n<\/tr>\n<tr>\n<td style=\"width: 393.8px; text-align: center;\"><img loading=\"lazy\" decoding=\"async\" class=\"alignnone size-medium wp-image-1912\" src=\"http:\/\/www.grupo-algeciras.com\/wpress\/wp-content\/uploads\/Blanca-de-los-Rios-2--300x218.jpg\" alt=\"\" width=\"300\" height=\"218\" srcset=\"http:\/\/www.grupo-algeciras.com\/wpress\/wp-content\/uploads\/Blanca-de-los-Rios-2--300x218.jpg 300w, http:\/\/www.grupo-algeciras.com\/wpress\/wp-content\/uploads\/Blanca-de-los-Rios-2--768x559.jpg 768w, http:\/\/www.grupo-algeciras.com\/wpress\/wp-content\/uploads\/Blanca-de-los-Rios-2--680x495.jpg 680w, http:\/\/www.grupo-algeciras.com\/wpress\/wp-content\/uploads\/Blanca-de-los-Rios-2--624x454.jpg 624w, http:\/\/www.grupo-algeciras.com\/wpress\/wp-content\/uploads\/Blanca-de-los-Rios-2-.jpg 804w\" sizes=\"auto, (max-width: 300px) 100vw, 300px\" \/><\/td>\n<td style=\"width: 373.2px;\">Titulo: \u00abCEIP Blanca de los Rios\u00bb<\/p>\n<p>Sello n\u00ba\u00a079 de ALGECIRAS<\/p>\n<p>Tirada: 100 ejemplares\u00a0de la Comisi\u00f3n de Juventud de FESOFI. M\u00e1s 150 ejemplares editados por el Grupo Filatelico y N. de Algeciras.<\/p>\n<p>Solicitud: septiembre de de 2017<\/p>\n<p>Aprobaci\u00f3n: septiembre de 2017<\/p>\n<p>Primer d\u00eda de circulaci\u00f3n ALGECIRAS: 19 septiembre de 2017<\/p>\n<p>Primer d\u00eda circulaci\u00f3n segunda tirada: 2 mayo 2018<\/td>\n<\/tr>\n<tr>\n<td style=\"width: 393.8px; text-align: center;\"><img loading=\"lazy\" decoding=\"async\" class=\"alignnone size-medium wp-image-1913\" src=\"http:\/\/www.grupo-algeciras.com\/wpress\/wp-content\/uploads\/Blanca-de-los-Rios-4--217x300.jpg\" alt=\"\" width=\"217\" height=\"300\" srcset=\"http:\/\/www.grupo-algeciras.com\/wpress\/wp-content\/uploads\/Blanca-de-los-Rios-4--217x300.jpg 217w, http:\/\/www.grupo-algeciras.com\/wpress\/wp-content\/uploads\/Blanca-de-los-Rios-4-.jpg 565w\" sizes=\"auto, (max-width: 217px) 100vw, 217px\" \/><\/td>\n<td style=\"width: 373.2px;\">&nbsp;<\/p>\n<p>Titulo:\u00a0Dibujo ganador alumno-a \u00a0del Colegio Blanca de los Rios.<\/p>\n<p>Sello n\u00ba 80 de ALGECIRAS<\/p>\n<p>Tirada: 75 ejemplares\u00a0de la Comisi\u00f3n de Juventud de FESOFI. M\u00e1s 150 ejemplares editados por el Grupo Filatelico y N. de Algeciras.<\/p>\n<p>Solicitud: septiembre de de 2017<\/p>\n<p>Aprobaci\u00f3n: septiembre de 2017<\/p>\n<p>Primer d\u00eda de circulaci\u00f3n ALGECIRAS: 19 septiembre de 2017<\/p>\n<p>Primer d\u00eda circulaci\u00f3n segunda tirada: 2 mayo 2018<\/td>\n<\/tr>\n<tr>\n<td style=\"width: 393.8px; text-align: center;\">&nbsp;<\/p>\n<p><img loading=\"lazy\" decoding=\"async\" class=\"alignnone size-medium wp-image-2042\" src=\"http:\/\/www.grupo-algeciras.com\/wpress\/wp-content\/uploads\/Sin-t\u00edtulo-2-300x213.jpg\" width=\"300\" height=\"213\" srcset=\"http:\/\/www.grupo-algeciras.com\/wpress\/wp-content\/uploads\/Sin-t\u00edtulo-2-300x213.jpg 300w, http:\/\/www.grupo-algeciras.com\/wpress\/wp-content\/uploads\/Sin-t\u00edtulo-2-680x484.jpg 680w, http:\/\/www.grupo-algeciras.com\/wpress\/wp-content\/uploads\/Sin-t\u00edtulo-2-624x444.jpg 624w, http:\/\/www.grupo-algeciras.com\/wpress\/wp-content\/uploads\/Sin-t\u00edtulo-2.jpg 696w\" sizes=\"auto, (max-width: 300px) 100vw, 300px\" \/><\/td>\n<td style=\"width: 373.2px;\">&nbsp;<\/p>\n<p>Titulo: \u00ab75 aniversario Yacente\u00bb Algeciras<\/p>\n<p>Sello n\u00ba 81 de ALGECIRAS<\/p>\n<p>Tirada: 250 ejemplares<\/p>\n<p>Solicitud:\u00a0 8 febrero de 2019<\/p>\n<p>Aprobaci\u00f3n: 18 febrero de 2019<\/p>\n<p>Primer d\u00eda de circulaci\u00f3n ALGECIRAS:\u00a0 11 marzo de 2019<\/td>\n<\/tr>\n<tr>\n<td style=\"width: 393.8px; text-align: center;\"><img loading=\"lazy\" decoding=\"async\" class=\"alignnone size-medium wp-image-2120\" src=\"http:\/\/www.grupo-algeciras.com\/wpress\/wp-content\/uploads\/Sello-San-Anton-218x300.jpg\" width=\"218\" height=\"300\" srcset=\"http:\/\/www.grupo-algeciras.com\/wpress\/wp-content\/uploads\/Sello-San-Anton-218x300.jpg 218w, http:\/\/www.grupo-algeciras.com\/wpress\/wp-content\/uploads\/Sello-San-Anton.jpg 432w\" sizes=\"auto, (max-width: 218px) 100vw, 218px\" \/><\/td>\n<td style=\"width: 373.2px;\">&nbsp;<\/p>\n<p>Titulo: Capilla de San Ant\u00f3n<\/p>\n<p>Sello n\u00ba 82 de ALGECIRAS<\/p>\n<p>Tirada: 125 ejemplares<\/p>\n<p>Solicitud:\u00a0 5 mayo de 2019<\/p>\n<p>Aprobaci\u00f3n: 6 mayo de 2019<\/p>\n<p>Primer d\u00eda de circulaci\u00f3n ALGECIRAS:\u00a0 15 mayo de 2019<\/td>\n<\/tr>\n<tr>\n<td style=\"width: 393.8px;\">\u00a0<img loading=\"lazy\" decoding=\"async\" class=\"size-medium wp-image-2121 aligncenter\" style=\"margin-top: 0.857143rem; margin-bottom: 0.857143rem;\" src=\"http:\/\/www.grupo-algeciras.com\/wpress\/wp-content\/uploads\/Sello-P.-Andalucia-300x219.jpg\" width=\"300\" height=\"219\" srcset=\"http:\/\/www.grupo-algeciras.com\/wpress\/wp-content\/uploads\/Sello-P.-Andalucia-300x219.jpg 300w, http:\/\/www.grupo-algeciras.com\/wpress\/wp-content\/uploads\/Sello-P.-Andalucia-680x496.jpg 680w, http:\/\/www.grupo-algeciras.com\/wpress\/wp-content\/uploads\/Sello-P.-Andalucia-624x455.jpg 624w, http:\/\/www.grupo-algeciras.com\/wpress\/wp-content\/uploads\/Sello-P.-Andalucia.jpg 687w\" sizes=\"auto, (max-width: 300px) 100vw, 300px\" \/><\/td>\n<td style=\"width: 373.2px;\">&nbsp;<\/p>\n<p>&nbsp;<\/p>\n<p>Titulo: Plaza de andalucia. Algeciras<\/p>\n<p>Sello n\u00ba 83 de ALGECIRAS<\/p>\n<p>Tirada: 125 ejemplares<\/p>\n<p>Solicitud:\u00a0 5 mayo de 2019<\/p>\n<p>Aprobaci\u00f3n: 6 mayo de 2019<\/p>\n<p>Primer d\u00eda de circulaci\u00f3n ALGECIRAS:\u00a0 15 mayo de 2019<\/td>\n<\/tr>\n<tr>\n<td style=\"width: 393.8px;\">\u00a0<img loading=\"lazy\" decoding=\"async\" class=\"size-medium wp-image-2122 aligncenter\" style=\"margin-top: 0.857143rem; margin-bottom: 0.857143rem;\" src=\"http:\/\/www.grupo-algeciras.com\/wpress\/wp-content\/uploads\/Sello-Capilla-300x215.jpg\" alt=\"\" width=\"300\" height=\"215\" srcset=\"http:\/\/www.grupo-algeciras.com\/wpress\/wp-content\/uploads\/Sello-Capilla-300x215.jpg 300w, http:\/\/www.grupo-algeciras.com\/wpress\/wp-content\/uploads\/Sello-Capilla-680x488.jpg 680w, http:\/\/www.grupo-algeciras.com\/wpress\/wp-content\/uploads\/Sello-Capilla-624x448.jpg 624w, http:\/\/www.grupo-algeciras.com\/wpress\/wp-content\/uploads\/Sello-Capilla.jpg 690w\" sizes=\"auto, (max-width: 300px) 100vw, 300px\" \/><\/td>\n<td style=\"width: 373.2px;\">&nbsp;<\/p>\n<p>&nbsp;<\/p>\n<p>Titulo: 250 a\u00f1os de la reconstrucci\u00f3n de la Capilla de Ntra. Sra. de Europa, 1769-2019. Algeciras<\/p>\n<p>Sello n\u00ba 84 de ALGECIRAS<\/p>\n<p>Tirada: 125 ejemplares<\/p>\n<p>Solicitud:\u00a0 5 mayo de 2019<\/p>\n<p>Aprobaci\u00f3n: 6 mayo de 2019<\/p>\n<p>Primer d\u00eda de circulaci\u00f3n ALGECIRAS:\u00a0 15 mayo de 2019<\/td>\n<\/tr>\n<\/tbody>\n<\/table>\n<p>&nbsp;<\/p>\n<p>&nbsp;<\/p>\n","protected":false},"excerpt":{"rendered":"<p>&nbsp; &nbsp; Titulo: \u00abLas Pantallas\u00bbPrimer sello personalizado de ALGECIRAS Tirada: 200 ejemplares mas 25 de la segunda tirada con la variante de la letra \u00abA\u00bb Solicitud: 31 enero de 2007 Aprobaci\u00f3n: 1 febrero de 2007 Primer d\u00eda de circulaci\u00f3n ALGECIRAS: 12 febrero de 2007 \u00a0 &nbsp; &nbsp; &nbsp; Titulo: \u00abCapilla, Cristo de la Alameda\u00bb Sello [&hellip;]<\/p>\n","protected":false},"author":1,"featured_media":0,"comment_status":"closed","ping_status":"open","sticky":false,"template":"","format":"status","meta":{"footnotes":""},"categories":[18],"tags":[],"class_list":["post-781","post","type-post","status-publish","format-status","hentry","category-sellos-personalizados","post_format-post-format-status"],"_links":{"self":[{"href":"http:\/\/www.grupo-algeciras.com\/index.php\/wp-json\/wp\/v2\/posts\/781","targetHints":{"allow":["GET"]}}],"collection":[{"href":"http:\/\/www.grupo-algeciras.com\/index.php\/wp-json\/wp\/v2\/posts"}],"about":[{"href":"http:\/\/www.grupo-algeciras.com\/index.php\/wp-json\/wp\/v2\/types\/post"}],"author":[{"embeddable":true,"href":"http:\/\/www.grupo-algeciras.com\/index.php\/wp-json\/wp\/v2\/users\/1"}],"replies":[{"embeddable":true,"href":"http:\/\/www.grupo-algeciras.com\/index.php\/wp-json\/wp\/v2\/comments?post=781"}],"version-history":[{"count":172,"href":"http:\/\/www.grupo-algeciras.com\/index.php\/wp-json\/wp\/v2\/posts\/781\/revisions"}],"predecessor-version":[{"id":2179,"href":"http:\/\/www.grupo-algeciras.com\/index.php\/wp-json\/wp\/v2\/posts\/781\/revisions\/2179"}],"wp:attachment":[{"href":"http:\/\/www.grupo-algeciras.com\/index.php\/wp-json\/wp\/v2\/media?parent=781"}],"wp:term":[{"taxonomy":"category","embeddable":true,"href":"http:\/\/www.grupo-algeciras.com\/index.php\/wp-json\/wp\/v2\/categories?post=781"},{"taxonomy":"post_tag","embeddable":true,"href":"http:\/\/www.grupo-algeciras.com\/index.php\/wp-json\/wp\/v2\/tags?post=781"}],"curies":[{"name":"wp","href":"https:\/\/api.w.org\/{rel}","templated":true}]}}