{"id":566,"date":"2014-03-14T11:57:39","date_gmt":"2014-03-14T11:57:39","guid":{"rendered":"http:\/\/www.grupo-algeciras.com\/wpress\/?p=566"},"modified":"2016-06-20T18:31:40","modified_gmt":"2016-06-20T16:31:40","slug":"la-conferencia-internacional-de-1906-2","status":"publish","type":"post","link":"http:\/\/www.grupo-algeciras.com\/index.php\/2014\/03\/14\/la-conferencia-internacional-de-1906-2\/","title":{"rendered":"La Conferencia Internacional de 1906"},"content":{"rendered":"<div id=\"attachment_629\" style=\"width: 610px\" class=\"wp-caption aligncenter\"><a href=\"http:\/\/www.grupo-algeciras.com\/wpress\/wp-content\/uploads\/El Grupo\/La Conferencia\/Mosaico.jpg\"><img loading=\"lazy\" decoding=\"async\" aria-describedby=\"caption-attachment-629\" class=\"size-full wp-image-629 \" style=\"border: 2px solid black;\" title=\"Mosaico\" src=\"http:\/\/www.grupo-algeciras.com\/wpress\/wp-content\/uploads\/El Grupo\/La Conferencia\/Mosaico.jpg\" alt=\"\" width=\"600\" height=\"340\" \/><\/a><p id=\"caption-attachment-629\" class=\"wp-caption-text\"><span style=\"color: #000000;\">Mosaico conmemorativo de la Conferencia situado en el Sal\u00f3n de Plenos del Ayuntamiento<\/span><\/p><\/div>\n<p>Y con el 2006 lleg\u00f3 el Centenario.<\/p>\n<p align=\"justify\">Durante los d\u00edas comprendidos entre el 16 de enero y el 7 de abril de 1906, se celebr\u00f3 en nuestra ciudad el hecho hist\u00f3rico m\u00e1s importante desde su renacimiento como nueva ciudad.<\/p>\n<p align=\"justify\">Sin entrar en el plano pol\u00edtico ni social de la \u00e9poca de la Conferencia, con este art\u00edculo se pretende dar a conocer todos los aspectos filat\u00e9licos que la misma gener\u00f3.<\/p>\n<p align=\"justify\">Las Delegaciones presentes en Algeciras fueron las siguientes: Alemania, Austria, B\u00e9lgica, Estados Unidos, Francia, Gran Breta\u00f1a, Italia, Marruecos, Holanda, Portugal, Rusia, Suecia y la anfitriona Espa\u00f1a ostentando la Presidencia de la Conferencia, siendo Alcalde de Algeciras D. Emilio Santacana y Mensayas.<\/p>\n<p align=\"justify\">Para esta ocasi\u00f3n y para el funcionamiento del correo, en especial para las Delegaciones internacionales presentes, la Administraci\u00f3n central instal\u00f3 en el propio recinto -Sal\u00f3n de Plenos del Excmo. Ayuntamiento de Algeciras- la Estafeta correspondiente a la que dot\u00f3 de TRES matasellos especiales para su estampaci\u00f3n en tinta color violeta. Esta Estafeta estuvo en servicio desde el 16 de enero hasta el 11 de abril.<\/p>\n<p align=\"justify\">Seg\u00fan costumbre de esta \u00e9poca, era muy com\u00fan el intercambio de postales, por lo que gracias a estas iniciativas han podido llegar hasta nuestros d\u00edas gran cantidad de estos documentos con los diversos matasellos usados, adem\u00e1s de la correspondencia de las Delegaciones y particulares, esto unido a lo muy extendido que ya se encontraba el comercio filat\u00e9lico dio origen a que se estampasen los matasellos en hojas con los diferentes sellos de la serie b\u00e1sica de Alfonso XIII (cadete) que posteriormente eran recortados para su venta.<\/p>\n<p align=\"justify\"><strong>Los matasellos dedicados a la Conferencia<\/strong><\/p>\n<table border=\"0\">\n<tbody>\n<tr>\n<td>\n<p><div style=\"width: 190px\" class=\"wp-caption alignnone\"><a href=\"http:\/\/www.grupo-algeciras.com\/wpress\/wp-content\/uploads\/El Grupo\/La Conferencia\/Matasello01.gif\"><img loading=\"lazy\" decoding=\"async\" title=\"Matasello01\" src=\"http:\/\/www.grupo-algeciras.com\/wpress\/wp-content\/uploads\/El Grupo\/La Conferencia\/Matasello01.gif\" alt=\"\" width=\"180\" height=\"180\" \/><\/a><p class=\"wp-caption-text\"><span style=\"color: #000000;\">Negro. Correo ordinario<\/span><\/p><\/div><\/td>\n<td>\n<p><div style=\"width: 190px\" class=\"wp-caption alignnone\"><a href=\"http:\/\/www.grupo-algeciras.com\/wpress\/wp-content\/uploads\/El Grupo\/La Conferencia\/Matasello02.gif\"><img loading=\"lazy\" decoding=\"async\" title=\"Matasello02\" src=\"http:\/\/www.grupo-algeciras.com\/wpress\/wp-content\/uploads\/El Grupo\/La Conferencia\/Matasello02.gif\" alt=\"\" width=\"180\" height=\"180\" \/><\/a><p class=\"wp-caption-text\"><span style=\"color: #000000;\">Violeta. Certificado<\/span><\/p><\/div><\/td>\n<td>\n<p><div style=\"width: 190px\" class=\"wp-caption alignnone\"><a href=\"http:\/\/www.grupo-algeciras.com\/wpress\/wp-content\/uploads\/El Grupo\/La Conferencia\/Matasello03.gif\"><img loading=\"lazy\" decoding=\"async\" title=\"Matasello03\" src=\"http:\/\/www.grupo-algeciras.com\/wpress\/wp-content\/uploads\/El Grupo\/La Conferencia\/Matasello03.gif\" alt=\"\" width=\"180\" height=\"180\" \/><\/a><p class=\"wp-caption-text\"><span style=\"color: #000000;\">Violeta. Valores declarados<\/span><\/p><\/div><\/td>\n<\/tr>\n<\/tbody>\n<\/table>\n<div id=\"attachment_621\" style=\"width: 610px\" class=\"wp-caption aligncenter\"><a href=\"http:\/\/www.grupo-algeciras.com\/wpress\/wp-content\/uploads\/El Grupo\/La Conferencia\/ConferenciantesEnLaSala.jpg\"><img loading=\"lazy\" decoding=\"async\" aria-describedby=\"caption-attachment-621\" class=\"size-full wp-image-621   \" style=\"border: 2px solid black;\" title=\"ConferenciantesEnLaSala\" src=\"http:\/\/www.grupo-algeciras.com\/wpress\/wp-content\/uploads\/El Grupo\/La Conferencia\/ConferenciantesEnLaSala.jpg\" alt=\"\" width=\"600\" height=\"340\" \/><\/a><p id=\"caption-attachment-621\" class=\"wp-caption-text\"><span style=\"color: #000000;\">Conferenciantes en la sala<\/span><\/p><\/div>\n<p>&nbsp;<\/p>\n<div id=\"attachment_622\" style=\"width: 610px\" class=\"wp-caption aligncenter\"><a href=\"http:\/\/www.grupo-algeciras.com\/wpress\/wp-content\/uploads\/El Grupo\/La Conferencia\/ConferenciantesEnLosPasillo.jpg\"><img loading=\"lazy\" decoding=\"async\" aria-describedby=\"caption-attachment-622\" class=\"size-full wp-image-622  \" style=\"border: 2px solid black;\" title=\"ConferenciantesEnLosPasillo\" src=\"http:\/\/www.grupo-algeciras.com\/wpress\/wp-content\/uploads\/El Grupo\/La Conferencia\/ConferenciantesEnLosPasillo.jpg\" alt=\"\" width=\"600\" height=\"367\" \/><\/a><p id=\"caption-attachment-622\" class=\"wp-caption-text\"><span style=\"color: #000000;\">Conferenciantes en los Pasillos en su visita a la ciudad de T\u00e1nger. Matasello FALSO de la Conferencia<\/span><\/p><\/div>\n<p>&nbsp;<\/p>\n<div id=\"attachment_624\" style=\"width: 410px\" class=\"wp-caption aligncenter\"><a href=\"http:\/\/www.grupo-algeciras.com\/wpress\/wp-content\/uploads\/El Grupo\/La Conferencia\/LlegadaDelegacionMarroqui.jpg\"><img loading=\"lazy\" decoding=\"async\" aria-describedby=\"caption-attachment-624\" class=\"size-full wp-image-624 \" style=\"border: 2px solid black;\" title=\"LlegadaDelegacionMarroqui\" src=\"http:\/\/www.grupo-algeciras.com\/wpress\/wp-content\/uploads\/El Grupo\/La Conferencia\/LlegadaDelegacionMarroqui.jpg\" alt=\"\" width=\"400\" height=\"307\" \/><\/a><p id=\"caption-attachment-624\" class=\"wp-caption-text\"><span style=\"color: #000000;\">Llegada de la delegaci\u00f3n marroqu\u00ed<\/span><\/p><\/div>\n<p>&nbsp;<\/p>\n<div id=\"attachment_623\" style=\"width: 610px\" class=\"wp-caption aligncenter\"><a href=\"http:\/\/www.grupo-algeciras.com\/wpress\/wp-content\/uploads\/El Grupo\/La Conferencia\/DelegacionMarroqui.jpg\"><img loading=\"lazy\" decoding=\"async\" aria-describedby=\"caption-attachment-623\" class=\"size-full wp-image-623  \" style=\"border: 2px solid black;\" title=\"DelegacionMarroqui\" src=\"http:\/\/www.grupo-algeciras.com\/wpress\/wp-content\/uploads\/El Grupo\/La Conferencia\/DelegacionMarroqui.jpg\" alt=\"\" width=\"600\" height=\"392\" \/><\/a><p id=\"caption-attachment-623\" class=\"wp-caption-text\"><span style=\"color: #000000;\">La Delegaci\u00f3n marroqu\u00ed en la puerta del Ayuntamiento algecire\u00f1o<\/span><\/p><\/div>\n<p>&nbsp;<\/p>\n<div id=\"attachment_630\" style=\"width: 610px\" class=\"wp-caption aligncenter\"><a href=\"http:\/\/www.grupo-algeciras.com\/wpress\/wp-content\/uploads\/El Grupo\/La Conferencia\/SalaConferencia.jpg\"><img loading=\"lazy\" decoding=\"async\" aria-describedby=\"caption-attachment-630\" class=\"size-full wp-image-630  \" style=\"border: 2px solid black;\" title=\"SalaConferencia\" src=\"http:\/\/www.grupo-algeciras.com\/wpress\/wp-content\/uploads\/El Grupo\/La Conferencia\/SalaConferencia.jpg\" alt=\"\" width=\"600\" height=\"355\" \/><\/a><p id=\"caption-attachment-630\" class=\"wp-caption-text\"><span style=\"color: #000000;\">La Sala de la Conferencia<\/span><\/p><\/div>\n<p>&nbsp;<\/p>\n<div id=\"attachment_625\" style=\"width: 610px\" class=\"wp-caption aligncenter\"><a href=\"http:\/\/www.grupo-algeciras.com\/wpress\/wp-content\/uploads\/El Grupo\/La Conferencia\/MarcaDelegacionFrancesa.jpg\"><img loading=\"lazy\" decoding=\"async\" aria-describedby=\"caption-attachment-625\" class=\"size-full wp-image-625 \" style=\"border: 2px solid black;\" title=\"MarcaDelegacionFrancesa\" src=\"http:\/\/www.grupo-algeciras.com\/wpress\/wp-content\/uploads\/El Grupo\/La Conferencia\/MarcaDelegacionFrancesa.jpg\" alt=\"\" width=\"600\" height=\"387\" \/><\/a><p id=\"caption-attachment-625\" class=\"wp-caption-text\"><span style=\"color: #000000;\">Marca de la Delegaci\u00f3n francesa y matasello de la Conferencia<\/span><\/p><\/div>\n<p>&nbsp;<\/p>\n<div id=\"attachment_665\" style=\"width: 610px\" class=\"wp-caption aligncenter\"><a href=\"http:\/\/www.grupo-algeciras.com\/wpress\/wp-content\/uploads\/El Grupo\/La Conferencia\/UsoMataselloFranquicia.jpg\"><img loading=\"lazy\" decoding=\"async\" aria-describedby=\"caption-attachment-665\" class=\"size-full wp-image-665 \" style=\"border: 2px solid black;\" title=\"UsoMataselloFranquicia\" src=\"http:\/\/www.grupo-algeciras.com\/wpress\/wp-content\/uploads\/El Grupo\/La Conferencia\/UsoMataselloFranquicia.jpg\" alt=\"\" width=\"600\" height=\"451\" \/><\/a><p id=\"caption-attachment-665\" class=\"wp-caption-text\"><span style=\"color: #000000;\">Uso del matasello de la Conferencia como Franquicia. Tarjeta Postal enviada por el Jefe de la Estafeta Internacional de Correos Sr. Madrazo, establecida en el recinto del Ayuntamiento.<\/span><\/p><\/div>\n<p><strong>Matasellos FALSOS de la Conferencia.<\/strong><\/p>\n<table border=\"0\">\n<tbody>\n<tr>\n<td>\n<p><div style=\"width: 198px\" class=\"wp-caption aligncenter\"><a href=\"http:\/\/www.grupo-algeciras.com\/wpress\/wp-content\/uploads\/El Grupo\/La Conferencia\/Falso_I.jpg\"><img loading=\"lazy\" decoding=\"async\" class=\" \" style=\"border: 1px solid black;\" title=\"Falso_I\" src=\"http:\/\/www.grupo-algeciras.com\/wpress\/wp-content\/uploads\/El Grupo\/La Conferencia\/Falso_I.jpg\" alt=\"\" width=\"188\" height=\"192\" \/><\/a><p class=\"wp-caption-text\"><span style=\"color: #000000;\">Falso I<\/span><\/p><\/div><\/td>\n<td>\n<p><div style=\"width: 198px\" class=\"wp-caption aligncenter\"><a href=\"http:\/\/www.grupo-algeciras.com\/wpress\/wp-content\/uploads\/El Grupo\/La Conferencia\/Falso_II.jpg\"><img loading=\"lazy\" decoding=\"async\" class=\" \" style=\"border: 1px solid black;\" title=\"Falso_II\" src=\"http:\/\/www.grupo-algeciras.com\/wpress\/wp-content\/uploads\/El Grupo\/La Conferencia\/Falso_II.jpg\" alt=\"\" width=\"188\" height=\"192\" \/><\/a><p class=\"wp-caption-text\"><span style=\"color: #000000;\">Falso II<\/span><\/p><\/div><\/td>\n<td>\n<p><div style=\"width: 191px\" class=\"wp-caption aligncenter\"><a href=\"http:\/\/www.grupo-algeciras.com\/wpress\/wp-content\/uploads\/El Grupo\/La Conferencia\/Falso_III.jpg\"><img loading=\"lazy\" decoding=\"async\" class=\" \" style=\"border: 1px solid black;\" title=\"Falso_III\" src=\"http:\/\/www.grupo-algeciras.com\/wpress\/wp-content\/uploads\/El Grupo\/La Conferencia\/Falso_III.jpg\" alt=\"\" width=\"181\" height=\"182\" \/><\/a><p class=\"wp-caption-text\"><span style=\"color: #000000;\">Falso III<\/span><\/p><\/div><\/td>\n<\/tr>\n<\/tbody>\n<\/table>\n<div id=\"attachment_666\" style=\"width: 586px\" class=\"wp-caption aligncenter\"><a href=\"http:\/\/www.grupo-algeciras.com\/wpress\/wp-content\/uploads\/El Grupo\/La Conferencia\/Original.jpg\"><img loading=\"lazy\" decoding=\"async\" aria-describedby=\"caption-attachment-666\" class=\"size-full wp-image-666  \" style=\"border: 2px solid black;\" title=\"Original\" src=\"http:\/\/www.grupo-algeciras.com\/wpress\/wp-content\/uploads\/El Grupo\/La Conferencia\/Original.jpg\" alt=\"\" width=\"576\" height=\"586\" \/><\/a><p id=\"caption-attachment-666\" class=\"wp-caption-text\"><span style=\"color: #000000;\">Original<\/span><\/p><\/div>\n<p>Las principales caracter\u00edsticas son: la \u00abI\u00bb rota en la parte superior y las estrellas de ocho puntas.<br \/>\n<strong>Otras marcas:<\/strong><\/p>\n<div id=\"attachment_672\" style=\"width: 397px\" class=\"wp-caption aligncenter\"><a href=\"http:\/\/www.grupo-algeciras.com\/wpress\/wp-content\/uploads\/El Grupo\/La Conferencia\/Fig_4_A.jpg\"><img loading=\"lazy\" decoding=\"async\" aria-describedby=\"caption-attachment-672\" class=\"size-full wp-image-672 \" style=\"border: 2px solid black;\" title=\"Fig_4_A\" src=\"http:\/\/www.grupo-algeciras.com\/wpress\/wp-content\/uploads\/El Grupo\/La Conferencia\/Fig_4_A.jpg\" alt=\"\" width=\"387\" height=\"261\" \/><\/a><p id=\"caption-attachment-672\" class=\"wp-caption-text\"><span style=\"color: #000000;\">Marcas del Correo Ordinario, Delegaci\u00f3n francesa y de la Delegaci\u00f3n alemana<\/span><\/p><\/div>\n<p><strong>Marcas de la Delegaci\u00f3n italiana<\/strong><\/p>\n<table border=\"0\" align=\"center\">\n<tbody>\n<tr>\n<td><a href=\"http:\/\/www.grupo-algeciras.com\/wpress\/wp-content\/uploads\/El Grupo\/La Conferencia\/Italinana_1.jpg\"><img decoding=\"async\" class=\"aligncenter  wp-image-670\" title=\"Italinana_1\" src=\"http:\/\/www.grupo-algeciras.com\/wpress\/wp-content\/uploads\/El Grupo\/La Conferencia\/Italinana_1.jpg\" alt=\"\" width=\"214\" \/><\/a><\/td>\n<td><a href=\"http:\/\/www.grupo-algeciras.com\/wpress\/wp-content\/uploads\/El Grupo\/La Conferencia\/Italiana_2.jpg\"><img decoding=\"async\" class=\"aligncenter  wp-image-671\" title=\"Italiana_2\" src=\"http:\/\/www.grupo-algeciras.com\/wpress\/wp-content\/uploads\/El Grupo\/La Conferencia\/Italiana_2.jpg\" alt=\"\" width=\"214\" \/><\/a><\/td>\n<\/tr>\n<tr>\n<td style=\"text-align: center;\"><span style=\"color: #000000;\"><em><span style=\"font-size: small;\">Color azul<\/span><\/em><\/span><\/td>\n<td style=\"text-align: center;\"><span style=\"color: #000000;\"><em><span style=\"font-size: small;\">Color amarillo (1\u00aa)<\/span><\/em><\/span><\/td>\n<\/tr>\n<\/tbody>\n<\/table>\n<p class=\"size-full wp-image-677\" title=\"TarjetaPostalEstrechoGibral\"><strong>Marca italiana en la Conferencia Internacional de Algeciras<\/strong><\/p>\n<p style=\"text-align: justify;\">Publicado en la revista Atalaya en su n\u00famero 100 de abril de 2003, pag. 89-90:<\/p>\n<p style=\"text-align: justify; padding-left: 30px;\"><em>Despu\u00e9s de noventa y siete a\u00f1os transcurridos desde que all\u00e1 en al a\u00f1o 1906 se celebrase en Algeciras la Conferencia Internacional sobre Marruecos, a\u00fan nos asombramos con la aparici\u00f3n de una nueva marca.<\/em><\/p>\n<p style=\"text-align: justify; padding-left: 30px;\"><em>Hasta hoy todos hemos podido estudiar y coleccionar las tres marcas conmemorativas en color violeta usadas para cancelar la correspondencia que durante los d\u00edas de la Conferencia se generase en la misma y en la ciudad. Adem\u00e1s hemos visto una gran cantidad de objetos circulados y no, otra marca circular estampada en color rojo correspondiente a la Delegaci\u00f3n francesa, casi siempre acompa\u00f1ando a las marcas espa\u00f1olas. Hemos podido ver, como a lo largo del tiempo se fue falsificando, sobre todo, el fechador circular ordinario hasta en tres ocasiones; hemos conocido recientemente un mal\u00edsimo intento de reproducci\u00f3n.<\/em><\/p>\n<p style=\"text-align: justify; padding-left: 30px;\"><em>Con motivos algecire\u00f1os adquir\u00ed varias tarjetas postales para mi colecci\u00f3n particular y cual no fue mi sorpresa cuando descubr\u00ed que en dos de ellas se encontraba estampada la marca primera.<\/em><\/p>\n<p style=\"text-align: justify; padding-left: 30px;\"><em>Estampada en el frontal y dorso de la tarjeta en un doble circulo se indica \u201cMISSIONE ITALIANA\u201d \u25ca CONFERNEZA D\u2019ALGESIRAS \u25ca en color marr\u00f3n amarillento y en el centro el escudo del Reino de Italia.<\/em><\/p>\n<p style=\"text-align: justify; padding-left: 30px;\"><em>La tarjeta corresponde a una fotograf\u00eda de la Delegaci\u00f3n espa\u00f1ola en el Hotel Reina Cristina, residencia oficial de las delegaciones que participaron en la Conferencia, durante los casi tres meses que duraron las mismas.<\/em><\/p>\n<p style=\"text-align: justify; padding-left: 30px;\"><em>Esta Delegaci\u00f3n estaba compuesta por D. Juan Manuel S\u00e1nchez Guti\u00e9rrez, Duque de Almod\u00f3var del R\u00edo (Ministro de Estado y Presidente de la Conferencia), D. Juan P\u00e9rez Caballero Ferrer (Ministro Plenipotenciario cerca de S.M. el Rey de los Belgas), y los Srs. Pi\u00f1a y Mollet, Gonz\u00e1lez Hontoria, Fern\u00e1ndez Vall\u00edn, Jaime Ojeda, Conde de Perder\u00e9, Reginaldo Ruiz, Gamoneda (Jos\u00e9 Mar\u00eda y Antonio) y Pino, estos cuatro \u00faltimos de la Secretar\u00eda del Presidente de la Conferencia.<\/em><\/p>\n<p style=\"text-align: justify; padding-left: 30px;\"><em>La Delegaci\u00f3n italiana estuvo compuesta por el Marqu\u00e9s Visconti Venosta Caballero de la Orden Suprema de la Anunziata y sus secretario Sr,. Sforza y el Ministro Plenipotenciario en Marruecos Sr. Julio Malmus\u00ed.<\/em><\/p>\n<p style=\"text-align: justify; padding-left: 30px;\"><em>En la segunda tarjeta postal al igual que la primera, sin circular, la marca de esta Delegaci\u00f3n la encontramos en color azul, solo al dorso. Parece incre\u00edble, pero de no conocerse ninguana marca de la Delegaci\u00f3n italiana pasamos a conocer dos. La diferencia con la anterior adem\u00e1s del color de la estampaci\u00f3n, est\u00e1 la longitud de las palabras CONFERENZA D\u2019ALGESIRAS y MISSIONE ITALIANA y que entre la separaci\u00f3n del t\u00edtulo aparece un gui\u00f3n y no una especie de rect\u00e1ngulo o ara\u00f1ita como en el primero.<\/em><\/p>\n<p style=\"text-align: justify; padding-left: 30px;\"><em>Bien es sabido de la gran afici\u00f3n que en estos d\u00edas exist\u00eda por las \u201cpostales\u201d y en esta ocasi\u00f3n que brind\u00f3 la Conferencia fue aprovechada por los cambistas y coleccionistas para realizar los m\u00e1s dif\u00edcil todav\u00eda, por lo que encontramos las tarjetas sin circular con las cinco marcas conocidas hasta hoy de la Conferencia. Siempre se quedar\u00e1 a la espera de encontrar una verdaderamente circulada con esta nueva marca.<\/em><\/p>\n<p style=\"text-align: justify; padding-left: 30px;\"><em>En esos momentos podremos afirmar que es una verdadera marca postal.<\/em><\/p>\n<p style=\"text-align: left;\"><strong>Crucero GALIL\u00c9E -CONFERENCIA INTERNACIONAL DE ALGECIRAS-<\/strong> <a href=\"http:\/\/www.grupo-algeciras.com\/wpress\/wp-content\/uploads\/El Grupo\/La Conferencia\/Tarjeta_Galile.jpg\"><img loading=\"lazy\" decoding=\"async\" class=\"aligncenter size-full wp-image-675\" title=\"Tarjeta_Galile\" src=\"http:\/\/www.grupo-algeciras.com\/wpress\/wp-content\/uploads\/El Grupo\/La Conferencia\/Tarjeta_Galile.jpg\" alt=\"\" width=\"416\" height=\"260\" \/><\/a><a href=\"http:\/\/www.grupo-algeciras.com\/wpress\/wp-content\/uploads\/El Grupo\/La Conferencia\/Dorso_Tarjeta_Galile.jpg\"><img loading=\"lazy\" decoding=\"async\" class=\"aligncenter size-full wp-image-676\" title=\"Dorso_Tarjeta_Galile\" src=\"http:\/\/www.grupo-algeciras.com\/wpress\/wp-content\/uploads\/El Grupo\/La Conferencia\/Dorso_Tarjeta_Galile.jpg\" alt=\"\" width=\"415\" height=\"256\" \/><\/a><br \/>\nDel libro de \u00abLa Conferencia de Algeciras\u201d \u201cDiario de un testigo\u201d de Javier Beteg\u00f3n y Aparici, corresponsal de \u201cLa \u00c9poca\u201d de Madrid, correspondiente al capitulo XXXIX, T\u00e1nger 17 de marzo):<\/p>\n<p style=\"text-align: justify; padding-left: 30px;\"><em>Desde que comenz\u00f3 la Conferencia, cuyo final no llega nunca, fonde\u00f3 en la Bah\u00eda de Algeciras el crucero Galil\u00e9e, un precioso barco que forma parte de la escuadra del Mediterr\u00e1neo, quedando de estaci\u00f3n a las \u00f3rdenes del Mr. Revoil, el primer Delegado de Francia, y todos los s\u00e1bados por orden de \u00e9ste, ha estado con la calderas encendidas y listo para traer a T\u00e1nger, el puerto m\u00e1s importante del Imperio marroqu\u00ed, a los diplom\u00e1ticos y periodistas de todas las Naciones que quisieran utilizarlo. <\/em><\/p>\n<p style=\"text-align: justify; padding-left: 30px;\"><em>F\u00e1cil es entender que unos y otros han hecho honor a la amabilidad de la Delegaci\u00f3n francesa, aprovechando la ocasi\u00f3n de dedicar un par de d\u00edas a la visita de esta interesante poblaci\u00f3n, empleando para ello un barco de guerra tan marinero como el crucero Galil\u00e9e. <\/em><\/p>\n<p style=\"text-align: justify; padding-left: 30px;\"><em>A\u00f1\u00e1dase a esto la circunstancia de que su Comandante Mr. Herbert, que luce en su uniforme la roseta de Oficial de la legi\u00f3n de Honor, y los Oficiales todos, se distinguen por su afabilidad y cortes\u00eda, y se comprender\u00e1 el pasaje que todas las semanas ha venido a T\u00e1nger en el barco franc\u00e9s. <\/em><\/p>\n<p style=\"text-align: justify; padding-left: 30px;\"><em>Tuve yo la honra, que estimo en lo que vale, de ser muy especialmente invitado hoy, y, aceptando gustoso, a las dos de la tarde sal\u00ed en el Galil\u00e9e de Algeciras y antes de la cinco fondeaba el buque en T\u00e1nger, a pesar que en el Estrecho hab\u00eda bastante marejada, por efecto del Levante que sopla con fuerza desde hace cuatro d\u00edas. <\/em><\/p>\n<p style=\"text-align: justify; padding-left: 30px;\"><em>No fue cosa f\u00e1cil el desembarco, por las malas condiciones de la bah\u00eda de T\u00e1nger, abierta a todos los vientos, y m\u00e1s dif\u00edcil especialmente con el levante. Pero despu\u00e9s de recibir algunos chapuzones del agua que entraba por las bordas de la lancha de vapor del crucero, la cual en algunos instantes ten\u00eda un balanceo bastante alarmante, tomamos tierra en el pantal\u00e1n o muelle de madera, \u00fanico que aqu\u00ed existe. <\/em><\/p>\n<p style=\"text-align: justify; padding-left: 30px;\"><em>Salieron a recibir a los viajeros&#8230;<\/em><\/p>\n<p style=\"text-align: justify;\">S\u00f3lo hemos encontrado una tarjeta postal circulada a Bordeaux con un franqueo de 5 c\u00e9ntimos (Cadete) matasellada con el fechador ordinario de la Conferencia, y junto a la misma la marca en rojo de la Delegaci\u00f3n francesa. En el dorso hemos hallado la marca del \u201cCroiseur Galil\u00e9e\u201d en color azul. Coincide la fecha del 10 de marzo una semana antes de la visita de Beteg\u00f3n a T\u00e1nger.<\/p>\n<div id=\"attachment_677\" style=\"width: 610px\" class=\"wp-caption aligncenter\"><a href=\"http:\/\/www.grupo-algeciras.com\/wpress\/wp-content\/uploads\/El Grupo\/La Conferencia\/TarjetaPostalEstrechoGibral.jpg\"><img loading=\"lazy\" decoding=\"async\" aria-describedby=\"caption-attachment-677\" class=\"size-full wp-image-677 \" style=\"border: 2px solid black;\" title=\"TarjetaPostalEstrechoGibral\" src=\"http:\/\/www.grupo-algeciras.com\/wpress\/wp-content\/uploads\/El Grupo\/La Conferencia\/TarjetaPostalEstrechoGibral.jpg\" alt=\"\" width=\"600\" height=\"394\" \/><\/a><p id=\"caption-attachment-677\" class=\"wp-caption-text\"><span style=\"color: #000000;\">Tarjeta postal italiana del Estrecho de Gibraltar y Bah\u00eda de Algeciras<\/span><\/p><\/div>\n","protected":false},"excerpt":{"rendered":"<p>Y con el 2006 lleg\u00f3 el Centenario. Durante los d\u00edas comprendidos entre el 16 de enero y el 7 de abril de 1906, se celebr\u00f3 en nuestra ciudad el hecho hist\u00f3rico m\u00e1s importante desde su renacimiento como nueva ciudad. Sin entrar en el plano pol\u00edtico ni social de la \u00e9poca de la Conferencia, con este [&hellip;]<\/p>\n","protected":false},"author":1,"featured_media":0,"comment_status":"closed","ping_status":"open","sticky":false,"template":"","format":"standard","meta":{"footnotes":""},"categories":[6],"tags":[],"class_list":["post-566","post","type-post","status-publish","format-standard","hentry","category-la-conferencia"],"_links":{"self":[{"href":"http:\/\/www.grupo-algeciras.com\/index.php\/wp-json\/wp\/v2\/posts\/566","targetHints":{"allow":["GET"]}}],"collection":[{"href":"http:\/\/www.grupo-algeciras.com\/index.php\/wp-json\/wp\/v2\/posts"}],"about":[{"href":"http:\/\/www.grupo-algeciras.com\/index.php\/wp-json\/wp\/v2\/types\/post"}],"author":[{"embeddable":true,"href":"http:\/\/www.grupo-algeciras.com\/index.php\/wp-json\/wp\/v2\/users\/1"}],"replies":[{"embeddable":true,"href":"http:\/\/www.grupo-algeciras.com\/index.php\/wp-json\/wp\/v2\/comments?post=566"}],"version-history":[{"count":15,"href":"http:\/\/www.grupo-algeciras.com\/index.php\/wp-json\/wp\/v2\/posts\/566\/revisions"}],"predecessor-version":[{"id":1724,"href":"http:\/\/www.grupo-algeciras.com\/index.php\/wp-json\/wp\/v2\/posts\/566\/revisions\/1724"}],"wp:attachment":[{"href":"http:\/\/www.grupo-algeciras.com\/index.php\/wp-json\/wp\/v2\/media?parent=566"}],"wp:term":[{"taxonomy":"category","embeddable":true,"href":"http:\/\/www.grupo-algeciras.com\/index.php\/wp-json\/wp\/v2\/categories?post=566"},{"taxonomy":"post_tag","embeddable":true,"href":"http:\/\/www.grupo-algeciras.com\/index.php\/wp-json\/wp\/v2\/tags?post=566"}],"curies":[{"name":"wp","href":"https:\/\/api.w.org\/{rel}","templated":true}]}}