{"id":2237,"date":"2022-04-24T20:36:13","date_gmt":"2022-04-24T18:36:13","guid":{"rendered":"http:\/\/www.grupo-algeciras.com\/?p=2237"},"modified":"2026-01-26T16:27:39","modified_gmt":"2026-01-26T14:27:39","slug":"exposiciones-ano-2022","status":"publish","type":"post","link":"http:\/\/www.grupo-algeciras.com\/index.php\/2022\/04\/24\/exposiciones-ano-2022\/","title":{"rendered":"Actividades a\u00f1o 2022-23-24-25"},"content":{"rendered":"<p style=\"text-align: center;\"><span style=\"color: #339966; font-size: 14pt;\"><strong>ACTIVIDADES CURSO 2026<\/strong><\/span><\/p>\n<p style=\"text-align: center;\"><span style=\"color: #339966;\"><strong>MEMORIAS DEL A\u00d1O 2025<\/strong><\/span><\/p>\n<p>Debido a un fallo en el servidor de nuestra web, hemos estado sin la misma durante un largo periodo de tiempo.<\/p>\n<p>Pasamos con la Memoria del a\u00f1o 2025 a subsanar todas las actividades que no hemos podido incluir en su momento:<\/p>\n<p style=\"text-align: center;\"><a href=\"http:\/\/www.grupo-algeciras.com\/wpress\/wp-content\/uploads\/2025-Memorias-GFNA-2025-OK.pdf\">2025 &#8211; Memorias GFNA 2025 OK<\/a><\/p>\n<p><span style=\"color: #339966;\"><strong>EXPOSICI\u00d3N NUMISM\u00c1TICA \u00abMonedas del Mundo\u00bb<\/strong><\/span><\/p>\n<p>El 23 de enero tuvo lugar la inauguraci\u00f3n de la Exposici\u00f3n Numism\u00e1tica \u00abMonedas del Mundo\u00bb de nuestro socio Manuel Riscart Delgado. La misma permanecer\u00e1 abierta hasta finales del mes de febrero.<\/p>\n<p style=\"text-align: center;\"><span style=\"color: #339966; font-size: 14pt;\"><strong>ACTIVIDADES CURSO 2025<\/strong><\/span><\/p>\n<p><span style=\"color: #339966;\"><strong>EXPOSICI\u00d3N FILAT\u00c9LICA \u00abPERSONAJES C\u00c9LEBRES de EE.UU.\u00bb<\/strong><\/span><\/p>\n<p style=\"text-align: center;\"><a href=\"http:\/\/www.grupo-algeciras.com\/wpress\/wp-content\/uploads\/EXPOSICION-FILATELICA-mayo-2025.pdf\">EXPOSICI\u00d3N FILATELICA mayo 2025<\/a><\/p>\n<p><span style=\"color: #339966;\"><strong>EXPOSICI\u00d3N FILAT\u00c9LICA \u00abSELLOS PREOBLITERADOS DE ESPA\u00d1A -2-\u00ab<\/strong><\/span><\/p>\n<p style=\"text-align: justify;\">El pasado 7 de marzo tuvo lugar en la sede del Grupo Filat\u00e9lico y Numism\u00e1tico de Algeciras la inauguraci\u00f3n de la Exposici\u00f3n Filat\u00e9lica social \u00abSellos pre-obliterados -2- de nuestro presidente Jos\u00e9 Carlos Jim\u00e9nez Mombiedro. Como en anteriores Exposiciones, el Grupo ha editado una tarjeta conmemorativa del Evento. La misma fue matasellada con el matasello tur\u00edstico de Algeciras, ocupando ya un lugar destacado en nuestra colecci\u00f3n de postales.<\/p>\n<p><img loading=\"lazy\" decoding=\"async\" class=\"size-medium wp-image-2676 aligncenter\" src=\"http:\/\/www.grupo-algeciras.com\/wpress\/wp-content\/uploads\/1a-300x169.jpg\" alt=\"\" width=\"300\" height=\"169\" srcset=\"http:\/\/www.grupo-algeciras.com\/wpress\/wp-content\/uploads\/1a-300x169.jpg 300w, http:\/\/www.grupo-algeciras.com\/wpress\/wp-content\/uploads\/1a-680x383.jpg 680w, http:\/\/www.grupo-algeciras.com\/wpress\/wp-content\/uploads\/1a-768x432.jpg 768w, http:\/\/www.grupo-algeciras.com\/wpress\/wp-content\/uploads\/1a-1536x864.jpg 1536w, http:\/\/www.grupo-algeciras.com\/wpress\/wp-content\/uploads\/1a-624x351.jpg 624w, http:\/\/www.grupo-algeciras.com\/wpress\/wp-content\/uploads\/1a.jpg 1600w\" sizes=\"auto, (max-width: 300px) 100vw, 300px\" \/> <img loading=\"lazy\" decoding=\"async\" class=\"size-medium wp-image-2677 aligncenter\" src=\"http:\/\/www.grupo-algeciras.com\/wpress\/wp-content\/uploads\/1b-300x225.jpg\" alt=\"\" width=\"300\" height=\"225\" srcset=\"http:\/\/www.grupo-algeciras.com\/wpress\/wp-content\/uploads\/1b-300x225.jpg 300w, http:\/\/www.grupo-algeciras.com\/wpress\/wp-content\/uploads\/1b-680x510.jpg 680w, http:\/\/www.grupo-algeciras.com\/wpress\/wp-content\/uploads\/1b-768x576.jpg 768w, http:\/\/www.grupo-algeciras.com\/wpress\/wp-content\/uploads\/1b-1536x1152.jpg 1536w, http:\/\/www.grupo-algeciras.com\/wpress\/wp-content\/uploads\/1b-624x468.jpg 624w, http:\/\/www.grupo-algeciras.com\/wpress\/wp-content\/uploads\/1b.jpg 1600w\" sizes=\"auto, (max-width: 300px) 100vw, 300px\" \/><\/p>\n<p><img loading=\"lazy\" decoding=\"async\" class=\"size-medium wp-image-2671 aligncenter\" src=\"http:\/\/www.grupo-algeciras.com\/wpress\/wp-content\/uploads\/Mx-Algeciras-300x211.jpg\" alt=\"\" width=\"300\" height=\"211\" srcset=\"http:\/\/www.grupo-algeciras.com\/wpress\/wp-content\/uploads\/Mx-Algeciras-300x211.jpg 300w, http:\/\/www.grupo-algeciras.com\/wpress\/wp-content\/uploads\/Mx-Algeciras-680x477.jpg 680w, http:\/\/www.grupo-algeciras.com\/wpress\/wp-content\/uploads\/Mx-Algeciras-768x539.jpg 768w, http:\/\/www.grupo-algeciras.com\/wpress\/wp-content\/uploads\/Mx-Algeciras-1536x1078.jpg 1536w, http:\/\/www.grupo-algeciras.com\/wpress\/wp-content\/uploads\/Mx-Algeciras-624x438.jpg 624w, http:\/\/www.grupo-algeciras.com\/wpress\/wp-content\/uploads\/Mx-Algeciras.jpg 1713w\" sizes=\"auto, (max-width: 300px) 100vw, 300px\" \/> <img loading=\"lazy\" decoding=\"async\" class=\"size-medium wp-image-2672 aligncenter\" src=\"http:\/\/www.grupo-algeciras.com\/wpress\/wp-content\/uploads\/Mx-Algeciras-1--300x209.jpg\" alt=\"\" width=\"300\" height=\"209\" srcset=\"http:\/\/www.grupo-algeciras.com\/wpress\/wp-content\/uploads\/Mx-Algeciras-1--300x209.jpg 300w, http:\/\/www.grupo-algeciras.com\/wpress\/wp-content\/uploads\/Mx-Algeciras-1--680x473.jpg 680w, http:\/\/www.grupo-algeciras.com\/wpress\/wp-content\/uploads\/Mx-Algeciras-1--768x534.jpg 768w, http:\/\/www.grupo-algeciras.com\/wpress\/wp-content\/uploads\/Mx-Algeciras-1--1536x1068.jpg 1536w, http:\/\/www.grupo-algeciras.com\/wpress\/wp-content\/uploads\/Mx-Algeciras-1--624x434.jpg 624w, http:\/\/www.grupo-algeciras.com\/wpress\/wp-content\/uploads\/Mx-Algeciras-1-.jpg 1723w\" sizes=\"auto, (max-width: 300px) 100vw, 300px\" \/><\/p>\n<p><span style=\"color: #339966;\"><strong>ASAMBLEA GENERAL DE SOCIOS 2025\u00a0<\/strong><\/span><\/p>\n<p style=\"text-align: justify;\">Asi mismo al principio de a\u00f1o se le inform\u00f3 al Ayuntamiento la confirmaci\u00f3n de que el sello de Navidad de este a\u00f1o estar\u00eda dedicado al \u00ab<i>arrastre de latas por los ni\u00f1os y ni\u00f1as de Algeciras<\/i>.<\/p>\n<p style=\"text-align: justify;\">\u00a0El pasado diciembre tuvo lugar su presentaci\u00f3n oficial en el sal\u00f3n de plenos del Ayuntamiento.<\/p>\n<p style=\"text-align: justify;\">\u00a0En el acto estuvieron presentes el promotor de la idea del sello Juan Pan\u00e9s Cantero, el presidente del Grupo Filat\u00e9lico y Numism\u00e1tico,\u00a0 J Carlos Jim\u00e9nez Mombiedro, la directora de Relaciones Institucionales y Filatelia de Correos, Nuria Lera,\u00a0la coordinadora del AGE en la comarca, Esperanza P\u00e9rez y miembros del Grupo Filat\u00e9lico de Algeciras.<\/p>\n<p>Entre las actividades propuestas para el a\u00f1o 2025 se encuentran las siguientes :<\/p>\n<p style=\"text-align: justify;\">Exposiciones mensuales, confecci\u00f3n de tarjetas postales de cada muestra y su distribuci\u00f3n a los asistentes a las mismas,\u00a0se retomar\u00e1n la intenci\u00f3n de las emisiones de los sellos personalizados, se mantendr\u00e1n las revistas RF y Eco Filat\u00e9lico,\u00a0y se actualizar\u00e1n los cat\u00e1logos (sellos, monedas, billetes,..)\u00a0 a instancias de los socios que los necesite.<\/p>\n<p style=\"text-align: justify;\">Del servicio Filat\u00e9lico de Espa\u00f1a, abastecimiento de los sellos, pruebas, tarjetas, hojas y \u00e1lbumes anuales.<\/p>\n<p style=\"text-align: center;\">Por la parte gastron\u00f3mica seguir con los tres ya cl\u00e1sicos eventos, en Primavera &#8211; Pinar del Rey, Verano &#8211; Viernes de Farolillo\u00a0en el local de nuestra sociedad y en diciembre la comida de Navidad en un relevante restaurante de nuestra ciudad.<\/p>\n<p><img loading=\"lazy\" decoding=\"async\" class=\"alignnone size-medium wp-image-2666 aligncenter\" src=\"http:\/\/www.grupo-algeciras.com\/wpress\/wp-content\/uploads\/WhatsApp-Image-2025-01-26-at-10.54.28-300x180.jpeg\" alt=\"\" width=\"350\" height=\"210\" srcset=\"http:\/\/www.grupo-algeciras.com\/wpress\/wp-content\/uploads\/WhatsApp-Image-2025-01-26-at-10.54.28-300x180.jpeg 300w, http:\/\/www.grupo-algeciras.com\/wpress\/wp-content\/uploads\/WhatsApp-Image-2025-01-26-at-10.54.28-680x408.jpeg 680w, http:\/\/www.grupo-algeciras.com\/wpress\/wp-content\/uploads\/WhatsApp-Image-2025-01-26-at-10.54.28-768x461.jpeg 768w, http:\/\/www.grupo-algeciras.com\/wpress\/wp-content\/uploads\/WhatsApp-Image-2025-01-26-at-10.54.28-1536x922.jpeg 1536w, http:\/\/www.grupo-algeciras.com\/wpress\/wp-content\/uploads\/WhatsApp-Image-2025-01-26-at-10.54.28-624x375.jpeg 624w, http:\/\/www.grupo-algeciras.com\/wpress\/wp-content\/uploads\/WhatsApp-Image-2025-01-26-at-10.54.28.jpeg 2016w\" sizes=\"auto, (max-width: 350px) 100vw, 350px\" \/> <img loading=\"lazy\" decoding=\"async\" class=\"alignnone size-medium wp-image-2665 aligncenter\" src=\"http:\/\/www.grupo-algeciras.com\/wpress\/wp-content\/uploads\/WhatsApp-Image-2025-01-26-at-10.54.28-1-300x172.jpeg\" alt=\"\" width=\"366\" height=\"210\" srcset=\"http:\/\/www.grupo-algeciras.com\/wpress\/wp-content\/uploads\/WhatsApp-Image-2025-01-26-at-10.54.28-1-300x172.jpeg 300w, http:\/\/www.grupo-algeciras.com\/wpress\/wp-content\/uploads\/WhatsApp-Image-2025-01-26-at-10.54.28-1-680x390.jpeg 680w, http:\/\/www.grupo-algeciras.com\/wpress\/wp-content\/uploads\/WhatsApp-Image-2025-01-26-at-10.54.28-1-768x440.jpeg 768w, http:\/\/www.grupo-algeciras.com\/wpress\/wp-content\/uploads\/WhatsApp-Image-2025-01-26-at-10.54.28-1-1536x881.jpeg 1536w, http:\/\/www.grupo-algeciras.com\/wpress\/wp-content\/uploads\/WhatsApp-Image-2025-01-26-at-10.54.28-1-624x358.jpeg 624w, http:\/\/www.grupo-algeciras.com\/wpress\/wp-content\/uploads\/WhatsApp-Image-2025-01-26-at-10.54.28-1.jpeg 2016w\" sizes=\"auto, (max-width: 366px) 100vw, 366px\" \/><\/p>\n<p><span style=\"color: #339966;\"><strong>EXPOSICI\u00d3N FILAT\u00c9LICA SOCIAL \u00a0 \u00a0 \u00a0 <\/strong><\/span><strong>\u201cIconos de la M\u00fasica\u201d<\/strong><\/p>\n<p>El viernes 10 de enero se procedi\u00f3 a la inauguraci\u00f3n de la Exposici\u00f3n Filat\u00e9lica Social \u201cIconos de la M\u00fasica\u201d de Jos\u00e9 Carlos Jim\u00e9nez Mombiedro.<\/p>\n<p>La Muestra recorre con sellos de Gran Breta\u00f1a, las im\u00e1genes de los m\u00fasicos m\u00e1s famosos como Pink Floyd, David Bowie, Elton John, Queen o Paul McCartney. Las piezas presentadas son muy diversas, sellos sueltos, en bloques, sobres primer d\u00eda, personalizados y un sinf\u00edn de combinaciones que hacen de la Muestra divertida y entretenida.<\/p>\n<p>La Muestra permanecer\u00e1 abierta hasta finales de febrero.<\/p>\n<p>El Grupo Filat\u00e9lico ha procedido a imprimir unas postales conmemorativas a las que se les ha a\u00f1adido el sello de Navidad de Algeciras \u201carrastre de latas por los ni\u00f1os y ni\u00f1as de Algeciras en la v\u00edspera de los Reyes Magos\u201d con el matasellos de presentaci\u00f3n.<\/p>\n<p style=\"text-align: justify;\">\u00a0<img loading=\"lazy\" decoding=\"async\" class=\"size-medium wp-image-2655 aligncenter\" src=\"http:\/\/www.grupo-algeciras.com\/wpress\/wp-content\/uploads\/WhatsApp-Image-2025-01-12-at-10.47.09-1-300x141.jpeg\" alt=\"\" width=\"600\" height=\"282\" srcset=\"http:\/\/www.grupo-algeciras.com\/wpress\/wp-content\/uploads\/WhatsApp-Image-2025-01-12-at-10.47.09-1-300x141.jpeg 300w, http:\/\/www.grupo-algeciras.com\/wpress\/wp-content\/uploads\/WhatsApp-Image-2025-01-12-at-10.47.09-1-680x319.jpeg 680w, http:\/\/www.grupo-algeciras.com\/wpress\/wp-content\/uploads\/WhatsApp-Image-2025-01-12-at-10.47.09-1-768x360.jpeg 768w, http:\/\/www.grupo-algeciras.com\/wpress\/wp-content\/uploads\/WhatsApp-Image-2025-01-12-at-10.47.09-1-1536x721.jpeg 1536w, http:\/\/www.grupo-algeciras.com\/wpress\/wp-content\/uploads\/WhatsApp-Image-2025-01-12-at-10.47.09-1-624x293.jpeg 624w, http:\/\/www.grupo-algeciras.com\/wpress\/wp-content\/uploads\/WhatsApp-Image-2025-01-12-at-10.47.09-1.jpeg 2048w\" sizes=\"auto, (max-width: 600px) 100vw, 600px\" \/><\/p>\n<p><img loading=\"lazy\" decoding=\"async\" class=\"size-medium wp-image-2653 aligncenter\" style=\"margin-top: 0.857143rem; margin-bottom: 0.857143rem; text-align: justify;\" src=\"http:\/\/www.grupo-algeciras.com\/wpress\/wp-content\/uploads\/WhatsApp-Image-2025-01-12-at-10.47.08-2-1-300x136.jpeg\" alt=\"\" width=\"600\" height=\"272\" srcset=\"http:\/\/www.grupo-algeciras.com\/wpress\/wp-content\/uploads\/WhatsApp-Image-2025-01-12-at-10.47.08-2-1-300x136.jpeg 300w, http:\/\/www.grupo-algeciras.com\/wpress\/wp-content\/uploads\/WhatsApp-Image-2025-01-12-at-10.47.08-2-1-680x308.jpeg 680w, http:\/\/www.grupo-algeciras.com\/wpress\/wp-content\/uploads\/WhatsApp-Image-2025-01-12-at-10.47.08-2-1-768x347.jpeg 768w, http:\/\/www.grupo-algeciras.com\/wpress\/wp-content\/uploads\/WhatsApp-Image-2025-01-12-at-10.47.08-2-1-1536x695.jpeg 1536w, http:\/\/www.grupo-algeciras.com\/wpress\/wp-content\/uploads\/WhatsApp-Image-2025-01-12-at-10.47.08-2-1-624x282.jpeg 624w, http:\/\/www.grupo-algeciras.com\/wpress\/wp-content\/uploads\/WhatsApp-Image-2025-01-12-at-10.47.08-2-1.jpeg 1934w\" sizes=\"auto, (max-width: 600px) 100vw, 600px\" \/><img loading=\"lazy\" decoding=\"async\" class=\"size-medium wp-image-2654 aligncenter\" style=\"font-size: 1rem;\" src=\"http:\/\/www.grupo-algeciras.com\/wpress\/wp-content\/uploads\/WhatsApp-Image-2025-01-12-at-10.47.08-3-1-300x225.jpeg\" alt=\"\" width=\"300\" height=\"225\" srcset=\"http:\/\/www.grupo-algeciras.com\/wpress\/wp-content\/uploads\/WhatsApp-Image-2025-01-12-at-10.47.08-3-1-300x225.jpeg 300w, http:\/\/www.grupo-algeciras.com\/wpress\/wp-content\/uploads\/WhatsApp-Image-2025-01-12-at-10.47.08-3-1-680x510.jpeg 680w, http:\/\/www.grupo-algeciras.com\/wpress\/wp-content\/uploads\/WhatsApp-Image-2025-01-12-at-10.47.08-3-1-768x576.jpeg 768w, http:\/\/www.grupo-algeciras.com\/wpress\/wp-content\/uploads\/WhatsApp-Image-2025-01-12-at-10.47.08-3-1-1536x1152.jpeg 1536w, http:\/\/www.grupo-algeciras.com\/wpress\/wp-content\/uploads\/WhatsApp-Image-2025-01-12-at-10.47.08-3-1-624x468.jpeg 624w, http:\/\/www.grupo-algeciras.com\/wpress\/wp-content\/uploads\/WhatsApp-Image-2025-01-12-at-10.47.08-3-1.jpeg 2016w\" sizes=\"auto, (max-width: 300px) 100vw, 300px\" \/><\/p>\n<p><img loading=\"lazy\" decoding=\"async\" class=\"size-medium wp-image-2656 aligncenter\" src=\"http:\/\/www.grupo-algeciras.com\/wpress\/wp-content\/uploads\/137a-300x215.jpg\" alt=\"\" width=\"300\" height=\"215\" srcset=\"http:\/\/www.grupo-algeciras.com\/wpress\/wp-content\/uploads\/137a-300x215.jpg 300w, http:\/\/www.grupo-algeciras.com\/wpress\/wp-content\/uploads\/137a-680x487.jpg 680w, http:\/\/www.grupo-algeciras.com\/wpress\/wp-content\/uploads\/137a-768x550.jpg 768w, http:\/\/www.grupo-algeciras.com\/wpress\/wp-content\/uploads\/137a-624x447.jpg 624w, http:\/\/www.grupo-algeciras.com\/wpress\/wp-content\/uploads\/137a.jpg 1133w\" sizes=\"auto, (max-width: 300px) 100vw, 300px\" \/> <img loading=\"lazy\" decoding=\"async\" class=\"size-medium wp-image-2657 aligncenter\" src=\"http:\/\/www.grupo-algeciras.com\/wpress\/wp-content\/uploads\/137b-300x215.jpg\" alt=\"\" width=\"300\" height=\"215\" srcset=\"http:\/\/www.grupo-algeciras.com\/wpress\/wp-content\/uploads\/137b-300x215.jpg 300w, http:\/\/www.grupo-algeciras.com\/wpress\/wp-content\/uploads\/137b-680x486.jpg 680w, http:\/\/www.grupo-algeciras.com\/wpress\/wp-content\/uploads\/137b-768x549.jpg 768w, http:\/\/www.grupo-algeciras.com\/wpress\/wp-content\/uploads\/137b-624x446.jpg 624w, http:\/\/www.grupo-algeciras.com\/wpress\/wp-content\/uploads\/137b.jpg 1138w\" sizes=\"auto, (max-width: 300px) 100vw, 300px\" \/><\/p>\n<p style=\"text-align: center;\"><span style=\"color: #339966; font-size: 14pt;\"><strong>ACTIVIDADES CURSO 2024<\/strong><\/span><\/p>\n<p><span style=\"color: #339966;\"><strong>COMIDA NAVIDAD<\/strong><\/span><\/p>\n<p>El pasado 21 de diciembre tuvo lugar la tradicional comida de hermandad del Grupo Filat\u00e9lico y Numism\u00e1tico de Algeciras en el restaurante Casa Bernardo de la ciudad, donde pudimos disfrutar de una agradable velada con exquisitos platos y en un entorno dominado por la bah\u00eda de Algeciras. Y al fondo la nuestra Playa del Rinconcillo y el Pe\u00f1\u00f3n de Gibraltar.<\/p>\n<p>Reportaje gr\u00e1fico del Evento.<\/p>\n<p style=\"text-align: center;\"><span style=\"color: #000080;\"><strong><a style=\"color: #000080;\" href=\"http:\/\/www.grupo-algeciras.com\/wpress\/wp-content\/uploads\/Grupo-con-nuestro-socio-mas-veterano.pdf\">Grupo durante la comida de hermandad<\/a><\/strong><\/span><\/p>\n<p><span style=\"color: #339966;\"><strong>PRESENTACI\u00d3N SELLO NAVIDAD EN ALGECIRAS<\/strong><\/span><\/p>\n<p>Reportaje gr\u00e1fico del Evento.<\/p>\n<p style=\"text-align: center;\"><span style=\"color: #000080;\"><strong><a style=\"color: #000080;\" href=\"http:\/\/www.grupo-algeciras.com\/wpress\/wp-content\/uploads\/PRESENTACION-DEL-SELLO-DE-NAVIDAD.pdf\">PRESENTACI\u00d3N DEL SELLO DE NAVIDAD<\/a><\/strong><\/span><\/p>\n<p><span style=\"color: #339966;\"><strong>PRESENTACI\u00d3N SELLO NAVIDAD EN ALGECIRAS<\/strong><\/span><\/p>\n<p style=\"text-align: justify;\">El 13 de diciembre a las 13,30 horas se presentar\u00e1 el sello de Navidad tarifa \u00abA\u00bb en el Sal\u00f3n de Plenos del Ayuntamiento de Algeciras, el sello est\u00e1 dedicado a nuestra tradici\u00f3n \u00abArrastre de lats por los ni\u00f1os y ni\u00f1as de Algeciras, en la v\u00edspera de los Reyes Magos\u00bb. El acto estar\u00e1 presidido por el alcalde de la ciudad D\u00ba Juan Ignacio Landaluce y la directora de Filatelia y Relaciones Institucionales de Correos D\u00aa Nuria Lera Herv\u00e1s.<\/p>\n<p>Al acto est\u00e1n invitados todos nuestros socios y amigos del Grupo.<\/p>\n<p><img loading=\"lazy\" decoding=\"async\" class=\"wp-image-2626 aligncenter\" src=\"http:\/\/www.grupo-algeciras.com\/wpress\/wp-content\/uploads\/Invitacion_sello-Navidad_Arrastre-latas-300x140.jpg\" alt=\"\" width=\"524\" height=\"191\" \/><\/p>\n<p><span style=\"color: #339966;\"><strong>EXPOSICI\u00d3N FILAT\u00c9LICA SOCIAL, NOVIEMBRE 2024<\/strong><\/span><\/p>\n<p style=\"text-align: justify;\">El viernes 8 de noviembre a las 19 horas tuvo lugar la inauguraci\u00f3n de la Exposici\u00f3n filat\u00e9lica en el local social del Grupo Filat\u00e9lico y Numism\u00e1tico de Algeciras.<\/p>\n<p style=\"text-align: justify;\">La Muestra de nuestro socio Juan Pan\u00e9s Cantero, est\u00e1 dedicada a los sellos Muestras desde el a\u00f1o 1990 a los preobliterados del a\u00f1o 2019.<\/p>\n<p style=\"text-align: justify;\">La Muestra hace un recorrido de los sellos preobliterados por FNMT para obsequio a las autoridades, publicistas y en especial a la prensa del sector. Los primeros preoblitarados, posteriormente con la palabra MUESTRA y finalmente con un arco de circunferencia sobre el valor facial, la FNMT en el a\u00f1o 2001 deja de enviar estas piezas. En el a\u00f1o 2011 algunos sobrantes de las series en circulaci\u00f3n, Correos los envia a la FNMT para su inutilizaci\u00f3n y posterior uso en las Exposiciones Escolares, donde se entregaron a los j\u00f3venes para su difusi\u00f3n y coleccionismo.<\/p>\n<p style=\"text-align: justify;\">Queriendo hacer hincapi\u00e9 en que estos \u00faltimos sellos no son MUESTRA sino preoblitarados.<\/p>\n<p style=\"text-align: justify;\">Se realiz\u00f3 un recorrido con las oportunas explicaciones por parte del expositor, siendo la sesi\u00f3n muy divulgativa y amena.<\/p>\n<p style=\"text-align: justify;\">La Muestra estar\u00e1 abierta hasta el 20 de diciembre.<\/p>\n<p style=\"text-align: justify;\">A los visitantes se les obsequi\u00f3 con la tradicional Tarjeta Postal conmemorativa del evento.<\/p>\n<table style=\"border-collapse: collapse; width: 105.44%;\">\n<tbody>\n<tr>\n<td style=\"width: 50%; text-align: justify;\"><img loading=\"lazy\" decoding=\"async\" class=\"size-medium wp-image-2608 aligncenter\" style=\"color: #444444; font-size: 14px; text-align: justify;\" src=\"http:\/\/www.grupo-algeciras.com\/wpress\/wp-content\/uploads\/WhatsApp-Image-2024-11-08-at-19.12.59-1-300x225.jpeg\" alt=\"\" width=\"300\" height=\"225\" srcset=\"http:\/\/www.grupo-algeciras.com\/wpress\/wp-content\/uploads\/WhatsApp-Image-2024-11-08-at-19.12.59-1-300x225.jpeg 300w, http:\/\/www.grupo-algeciras.com\/wpress\/wp-content\/uploads\/WhatsApp-Image-2024-11-08-at-19.12.59-1-680x510.jpeg 680w, http:\/\/www.grupo-algeciras.com\/wpress\/wp-content\/uploads\/WhatsApp-Image-2024-11-08-at-19.12.59-1-768x576.jpeg 768w, http:\/\/www.grupo-algeciras.com\/wpress\/wp-content\/uploads\/WhatsApp-Image-2024-11-08-at-19.12.59-1-1536x1152.jpeg 1536w, http:\/\/www.grupo-algeciras.com\/wpress\/wp-content\/uploads\/WhatsApp-Image-2024-11-08-at-19.12.59-1-624x468.jpeg 624w, http:\/\/www.grupo-algeciras.com\/wpress\/wp-content\/uploads\/WhatsApp-Image-2024-11-08-at-19.12.59-1.jpeg 2048w\" sizes=\"auto, (max-width: 300px) 100vw, 300px\" \/><\/td>\n<td style=\"width: 55.44%;\"><img loading=\"lazy\" decoding=\"async\" class=\"size-medium wp-image-2609 aligncenter\" style=\"color: #444444; font-size: 14px; text-align: justify;\" src=\"http:\/\/www.grupo-algeciras.com\/wpress\/wp-content\/uploads\/WhatsApp-Image-2024-11-08-at-19.12.59-300x225.jpeg\" alt=\"\" width=\"300\" height=\"225\" srcset=\"http:\/\/www.grupo-algeciras.com\/wpress\/wp-content\/uploads\/WhatsApp-Image-2024-11-08-at-19.12.59-300x225.jpeg 300w, http:\/\/www.grupo-algeciras.com\/wpress\/wp-content\/uploads\/WhatsApp-Image-2024-11-08-at-19.12.59-680x510.jpeg 680w, http:\/\/www.grupo-algeciras.com\/wpress\/wp-content\/uploads\/WhatsApp-Image-2024-11-08-at-19.12.59-768x576.jpeg 768w, http:\/\/www.grupo-algeciras.com\/wpress\/wp-content\/uploads\/WhatsApp-Image-2024-11-08-at-19.12.59-1536x1152.jpeg 1536w, http:\/\/www.grupo-algeciras.com\/wpress\/wp-content\/uploads\/WhatsApp-Image-2024-11-08-at-19.12.59-624x468.jpeg 624w, http:\/\/www.grupo-algeciras.com\/wpress\/wp-content\/uploads\/WhatsApp-Image-2024-11-08-at-19.12.59.jpeg 2048w\" sizes=\"auto, (max-width: 300px) 100vw, 300px\" \/><\/td>\n<\/tr>\n<\/tbody>\n<\/table>\n<p style=\"text-align: justify;\">\u00a0 \u00a0 \u00a0 <img loading=\"lazy\" decoding=\"async\" class=\"alignnone size-medium wp-image-2610 aligncenter\" src=\"http:\/\/www.grupo-algeciras.com\/wpress\/wp-content\/uploads\/WhatsApp-Image-2024-11-08-at-19.50.48-300x135.jpeg\" alt=\"\" width=\"500\" height=\"225\" srcset=\"http:\/\/www.grupo-algeciras.com\/wpress\/wp-content\/uploads\/WhatsApp-Image-2024-11-08-at-19.50.48-300x135.jpeg 300w, http:\/\/www.grupo-algeciras.com\/wpress\/wp-content\/uploads\/WhatsApp-Image-2024-11-08-at-19.50.48-680x306.jpeg 680w, http:\/\/www.grupo-algeciras.com\/wpress\/wp-content\/uploads\/WhatsApp-Image-2024-11-08-at-19.50.48-768x346.jpeg 768w, http:\/\/www.grupo-algeciras.com\/wpress\/wp-content\/uploads\/WhatsApp-Image-2024-11-08-at-19.50.48-1536x691.jpeg 1536w, http:\/\/www.grupo-algeciras.com\/wpress\/wp-content\/uploads\/WhatsApp-Image-2024-11-08-at-19.50.48-624x281.jpeg 624w, http:\/\/www.grupo-algeciras.com\/wpress\/wp-content\/uploads\/WhatsApp-Image-2024-11-08-at-19.50.48.jpeg 1600w\" sizes=\"auto, (max-width: 500px) 100vw, 500px\" \/> \u00a0<img loading=\"lazy\" decoding=\"async\" class=\"alignnone size-medium wp-image-2611 aligncenter\" src=\"http:\/\/www.grupo-algeciras.com\/wpress\/wp-content\/uploads\/WhatsApp-Image-2024-11-08-at-19.50.49-300x135.jpeg\" alt=\"\" width=\"500\" height=\"225\" srcset=\"http:\/\/www.grupo-algeciras.com\/wpress\/wp-content\/uploads\/WhatsApp-Image-2024-11-08-at-19.50.49-300x135.jpeg 300w, http:\/\/www.grupo-algeciras.com\/wpress\/wp-content\/uploads\/WhatsApp-Image-2024-11-08-at-19.50.49-680x306.jpeg 680w, http:\/\/www.grupo-algeciras.com\/wpress\/wp-content\/uploads\/WhatsApp-Image-2024-11-08-at-19.50.49-768x346.jpeg 768w, http:\/\/www.grupo-algeciras.com\/wpress\/wp-content\/uploads\/WhatsApp-Image-2024-11-08-at-19.50.49-1536x691.jpeg 1536w, http:\/\/www.grupo-algeciras.com\/wpress\/wp-content\/uploads\/WhatsApp-Image-2024-11-08-at-19.50.49-624x281.jpeg 624w, http:\/\/www.grupo-algeciras.com\/wpress\/wp-content\/uploads\/WhatsApp-Image-2024-11-08-at-19.50.49.jpeg 1600w\" sizes=\"auto, (max-width: 500px) 100vw, 500px\" \/> <img loading=\"lazy\" decoding=\"async\" class=\"size-medium wp-image-2607 aligncenter\" src=\"http:\/\/www.grupo-algeciras.com\/wpress\/wp-content\/uploads\/WhatsApp-Image-2024-11-08-at-19.12.58-225x300.jpeg\" alt=\"\" width=\"225\" height=\"300\" srcset=\"http:\/\/www.grupo-algeciras.com\/wpress\/wp-content\/uploads\/WhatsApp-Image-2024-11-08-at-19.12.58-225x300.jpeg 225w, http:\/\/www.grupo-algeciras.com\/wpress\/wp-content\/uploads\/WhatsApp-Image-2024-11-08-at-19.12.58-680x907.jpeg 680w, http:\/\/www.grupo-algeciras.com\/wpress\/wp-content\/uploads\/WhatsApp-Image-2024-11-08-at-19.12.58-768x1024.jpeg 768w, http:\/\/www.grupo-algeciras.com\/wpress\/wp-content\/uploads\/WhatsApp-Image-2024-11-08-at-19.12.58-1152x1536.jpeg 1152w, http:\/\/www.grupo-algeciras.com\/wpress\/wp-content\/uploads\/WhatsApp-Image-2024-11-08-at-19.12.58-624x832.jpeg 624w, http:\/\/www.grupo-algeciras.com\/wpress\/wp-content\/uploads\/WhatsApp-Image-2024-11-08-at-19.12.58.jpeg 1536w\" sizes=\"auto, (max-width: 225px) 100vw, 225px\" \/><\/p>\n<table style=\"border-collapse: collapse; width: 104%;\">\n<tbody>\n<tr>\n<td style=\"width: 50%;\"><img loading=\"lazy\" decoding=\"async\" class=\"size-medium wp-image-2613 aligncenter\" style=\"color: #444444; font-size: 14px;\" src=\"http:\/\/www.grupo-algeciras.com\/wpress\/wp-content\/uploads\/136a-Anverso-300x213.jpg\" alt=\"\" width=\"300\" height=\"213\" srcset=\"http:\/\/www.grupo-algeciras.com\/wpress\/wp-content\/uploads\/136a-Anverso-300x213.jpg 300w, http:\/\/www.grupo-algeciras.com\/wpress\/wp-content\/uploads\/136a-Anverso-680x483.jpg 680w, http:\/\/www.grupo-algeciras.com\/wpress\/wp-content\/uploads\/136a-Anverso-768x546.jpg 768w, http:\/\/www.grupo-algeciras.com\/wpress\/wp-content\/uploads\/136a-Anverso-1536x1092.jpg 1536w, http:\/\/www.grupo-algeciras.com\/wpress\/wp-content\/uploads\/136a-Anverso-624x444.jpg 624w, http:\/\/www.grupo-algeciras.com\/wpress\/wp-content\/uploads\/136a-Anverso.jpg 1743w\" sizes=\"auto, (max-width: 300px) 100vw, 300px\" \/><\/td>\n<td style=\"width: 54%;\"><img loading=\"lazy\" decoding=\"async\" class=\"size-medium wp-image-2614 aligncenter\" style=\"color: #444444; font-size: 14px;\" src=\"http:\/\/www.grupo-algeciras.com\/wpress\/wp-content\/uploads\/Dorso-136a-300x213.jpg\" alt=\"\" width=\"300\" height=\"213\" srcset=\"http:\/\/www.grupo-algeciras.com\/wpress\/wp-content\/uploads\/Dorso-136a-300x213.jpg 300w, http:\/\/www.grupo-algeciras.com\/wpress\/wp-content\/uploads\/Dorso-136a-680x483.jpg 680w, http:\/\/www.grupo-algeciras.com\/wpress\/wp-content\/uploads\/Dorso-136a-768x546.jpg 768w, http:\/\/www.grupo-algeciras.com\/wpress\/wp-content\/uploads\/Dorso-136a-624x444.jpg 624w, http:\/\/www.grupo-algeciras.com\/wpress\/wp-content\/uploads\/Dorso-136a.jpg 1162w\" sizes=\"auto, (max-width: 300px) 100vw, 300px\" \/><\/td>\n<\/tr>\n<\/tbody>\n<\/table>\n<p><strong style=\"color: #339966; font-size: 1rem;\">EXPOSICI\u00d3N NUMISM\u00c1TICA SOCIAL, SEPTIEMBRE 2024<\/strong><\/p>\n<p>El viernes 6 de septiembre tuvo lugar ante un numero grupo de socios y amigos, la apertura e inauguraci\u00f3n de la Exposici\u00f3n de \u00abBILLETES DEL MUNDO\u00bb de nuestro socio y vocal de actividades culinarias Manuel Riscart Delgado.<\/p>\n<p>La Exposici\u00f3n permanecer\u00e1 abierta dos meses, cuando se proceder\u00e1 a la instalaci\u00f3n de un nueva Muestra.<\/p>\n<p>Para la misma se ha editado por parte del Grupo Filat\u00e9lico la correspondiente postal. Esta se entregar\u00e1 a los socios y visitantes a la Muestra.<\/p>\n<table style=\"border-collapse: collapse; width: 100%;\">\n<tbody>\n<tr>\n<td style=\"width: 50%;\"><img loading=\"lazy\" decoding=\"async\" class=\"alignnone size-medium wp-image-2576 aligncenter\" style=\"margin-top: 0.857143rem; margin-bottom: 0.857143rem;\" src=\"http:\/\/www.grupo-algeciras.com\/wpress\/wp-content\/uploads\/IMG-20240906-WA0026-1-300x225.jpg\" alt=\"\" width=\"300\" height=\"225\" srcset=\"http:\/\/www.grupo-algeciras.com\/wpress\/wp-content\/uploads\/IMG-20240906-WA0026-1-300x225.jpg 300w, http:\/\/www.grupo-algeciras.com\/wpress\/wp-content\/uploads\/IMG-20240906-WA0026-1-680x510.jpg 680w, http:\/\/www.grupo-algeciras.com\/wpress\/wp-content\/uploads\/IMG-20240906-WA0026-1-768x576.jpg 768w, http:\/\/www.grupo-algeciras.com\/wpress\/wp-content\/uploads\/IMG-20240906-WA0026-1-1536x1152.jpg 1536w, http:\/\/www.grupo-algeciras.com\/wpress\/wp-content\/uploads\/IMG-20240906-WA0026-1-624x468.jpg 624w, http:\/\/www.grupo-algeciras.com\/wpress\/wp-content\/uploads\/IMG-20240906-WA0026-1.jpg 1600w\" sizes=\"auto, (max-width: 300px) 100vw, 300px\" \/><\/td>\n<td style=\"width: 50%;\"><img loading=\"lazy\" decoding=\"async\" class=\"alignnone size-medium wp-image-2574 aligncenter\" style=\"margin-top: 0.857143rem; margin-bottom: 0.857143rem;\" src=\"http:\/\/www.grupo-algeciras.com\/wpress\/wp-content\/uploads\/IMG-20240906-WA0022-300x225.jpg\" alt=\"\" width=\"300\" height=\"225\" srcset=\"http:\/\/www.grupo-algeciras.com\/wpress\/wp-content\/uploads\/IMG-20240906-WA0022-300x225.jpg 300w, http:\/\/www.grupo-algeciras.com\/wpress\/wp-content\/uploads\/IMG-20240906-WA0022-680x510.jpg 680w, http:\/\/www.grupo-algeciras.com\/wpress\/wp-content\/uploads\/IMG-20240906-WA0022-768x576.jpg 768w, http:\/\/www.grupo-algeciras.com\/wpress\/wp-content\/uploads\/IMG-20240906-WA0022-1536x1152.jpg 1536w, http:\/\/www.grupo-algeciras.com\/wpress\/wp-content\/uploads\/IMG-20240906-WA0022-624x468.jpg 624w, http:\/\/www.grupo-algeciras.com\/wpress\/wp-content\/uploads\/IMG-20240906-WA0022.jpg 1600w\" sizes=\"auto, (max-width: 300px) 100vw, 300px\" \/><\/td>\n<\/tr>\n<tr>\n<td style=\"width: 50%;\"><img loading=\"lazy\" decoding=\"async\" class=\"alignnone size-medium wp-image-2575 aligncenter\" style=\"margin-top: 0.857143rem; margin-bottom: 0.857143rem; color: #444444; font-size: 14px;\" src=\"http:\/\/www.grupo-algeciras.com\/wpress\/wp-content\/uploads\/IMG-20240906-WA0023-300x225.jpg\" alt=\"\" width=\"300\" height=\"225\" srcset=\"http:\/\/www.grupo-algeciras.com\/wpress\/wp-content\/uploads\/IMG-20240906-WA0023-300x225.jpg 300w, http:\/\/www.grupo-algeciras.com\/wpress\/wp-content\/uploads\/IMG-20240906-WA0023-680x510.jpg 680w, http:\/\/www.grupo-algeciras.com\/wpress\/wp-content\/uploads\/IMG-20240906-WA0023-768x576.jpg 768w, http:\/\/www.grupo-algeciras.com\/wpress\/wp-content\/uploads\/IMG-20240906-WA0023-1536x1152.jpg 1536w, http:\/\/www.grupo-algeciras.com\/wpress\/wp-content\/uploads\/IMG-20240906-WA0023-624x468.jpg 624w, http:\/\/www.grupo-algeciras.com\/wpress\/wp-content\/uploads\/IMG-20240906-WA0023.jpg 1600w\" sizes=\"auto, (max-width: 300px) 100vw, 300px\" \/><\/td>\n<td style=\"width: 50%;\"><img loading=\"lazy\" decoding=\"async\" class=\"alignnone size-medium wp-image-2573 aligncenter\" style=\"margin-top: 0.857143rem; margin-bottom: 0.857143rem; color: #444444; font-size: 14px;\" src=\"http:\/\/www.grupo-algeciras.com\/wpress\/wp-content\/uploads\/IMG-20240906-WA0021-300x225.jpg\" alt=\"\" width=\"300\" height=\"225\" srcset=\"http:\/\/www.grupo-algeciras.com\/wpress\/wp-content\/uploads\/IMG-20240906-WA0021-300x225.jpg 300w, http:\/\/www.grupo-algeciras.com\/wpress\/wp-content\/uploads\/IMG-20240906-WA0021-680x510.jpg 680w, http:\/\/www.grupo-algeciras.com\/wpress\/wp-content\/uploads\/IMG-20240906-WA0021-768x576.jpg 768w, http:\/\/www.grupo-algeciras.com\/wpress\/wp-content\/uploads\/IMG-20240906-WA0021-1536x1152.jpg 1536w, http:\/\/www.grupo-algeciras.com\/wpress\/wp-content\/uploads\/IMG-20240906-WA0021-624x468.jpg 624w, http:\/\/www.grupo-algeciras.com\/wpress\/wp-content\/uploads\/IMG-20240906-WA0021.jpg 1600w\" sizes=\"auto, (max-width: 300px) 100vw, 300px\" \/><\/td>\n<\/tr>\n<tr>\n<td style=\"width: 50%;\"><img loading=\"lazy\" decoding=\"async\" class=\"alignnone wp-image-2585 aligncenter\" style=\"margin-top: 0.857143rem; margin-bottom: 0.857143rem;\" src=\"http:\/\/www.grupo-algeciras.com\/wpress\/wp-content\/uploads\/135-300x213.jpg\" alt=\"\" width=\"312\" height=\"226\" \/><\/td>\n<td style=\"width: 50%;\"><img loading=\"lazy\" decoding=\"async\" class=\"alignnone size-medium wp-image-2586 aligncenter\" style=\"margin-top: 0.857143rem; margin-bottom: 0.857143rem; color: #444444; font-size: 14px;\" src=\"http:\/\/www.grupo-algeciras.com\/wpress\/wp-content\/uploads\/135a-300x226.jpg\" alt=\"\" width=\"300\" height=\"226\" srcset=\"http:\/\/www.grupo-algeciras.com\/wpress\/wp-content\/uploads\/135a-300x226.jpg 300w, http:\/\/www.grupo-algeciras.com\/wpress\/wp-content\/uploads\/135a-680x511.jpg 680w, http:\/\/www.grupo-algeciras.com\/wpress\/wp-content\/uploads\/135a-768x577.jpg 768w, http:\/\/www.grupo-algeciras.com\/wpress\/wp-content\/uploads\/135a-624x469.jpg 624w, http:\/\/www.grupo-algeciras.com\/wpress\/wp-content\/uploads\/135a.jpg 1180w\" sizes=\"auto, (max-width: 300px) 100vw, 300px\" \/><\/td>\n<\/tr>\n<\/tbody>\n<\/table>\n<p style=\"text-align: right;\"><strong>Juan Pan\u00e9s Cantero<\/strong><\/p>\n<p><span style=\"color: #339966;\"><strong>EXPOSICI\u00d3N NUMISM\u00c1TICA SOCIAL mayo-24<\/strong><\/span><\/p>\n<p>El viernes 10 de mayo tuvo lugar la inauguraci\u00f3n de la Exposici\u00f3n Numism\u00e1tica Social mayo&#8217;24 en el Sal\u00f3n de Exposiciones del Grupo Filat\u00e9lico y Numism\u00e1tico de Algeciras. \u00abNumism\u00e1tica \u201c20 a\u00f1os de monedas conmemorativas de 2 euros\u201d (2004-2023).<\/p>\n<p>El acto de inauguraci\u00f3n estuvo presidido por la delegada de cultura del Ayuntamiento de Algeciras D\u00aa Pilar Pintor acompa\u00f1ada de la junta directiva del Grupo Filat\u00e9lico y Numism\u00e1tico local junto a un buen n\u00famero de socios y amigos.<\/p>\n<p>La Muestra de nuestro socio Francisco M\u00e1rquez hace un recorrido por la moneda de dos euros desde su implantaci\u00f3n en todos los pa\u00edses con moneda com\u00fan \u201cEl EURO\u201d, el expositor dio una detallada explicaci\u00f3n a los asistentes de las diferentes monedas y de los pa\u00edses que la componen con especial hincapi\u00e9 en los peque\u00f1os y la vez con menos tiradas de estas monedas.<\/p>\n<p>Como en anteriores ocasiones tenemos que agradecer al Correo de Algeciras por su asistencia y por dedicarnos unos minutos del matasellos tur\u00edstico de la ciudad.<\/p>\n<p>La Muestra estar\u00e1 abierta hasta el 21 de junio, donde comenzaran las vacaciones estivales hasta septiembre.<\/p>\n<p>El final de la visita se complet\u00f3 con un vino espa\u00f1ol y los diversos manjares de nuestra zona.<\/p>\n<p><img loading=\"lazy\" decoding=\"async\" class=\"alignnone size-medium wp-image-2559 aligncenter\" src=\"http:\/\/www.grupo-algeciras.com\/wpress\/wp-content\/uploads\/Paco-2--300x158.jpeg\" alt=\"\" width=\"450\" height=\"237\" srcset=\"http:\/\/www.grupo-algeciras.com\/wpress\/wp-content\/uploads\/Paco-2--300x158.jpeg 300w, http:\/\/www.grupo-algeciras.com\/wpress\/wp-content\/uploads\/Paco-2--680x358.jpeg 680w, http:\/\/www.grupo-algeciras.com\/wpress\/wp-content\/uploads\/Paco-2--768x404.jpeg 768w, http:\/\/www.grupo-algeciras.com\/wpress\/wp-content\/uploads\/Paco-2--1536x808.jpeg 1536w, http:\/\/www.grupo-algeciras.com\/wpress\/wp-content\/uploads\/Paco-2--624x328.jpeg 624w, http:\/\/www.grupo-algeciras.com\/wpress\/wp-content\/uploads\/Paco-2-.jpeg 1600w\" sizes=\"auto, (max-width: 450px) 100vw, 450px\" \/> <img loading=\"lazy\" decoding=\"async\" class=\"alignnone size-medium wp-image-2558 aligncenter\" src=\"http:\/\/www.grupo-algeciras.com\/wpress\/wp-content\/uploads\/paco-3--300x225.jpeg\" alt=\"\" width=\"300\" height=\"225\" srcset=\"http:\/\/www.grupo-algeciras.com\/wpress\/wp-content\/uploads\/paco-3--300x225.jpeg 300w, http:\/\/www.grupo-algeciras.com\/wpress\/wp-content\/uploads\/paco-3--680x510.jpeg 680w, http:\/\/www.grupo-algeciras.com\/wpress\/wp-content\/uploads\/paco-3--768x576.jpeg 768w, http:\/\/www.grupo-algeciras.com\/wpress\/wp-content\/uploads\/paco-3--1536x1152.jpeg 1536w, http:\/\/www.grupo-algeciras.com\/wpress\/wp-content\/uploads\/paco-3--624x468.jpeg 624w, http:\/\/www.grupo-algeciras.com\/wpress\/wp-content\/uploads\/paco-3-.jpeg 1600w\" sizes=\"auto, (max-width: 300px) 100vw, 300px\" \/><\/p>\n<p><img loading=\"lazy\" decoding=\"async\" class=\"alignnone size-medium wp-image-2553 aligncenter\" src=\"http:\/\/www.grupo-algeciras.com\/wpress\/wp-content\/uploads\/134a-300x215.jpg\" alt=\"\" width=\"300\" height=\"215\" srcset=\"http:\/\/www.grupo-algeciras.com\/wpress\/wp-content\/uploads\/134a-300x215.jpg 300w, http:\/\/www.grupo-algeciras.com\/wpress\/wp-content\/uploads\/134a-680x488.jpg 680w, http:\/\/www.grupo-algeciras.com\/wpress\/wp-content\/uploads\/134a-768x551.jpg 768w, http:\/\/www.grupo-algeciras.com\/wpress\/wp-content\/uploads\/134a-624x448.jpg 624w, http:\/\/www.grupo-algeciras.com\/wpress\/wp-content\/uploads\/134a.jpg 1151w\" sizes=\"auto, (max-width: 300px) 100vw, 300px\" \/> <img loading=\"lazy\" decoding=\"async\" class=\"alignnone size-medium wp-image-2552 aligncenter\" src=\"http:\/\/www.grupo-algeciras.com\/wpress\/wp-content\/uploads\/134-300x213.jpg\" alt=\"\" width=\"300\" height=\"213\" srcset=\"http:\/\/www.grupo-algeciras.com\/wpress\/wp-content\/uploads\/134-300x213.jpg 300w, http:\/\/www.grupo-algeciras.com\/wpress\/wp-content\/uploads\/134-680x482.jpg 680w, http:\/\/www.grupo-algeciras.com\/wpress\/wp-content\/uploads\/134-768x544.jpg 768w, http:\/\/www.grupo-algeciras.com\/wpress\/wp-content\/uploads\/134-624x442.jpg 624w, http:\/\/www.grupo-algeciras.com\/wpress\/wp-content\/uploads\/134.jpg 1158w\" sizes=\"auto, (max-width: 300px) 100vw, 300px\" \/><\/p>\n<p style=\"text-align: right;\"><strong>Juan Pan\u00e9s Cantero<\/strong><\/p>\n<p><span style=\"color: #339966;\"><strong>EXPOSICI\u00d3N FILAT\u00c9LICA SOCIAL abril-24<\/strong><\/span><\/p>\n<p>El viernes 5 de abril se inaugur\u00f3 en nuestra sede social la Exposici\u00f3n filat\u00e9lica y digo bien FILAT\u00c9LICA, ya que todo lo expuesto es de nuestra afici\u00f3n com\u00fan.<\/p>\n<p>Como se puede ver en la postal editada a tal fin y realizada por nuestro presidente, los expositores son cuatro con colecciones de uno-dos y cuatro cuadros, asi tenemos que los diferentes paneles encontraremos toda la gama de la filatelia.<\/p>\n<p style=\"text-align: center;\"><strong>&#8211; Trampantojo del dinosaurio de Juan Pan\u00e9s.<\/strong><\/p>\n<p style=\"text-align: center;\"><strong>&#8211; Juan de la Cierva, matasellos a\u00e9reos de T\u00e1nger de Juan Pan\u00e9s.<\/strong><\/p>\n<p style=\"text-align: center;\"><strong>&#8211; Firmantes de la independencia de EE.UU. de Jos\u00e9 Luis Rubio.<\/strong><\/p>\n<p style=\"text-align: center;\"><strong>&#8211; Cuatro cuartos en la provincia de C\u00e1diz de Andr\u00e9s Andrades.<\/strong><\/p>\n<p style=\"text-align: center;\"><strong>&#8211; Rapaces. Veh\u00edculos y cetrer\u00eda de Andr\u00e9s Andrades.<\/strong><\/p>\n<p style=\"text-align: center;\"><strong>&#8211; RAF. Royal Air Force: Comandantes y Escuadrones de Jos\u00e9 Carlos Jim\u00e9nez.<\/strong><\/p>\n<p>La Muestra estar\u00e1 abierta hasta primeros de mayo.<\/p>\n<p><img loading=\"lazy\" decoding=\"async\" class=\"size-medium wp-image-2535 aligncenter\" src=\"http:\/\/www.grupo-algeciras.com\/wpress\/wp-content\/uploads\/WhatsApp-Image-2024-03-29-at-10.19.29-1-1-300x213.jpeg\" alt=\"\" width=\"450\" height=\"320\" srcset=\"http:\/\/www.grupo-algeciras.com\/wpress\/wp-content\/uploads\/WhatsApp-Image-2024-03-29-at-10.19.29-1-1-300x213.jpeg 300w, http:\/\/www.grupo-algeciras.com\/wpress\/wp-content\/uploads\/WhatsApp-Image-2024-03-29-at-10.19.29-1-1-680x483.jpeg 680w, http:\/\/www.grupo-algeciras.com\/wpress\/wp-content\/uploads\/WhatsApp-Image-2024-03-29-at-10.19.29-1-1-768x546.jpeg 768w, http:\/\/www.grupo-algeciras.com\/wpress\/wp-content\/uploads\/WhatsApp-Image-2024-03-29-at-10.19.29-1-1-624x444.jpeg 624w, http:\/\/www.grupo-algeciras.com\/wpress\/wp-content\/uploads\/WhatsApp-Image-2024-03-29-at-10.19.29-1-1.jpeg 1162w\" sizes=\"auto, (max-width: 450px) 100vw, 450px\" \/> <img loading=\"lazy\" decoding=\"async\" class=\"size-medium wp-image-2546 aligncenter\" src=\"http:\/\/www.grupo-algeciras.com\/wpress\/wp-content\/uploads\/WhatsApp-Image-2024-04-09-at-18.51.56-146x300.jpeg\" alt=\"\" width=\"200\" height=\"411\" srcset=\"http:\/\/www.grupo-algeciras.com\/wpress\/wp-content\/uploads\/WhatsApp-Image-2024-04-09-at-18.51.56-146x300.jpeg 146w, http:\/\/www.grupo-algeciras.com\/wpress\/wp-content\/uploads\/WhatsApp-Image-2024-04-09-at-18.51.56-497x1024.jpeg 497w, http:\/\/www.grupo-algeciras.com\/wpress\/wp-content\/uploads\/WhatsApp-Image-2024-04-09-at-18.51.56-768x1581.jpeg 768w, http:\/\/www.grupo-algeciras.com\/wpress\/wp-content\/uploads\/WhatsApp-Image-2024-04-09-at-18.51.56-746x1536.jpeg 746w, http:\/\/www.grupo-algeciras.com\/wpress\/wp-content\/uploads\/WhatsApp-Image-2024-04-09-at-18.51.56-624x1285.jpeg 624w, http:\/\/www.grupo-algeciras.com\/wpress\/wp-content\/uploads\/WhatsApp-Image-2024-04-09-at-18.51.56.jpeg 777w\" sizes=\"auto, (max-width: 200px) 100vw, 200px\" \/><\/p>\n<p style=\"text-align: right;\"><img loading=\"lazy\" decoding=\"async\" class=\"alignnone size-medium wp-image-2544 aligncenter\" src=\"http:\/\/www.grupo-algeciras.com\/wpress\/wp-content\/uploads\/WhatsApp-Image-2024-04-09-at-18.51.58-300x146.jpeg\" alt=\"\" width=\"411\" height=\"200\" srcset=\"http:\/\/www.grupo-algeciras.com\/wpress\/wp-content\/uploads\/WhatsApp-Image-2024-04-09-at-18.51.58-300x146.jpeg 300w, http:\/\/www.grupo-algeciras.com\/wpress\/wp-content\/uploads\/WhatsApp-Image-2024-04-09-at-18.51.58-680x330.jpeg 680w, http:\/\/www.grupo-algeciras.com\/wpress\/wp-content\/uploads\/WhatsApp-Image-2024-04-09-at-18.51.58-768x373.jpeg 768w, http:\/\/www.grupo-algeciras.com\/wpress\/wp-content\/uploads\/WhatsApp-Image-2024-04-09-at-18.51.58-1536x746.jpeg 1536w, http:\/\/www.grupo-algeciras.com\/wpress\/wp-content\/uploads\/WhatsApp-Image-2024-04-09-at-18.51.58-624x303.jpeg 624w, http:\/\/www.grupo-algeciras.com\/wpress\/wp-content\/uploads\/WhatsApp-Image-2024-04-09-at-18.51.58.jpeg 1600w\" sizes=\"auto, (max-width: 411px) 100vw, 411px\" \/><img loading=\"lazy\" decoding=\"async\" class=\"alignnone size-medium wp-image-2543 aligncenter\" style=\"font-size: 1rem;\" src=\"http:\/\/www.grupo-algeciras.com\/wpress\/wp-content\/uploads\/WhatsApp-Image-2024-04-09-at-18.51.58-1-300x146.jpeg\" alt=\"\" width=\"411\" height=\"200\" srcset=\"http:\/\/www.grupo-algeciras.com\/wpress\/wp-content\/uploads\/WhatsApp-Image-2024-04-09-at-18.51.58-1-300x146.jpeg 300w, http:\/\/www.grupo-algeciras.com\/wpress\/wp-content\/uploads\/WhatsApp-Image-2024-04-09-at-18.51.58-1-680x330.jpeg 680w, http:\/\/www.grupo-algeciras.com\/wpress\/wp-content\/uploads\/WhatsApp-Image-2024-04-09-at-18.51.58-1-768x373.jpeg 768w, http:\/\/www.grupo-algeciras.com\/wpress\/wp-content\/uploads\/WhatsApp-Image-2024-04-09-at-18.51.58-1-1536x746.jpeg 1536w, http:\/\/www.grupo-algeciras.com\/wpress\/wp-content\/uploads\/WhatsApp-Image-2024-04-09-at-18.51.58-1-624x303.jpeg 624w, http:\/\/www.grupo-algeciras.com\/wpress\/wp-content\/uploads\/WhatsApp-Image-2024-04-09-at-18.51.58-1.jpeg 1600w\" sizes=\"auto, (max-width: 411px) 100vw, 411px\" \/><img loading=\"lazy\" decoding=\"async\" class=\"alignnone size-medium wp-image-2545 aligncenter\" style=\"font-size: 1rem;\" src=\"http:\/\/www.grupo-algeciras.com\/wpress\/wp-content\/uploads\/WhatsApp-Image-2024-04-09-at-18.51.57-300x146.jpeg\" alt=\"\" width=\"411\" height=\"200\" srcset=\"http:\/\/www.grupo-algeciras.com\/wpress\/wp-content\/uploads\/WhatsApp-Image-2024-04-09-at-18.51.57-300x146.jpeg 300w, http:\/\/www.grupo-algeciras.com\/wpress\/wp-content\/uploads\/WhatsApp-Image-2024-04-09-at-18.51.57-680x330.jpeg 680w, http:\/\/www.grupo-algeciras.com\/wpress\/wp-content\/uploads\/WhatsApp-Image-2024-04-09-at-18.51.57-768x373.jpeg 768w, http:\/\/www.grupo-algeciras.com\/wpress\/wp-content\/uploads\/WhatsApp-Image-2024-04-09-at-18.51.57-1536x746.jpeg 1536w, http:\/\/www.grupo-algeciras.com\/wpress\/wp-content\/uploads\/WhatsApp-Image-2024-04-09-at-18.51.57-624x303.jpeg 624w, http:\/\/www.grupo-algeciras.com\/wpress\/wp-content\/uploads\/WhatsApp-Image-2024-04-09-at-18.51.57.jpeg 1600w\" sizes=\"auto, (max-width: 411px) 100vw, 411px\" \/><span style=\"font-size: 1rem;\"> <strong>Juan Pan\u00e9s Cantero<\/strong><\/span><\/p>\n<p style=\"text-align: justify;\"><span style=\"color: #339966;\"><strong>EXPOSICI\u00d3N FILAT\u00c9LICA SOCIAL<\/strong><\/span><\/p>\n<p style=\"text-align: justify;\">El d\u00eda 2 de febrero tuvo lugar en el local social del Grupo Filat\u00e9lico y Numism\u00e1tico de Algeciras, la inauguraci\u00f3n de la Exposici\u00f3n Filat\u00e9lica \u201cATMs t\u00e9rmicos de ciclomotores y automoci\u00f3n\u201d de nuestro socio Juan Pan\u00e9s Cantero.<\/p>\n<p style=\"text-align: justify;\">La Muestra presenta las diferentes motocicletas que circularon con este motivo \u201clas motos\u201d y \u201clos coches\u201d, esta Exposici\u00f3n presenta las diferentes y variadas ATMs que se pusieron en circulaci\u00f3n con las diferentes m\u00e1quinas EPELSA. Diferentes valores b\u00e1sicos, circulaci\u00f3n de las mismas, certificados, urgentes y las utilizadas conjuntamente con sellos conmemorativos para completar franqueos y las diferentes ATM con numeraciones de Certificado.<\/p>\n<p style=\"text-align: justify;\">El Grupo ha editado una tarjeta postal que se entrega a los asistentes como recuerdo de la Muestra.<\/p>\n<p><img loading=\"lazy\" decoding=\"async\" class=\"size-medium wp-image-2528 aligncenter\" src=\"http:\/\/www.grupo-algeciras.com\/wpress\/wp-content\/uploads\/132-1--300x211.jpg\" alt=\"\" width=\"450\" height=\"317\" srcset=\"http:\/\/www.grupo-algeciras.com\/wpress\/wp-content\/uploads\/132-1--300x211.jpg 300w, http:\/\/www.grupo-algeciras.com\/wpress\/wp-content\/uploads\/132-1--680x477.jpg 680w, http:\/\/www.grupo-algeciras.com\/wpress\/wp-content\/uploads\/132-1--768x539.jpg 768w, http:\/\/www.grupo-algeciras.com\/wpress\/wp-content\/uploads\/132-1--624x438.jpg 624w, http:\/\/www.grupo-algeciras.com\/wpress\/wp-content\/uploads\/132-1-.jpg 1161w\" sizes=\"auto, (max-width: 450px) 100vw, 450px\" \/> <img loading=\"lazy\" decoding=\"async\" class=\"size-medium wp-image-2529 aligncenter\" src=\"http:\/\/www.grupo-algeciras.com\/wpress\/wp-content\/uploads\/Scan-300x210.jpg\" alt=\"\" width=\"450\" height=\"315\" srcset=\"http:\/\/www.grupo-algeciras.com\/wpress\/wp-content\/uploads\/Scan-300x210.jpg 300w, http:\/\/www.grupo-algeciras.com\/wpress\/wp-content\/uploads\/Scan-680x477.jpg 680w, http:\/\/www.grupo-algeciras.com\/wpress\/wp-content\/uploads\/Scan-768x539.jpg 768w, http:\/\/www.grupo-algeciras.com\/wpress\/wp-content\/uploads\/Scan-624x438.jpg 624w, http:\/\/www.grupo-algeciras.com\/wpress\/wp-content\/uploads\/Scan.jpg 1149w\" sizes=\"auto, (max-width: 450px) 100vw, 450px\" \/><\/p>\n<p>La Exposici\u00f3n permanecer\u00e1 abierta hasta el 8 de marzo.<\/p>\n<p><img loading=\"lazy\" decoding=\"async\" class=\"alignnone size-medium wp-image-2519 aligncenter\" src=\"http:\/\/www.grupo-algeciras.com\/wpress\/wp-content\/uploads\/20240123_182622-300x169.jpg\" alt=\"\" width=\"450\" height=\"254\" srcset=\"http:\/\/www.grupo-algeciras.com\/wpress\/wp-content\/uploads\/20240123_182622-300x169.jpg 300w, http:\/\/www.grupo-algeciras.com\/wpress\/wp-content\/uploads\/20240123_182622-680x383.jpg 680w, http:\/\/www.grupo-algeciras.com\/wpress\/wp-content\/uploads\/20240123_182622-768x432.jpg 768w, http:\/\/www.grupo-algeciras.com\/wpress\/wp-content\/uploads\/20240123_182622-1536x864.jpg 1536w, http:\/\/www.grupo-algeciras.com\/wpress\/wp-content\/uploads\/20240123_182622-2048x1152.jpg 2048w, http:\/\/www.grupo-algeciras.com\/wpress\/wp-content\/uploads\/20240123_182622-624x351.jpg 624w\" sizes=\"auto, (max-width: 450px) 100vw, 450px\" \/> <img loading=\"lazy\" decoding=\"async\" class=\"alignnone size-medium wp-image-2518 aligncenter\" src=\"http:\/\/www.grupo-algeciras.com\/wpress\/wp-content\/uploads\/20240122_194636-300x169.jpg\" alt=\"\" width=\"450\" height=\"254\" srcset=\"http:\/\/www.grupo-algeciras.com\/wpress\/wp-content\/uploads\/20240122_194636-300x169.jpg 300w, http:\/\/www.grupo-algeciras.com\/wpress\/wp-content\/uploads\/20240122_194636-680x383.jpg 680w, http:\/\/www.grupo-algeciras.com\/wpress\/wp-content\/uploads\/20240122_194636-768x432.jpg 768w, http:\/\/www.grupo-algeciras.com\/wpress\/wp-content\/uploads\/20240122_194636-1536x864.jpg 1536w, http:\/\/www.grupo-algeciras.com\/wpress\/wp-content\/uploads\/20240122_194636-2048x1152.jpg 2048w, http:\/\/www.grupo-algeciras.com\/wpress\/wp-content\/uploads\/20240122_194636-624x351.jpg 624w\" sizes=\"auto, (max-width: 450px) 100vw, 450px\" \/><\/p>\n<p style=\"text-align: right;\"><strong>Juan Pan\u00e9s Cantero<\/strong><\/p>\n<p><span style=\"color: #339966;\"><strong>ASAMBLEA GENERAL DE SOCIOS<\/strong><\/span><\/p>\n<p><img loading=\"lazy\" decoding=\"async\" class=\"size-medium wp-image-2510 aligncenter\" src=\"http:\/\/www.grupo-algeciras.com\/wpress\/wp-content\/uploads\/20240126_200501-300x146.jpg\" alt=\"\" width=\"450\" height=\"219\" srcset=\"http:\/\/www.grupo-algeciras.com\/wpress\/wp-content\/uploads\/20240126_200501-300x146.jpg 300w, http:\/\/www.grupo-algeciras.com\/wpress\/wp-content\/uploads\/20240126_200501-680x331.jpg 680w, http:\/\/www.grupo-algeciras.com\/wpress\/wp-content\/uploads\/20240126_200501-768x373.jpg 768w, http:\/\/www.grupo-algeciras.com\/wpress\/wp-content\/uploads\/20240126_200501-1536x747.jpg 1536w, http:\/\/www.grupo-algeciras.com\/wpress\/wp-content\/uploads\/20240126_200501-2048x996.jpg 2048w, http:\/\/www.grupo-algeciras.com\/wpress\/wp-content\/uploads\/20240126_200501-624x303.jpg 624w\" sizes=\"auto, (max-width: 450px) 100vw, 450px\" \/> <img loading=\"lazy\" decoding=\"async\" class=\"size-medium wp-image-2509 aligncenter\" src=\"http:\/\/www.grupo-algeciras.com\/wpress\/wp-content\/uploads\/20240126_200436-300x146.jpg\" alt=\"\" width=\"450\" height=\"219\" srcset=\"http:\/\/www.grupo-algeciras.com\/wpress\/wp-content\/uploads\/20240126_200436-300x146.jpg 300w, http:\/\/www.grupo-algeciras.com\/wpress\/wp-content\/uploads\/20240126_200436-680x331.jpg 680w, http:\/\/www.grupo-algeciras.com\/wpress\/wp-content\/uploads\/20240126_200436-768x373.jpg 768w, http:\/\/www.grupo-algeciras.com\/wpress\/wp-content\/uploads\/20240126_200436-1536x747.jpg 1536w, http:\/\/www.grupo-algeciras.com\/wpress\/wp-content\/uploads\/20240126_200436-2048x996.jpg 2048w, http:\/\/www.grupo-algeciras.com\/wpress\/wp-content\/uploads\/20240126_200436-624x303.jpg 624w\" sizes=\"auto, (max-width: 450px) 100vw, 450px\" \/><\/p>\n<p style=\"text-align: justify;\">El d\u00eda 26 de enero de 2024, en la sede social del Grupo Filat\u00e9lico y Numism\u00e1tico de Algeciras, se convoca Junta General Ordinaria para tratar sobre el informe de cuentas del a\u00f1o 2023, los presupuestos del 2024, as\u00ed como el informe anual de la Presidencia con las actividades efectuadas en el a\u00f1o 2023. La Renovaci\u00f3n de la Junta Directiva y el programa de actividades para el a\u00f1o 2024.<\/p>\n<p style=\"text-align: justify;\">Durante el a\u00f1o 2023, El Grupo realiz\u00f3 diversas exposiciones locales, entre ellas, Flora y Fauna de EEUU, B\u00fahos (JL Rubio), Etiquetas de Vino (M Riscart), SPD de EEUU (JL Rubio), Vitolas de Espa\u00f1a (JC Jim\u00e9nez), Monedas Espa\u00f1olas, de Gran Breta\u00f1a y de EEUU (M Riscart), y una participaci\u00f3n del Grupo Filat\u00e9lico y Numism\u00e1tico de Algeciras en la Exposici\u00f3n Filat\u00e9lica Nacional (Exfilna 61\u00aa) en Teruel 2023 con la colecci\u00f3n de Etiquetas de Cervezas Artesanales de Arag\u00f3n (JC Jim\u00e9nez)<\/p>\n<p style=\"text-align: justify;\">Sobre la renovaci\u00f3n de la Junta Directiva, al no presentarse candidatura alguna se mantiene la misma que la del a\u00f1o anterior:<\/p>\n<p style=\"text-align: justify;\">Jos\u00e9 Carlos Jim\u00e9nez Mombiedro (Presidente), Jos\u00e9 Manuel Sampedro Guerrero (Vicepresidente), Andr\u00e9s Andrades G\u00f3mez (Tesorero), Guillermo M\u00e1rquez Campillo (Secretario) y Manuel Riscart Delgado (Vocal de festejos y gastronom\u00eda).<\/p>\n<p style=\"text-align: justify;\">Entre las actividades propuestas para el a\u00f1o 2024 se encuentran las siguientes:<\/p>\n<p style=\"text-align: justify;\">Exposiciones mensuales, elaboraci\u00f3n de invitaciones y distribuci\u00f3n a socios y a terceros, carteles anunciadores de cada muestra, se retomar\u00e1n la emisiones de los sellos personalizados y la elaboraci\u00f3n del cat\u00e1logo de cupones de la ONCE, se mantendr\u00e1n las revistas RF y Eco Filat\u00e9lico, actualizaci\u00f3n de cat\u00e1logos (sellos, monedas, billetes,..)\u00a0 a instancias del socio que lo necesite.<\/p>\n<p style=\"text-align: justify;\">Del servicio Filat\u00e9lico de Espa\u00f1a, abastecimiento de los sellos, pruebas, tarjetas, hojas o \u00e1lbumes anuales y se tratar\u00e1 de volver al contacto del coleccionismo v\u00eda intercambio dedicando el primer viernes de cada mes a este menester en nuestro local social.<\/p>\n<p style=\"text-align: right;\"><strong>Juan Pan\u00e9s Cantero<\/strong><\/p>\n<p style=\"text-align: center;\"><span style=\"color: #339966; font-size: 14pt;\"><strong>ACTIVIDADES CURSO 2023<\/strong><\/span><\/p>\n<p style=\"text-align: center;\"><strong><span style=\"color: #339966;\">COMIDA HERMANDAD NAVIDAD 2023<\/span><\/strong><\/p>\n<p><img loading=\"lazy\" decoding=\"async\" class=\"size-medium wp-image-2487 aligncenter\" src=\"http:\/\/www.grupo-algeciras.com\/wpress\/wp-content\/uploads\/WhatsApp-Image-2023-12-10-at-15.16.10-204x300.jpeg\" alt=\"\" width=\"600\" height=\"882\" srcset=\"http:\/\/www.grupo-algeciras.com\/wpress\/wp-content\/uploads\/WhatsApp-Image-2023-12-10-at-15.16.10-204x300.jpeg 204w, http:\/\/www.grupo-algeciras.com\/wpress\/wp-content\/uploads\/WhatsApp-Image-2023-12-10-at-15.16.10-680x1000.jpeg 680w, http:\/\/www.grupo-algeciras.com\/wpress\/wp-content\/uploads\/WhatsApp-Image-2023-12-10-at-15.16.10-768x1130.jpeg 768w, http:\/\/www.grupo-algeciras.com\/wpress\/wp-content\/uploads\/WhatsApp-Image-2023-12-10-at-15.16.10-624x918.jpeg 624w, http:\/\/www.grupo-algeciras.com\/wpress\/wp-content\/uploads\/WhatsApp-Image-2023-12-10-at-15.16.10.jpeg 951w\" sizes=\"auto, (max-width: 600px) 100vw, 600px\" \/><\/p>\n<p style=\"text-align: right;\"><strong>Jos\u00e9 Carlos Jim\u00e9nez Mombiedro<\/strong><\/p>\n<p style=\"text-align: center;\"><strong><span style=\"color: #339966;\">REUNI\u00d3N EN LA SOCIEDAD<\/span><\/strong><\/p>\n<p style=\"text-align: justify;\">El viernes 3 de noviembre, tras la convocatoria realizada por nuestro presidente, nos reunimos en la sede del Grupo una treintena de socios y acompa\u00f1antes, como antesala de las comidas de Navidad y tomar un refrigerio y algunas que otras viandas. Y all\u00ed estuvimos hasta bien entrada la noche.<\/p>\n<p style=\"text-align: justify;\">Aqui os dejo una muestra del acontecimiento.<\/p>\n<p><img loading=\"lazy\" decoding=\"async\" class=\"size-medium wp-image-2474 aligncenter\" src=\"http:\/\/www.grupo-algeciras.com\/wpress\/wp-content\/uploads\/Copa-1--300x146.jpg\" alt=\"\" width=\"600\" height=\"292\" srcset=\"http:\/\/www.grupo-algeciras.com\/wpress\/wp-content\/uploads\/Copa-1--300x146.jpg 300w, http:\/\/www.grupo-algeciras.com\/wpress\/wp-content\/uploads\/Copa-1--680x330.jpg 680w, http:\/\/www.grupo-algeciras.com\/wpress\/wp-content\/uploads\/Copa-1--768x373.jpg 768w, http:\/\/www.grupo-algeciras.com\/wpress\/wp-content\/uploads\/Copa-1--1536x746.jpg 1536w, http:\/\/www.grupo-algeciras.com\/wpress\/wp-content\/uploads\/Copa-1--624x303.jpg 624w, http:\/\/www.grupo-algeciras.com\/wpress\/wp-content\/uploads\/Copa-1-.jpg 1600w\" sizes=\"auto, (max-width: 600px) 100vw, 600px\" \/> <img loading=\"lazy\" decoding=\"async\" class=\"size-medium wp-image-2475 aligncenter\" src=\"http:\/\/www.grupo-algeciras.com\/wpress\/wp-content\/uploads\/Copa-2--300x146.jpg\" alt=\"\" width=\"600\" height=\"292\" srcset=\"http:\/\/www.grupo-algeciras.com\/wpress\/wp-content\/uploads\/Copa-2--300x146.jpg 300w, http:\/\/www.grupo-algeciras.com\/wpress\/wp-content\/uploads\/Copa-2--680x330.jpg 680w, http:\/\/www.grupo-algeciras.com\/wpress\/wp-content\/uploads\/Copa-2--768x373.jpg 768w, http:\/\/www.grupo-algeciras.com\/wpress\/wp-content\/uploads\/Copa-2--1536x746.jpg 1536w, http:\/\/www.grupo-algeciras.com\/wpress\/wp-content\/uploads\/Copa-2--624x303.jpg 624w, http:\/\/www.grupo-algeciras.com\/wpress\/wp-content\/uploads\/Copa-2-.jpg 1600w\" sizes=\"auto, (max-width: 600px) 100vw, 600px\" \/><\/p>\n<p style=\"text-align: right;\"><strong>Juan Pan\u00e9s Cantero<\/strong><\/p>\n<p style=\"text-align: center;\"><strong><span style=\"color: #339966;\">EXPOSICI\u00d3N NUMISM\u00c1TICA<\/span><\/strong><\/p>\n<p style=\"text-align: justify;\">El pasado viernes 20 de octubre, se procedi\u00f3 a la inauguraci\u00f3n de la Exposici\u00f3n Numism\u00e1tica de nuestro socio Manuel Riscart Delgado, en el Sal\u00f3n de Exposiciones de nuestro local social.<\/p>\n<p style=\"text-align: justify;\">La Muestra numism\u00e1tica est\u00e1 representada por la moneda espa\u00f1ola y como no pod\u00eda faltar \u00ablos euros\u00bb, Gran Breta\u00f1a y Estados Unidos.<\/p>\n<p style=\"text-align: justify;\">Una nueva forma muy diferente de presentar la moneda, m\u00e1s atractiva y vistosa, ya que se han expuesto en los mismos cuadros preparados para la filatelia. El ingenio de Riscart para poder presentarlos en estos expositores y su valent\u00eda para hacer algo diferente, no deja indiferente a los visitantes, que en gran mayor\u00eda acudieron a la cita\u00a0 numism\u00e1tica.<\/p>\n<p style=\"text-align: justify;\">La Muestra estar\u00e1 expuesta hasta finales de a\u00f1o. Pudiendo ser visitada por las tardes de costumbre.<\/p>\n<p style=\"text-align: right;\"><strong>Juan Pan\u00e9s Cantero<\/strong><\/p>\n<p><img loading=\"lazy\" decoding=\"async\" class=\"alignnone size-medium wp-image-2463 aligncenter\" src=\"http:\/\/www.grupo-algeciras.com\/wpress\/wp-content\/uploads\/IMG-20231021-WA0001-300x146.jpg\" alt=\"\" width=\"450\" height=\"219\" srcset=\"http:\/\/www.grupo-algeciras.com\/wpress\/wp-content\/uploads\/IMG-20231021-WA0001-300x146.jpg 300w, http:\/\/www.grupo-algeciras.com\/wpress\/wp-content\/uploads\/IMG-20231021-WA0001-680x331.jpg 680w, http:\/\/www.grupo-algeciras.com\/wpress\/wp-content\/uploads\/IMG-20231021-WA0001-768x373.jpg 768w, http:\/\/www.grupo-algeciras.com\/wpress\/wp-content\/uploads\/IMG-20231021-WA0001-1536x747.jpg 1536w, http:\/\/www.grupo-algeciras.com\/wpress\/wp-content\/uploads\/IMG-20231021-WA0001-624x303.jpg 624w, http:\/\/www.grupo-algeciras.com\/wpress\/wp-content\/uploads\/IMG-20231021-WA0001.jpg 2016w\" sizes=\"auto, (max-width: 450px) 100vw, 450px\" \/> <img loading=\"lazy\" decoding=\"async\" class=\"alignnone size-medium wp-image-2464 aligncenter\" src=\"http:\/\/www.grupo-algeciras.com\/wpress\/wp-content\/uploads\/IMG-20231021-WA0003-300x146.jpg\" alt=\"\" width=\"450\" height=\"219\" srcset=\"http:\/\/www.grupo-algeciras.com\/wpress\/wp-content\/uploads\/IMG-20231021-WA0003-300x146.jpg 300w, http:\/\/www.grupo-algeciras.com\/wpress\/wp-content\/uploads\/IMG-20231021-WA0003-680x331.jpg 680w, http:\/\/www.grupo-algeciras.com\/wpress\/wp-content\/uploads\/IMG-20231021-WA0003-768x373.jpg 768w, http:\/\/www.grupo-algeciras.com\/wpress\/wp-content\/uploads\/IMG-20231021-WA0003-1536x747.jpg 1536w, http:\/\/www.grupo-algeciras.com\/wpress\/wp-content\/uploads\/IMG-20231021-WA0003-624x303.jpg 624w, http:\/\/www.grupo-algeciras.com\/wpress\/wp-content\/uploads\/IMG-20231021-WA0003.jpg 2016w\" sizes=\"auto, (max-width: 450px) 100vw, 450px\" \/><\/p>\n<p><img loading=\"lazy\" decoding=\"async\" class=\"size-medium wp-image-2467 aligncenter\" src=\"http:\/\/www.grupo-algeciras.com\/wpress\/wp-content\/uploads\/IMG-20231021-WA0000-300x146.jpg\" alt=\"\" width=\"450\" height=\"219\" srcset=\"http:\/\/www.grupo-algeciras.com\/wpress\/wp-content\/uploads\/IMG-20231021-WA0000-300x146.jpg 300w, http:\/\/www.grupo-algeciras.com\/wpress\/wp-content\/uploads\/IMG-20231021-WA0000-680x331.jpg 680w, http:\/\/www.grupo-algeciras.com\/wpress\/wp-content\/uploads\/IMG-20231021-WA0000-768x373.jpg 768w, http:\/\/www.grupo-algeciras.com\/wpress\/wp-content\/uploads\/IMG-20231021-WA0000-1536x747.jpg 1536w, http:\/\/www.grupo-algeciras.com\/wpress\/wp-content\/uploads\/IMG-20231021-WA0000-624x303.jpg 624w, http:\/\/www.grupo-algeciras.com\/wpress\/wp-content\/uploads\/IMG-20231021-WA0000.jpg 2016w\" sizes=\"auto, (max-width: 450px) 100vw, 450px\" \/> <img loading=\"lazy\" decoding=\"async\" class=\"alignnone size-medium wp-image-2465 aligncenter\" src=\"http:\/\/www.grupo-algeciras.com\/wpress\/wp-content\/uploads\/IMG-20231021-WA0010-300x146.jpg\" alt=\"\" width=\"500\" height=\"243\" srcset=\"http:\/\/www.grupo-algeciras.com\/wpress\/wp-content\/uploads\/IMG-20231021-WA0010-300x146.jpg 300w, http:\/\/www.grupo-algeciras.com\/wpress\/wp-content\/uploads\/IMG-20231021-WA0010-680x331.jpg 680w, http:\/\/www.grupo-algeciras.com\/wpress\/wp-content\/uploads\/IMG-20231021-WA0010-768x373.jpg 768w, http:\/\/www.grupo-algeciras.com\/wpress\/wp-content\/uploads\/IMG-20231021-WA0010-1536x747.jpg 1536w, http:\/\/www.grupo-algeciras.com\/wpress\/wp-content\/uploads\/IMG-20231021-WA0010-624x303.jpg 624w, http:\/\/www.grupo-algeciras.com\/wpress\/wp-content\/uploads\/IMG-20231021-WA0010.jpg 2016w\" sizes=\"auto, (max-width: 500px) 100vw, 500px\" \/><\/p>\n<p>&nbsp;<\/p>\n<p style=\"text-align: center;\"><strong><span style=\"color: #339966;\">EXPOSICI\u00d3N DE VITOLAS<\/span><\/strong><\/p>\n<p><img loading=\"lazy\" decoding=\"async\" class=\"size-medium wp-image-2458 aligncenter\" src=\"http:\/\/www.grupo-algeciras.com\/wpress\/wp-content\/uploads\/WhatsApp-Image-2023-09-22-at-19.57.19-169x300.jpeg\" alt=\"\" width=\"225\" height=\"400\" srcset=\"http:\/\/www.grupo-algeciras.com\/wpress\/wp-content\/uploads\/WhatsApp-Image-2023-09-22-at-19.57.19-169x300.jpeg 169w, http:\/\/www.grupo-algeciras.com\/wpress\/wp-content\/uploads\/WhatsApp-Image-2023-09-22-at-19.57.19-576x1024.jpeg 576w, http:\/\/www.grupo-algeciras.com\/wpress\/wp-content\/uploads\/WhatsApp-Image-2023-09-22-at-19.57.19-768x1365.jpeg 768w, http:\/\/www.grupo-algeciras.com\/wpress\/wp-content\/uploads\/WhatsApp-Image-2023-09-22-at-19.57.19-864x1536.jpeg 864w, http:\/\/www.grupo-algeciras.com\/wpress\/wp-content\/uploads\/WhatsApp-Image-2023-09-22-at-19.57.19-624x1109.jpeg 624w, http:\/\/www.grupo-algeciras.com\/wpress\/wp-content\/uploads\/WhatsApp-Image-2023-09-22-at-19.57.19.jpeg 1134w\" sizes=\"auto, (max-width: 225px) 100vw, 225px\" \/><\/p>\n<p style=\"text-align: justify;\">Desde el pasado d\u00eda 8 de septiembre podemos admirar la magnifica colecci\u00f3n de vitolas en nuestra sede social de avd. Fuerzas Armadas, 28-30-bajos.<\/p>\n<p style=\"text-align: justify;\">La Muestra pertenece a nuestro presidente Jos\u00e9 Carlos Jim\u00e9nez Mombiedro y la misma la podremos admirar hasta el d\u00eda 6 de octubre.<\/p>\n<p style=\"text-align: justify;\">Merece la pena ver este magnifico trabajo. Se los aseguro.<\/p>\n<p style=\"text-align: center;\"><strong><span style=\"color: #339966;\">VIERNES LOCO DE FAROLILLOS<\/span><\/strong><\/p>\n<p><img loading=\"lazy\" decoding=\"async\" class=\"size-medium wp-image-2444 aligncenter\" src=\"http:\/\/www.grupo-algeciras.com\/wpress\/wp-content\/uploads\/b65a01c2-1ea9-48cf-8e77-be78b70ac314-146x300.jpg\" alt=\"\" width=\"146\" height=\"300\" srcset=\"http:\/\/www.grupo-algeciras.com\/wpress\/wp-content\/uploads\/b65a01c2-1ea9-48cf-8e77-be78b70ac314-146x300.jpg 146w, http:\/\/www.grupo-algeciras.com\/wpress\/wp-content\/uploads\/b65a01c2-1ea9-48cf-8e77-be78b70ac314-497x1024.jpg 497w, http:\/\/www.grupo-algeciras.com\/wpress\/wp-content\/uploads\/b65a01c2-1ea9-48cf-8e77-be78b70ac314-768x1581.jpg 768w, http:\/\/www.grupo-algeciras.com\/wpress\/wp-content\/uploads\/b65a01c2-1ea9-48cf-8e77-be78b70ac314-746x1536.jpg 746w, http:\/\/www.grupo-algeciras.com\/wpress\/wp-content\/uploads\/b65a01c2-1ea9-48cf-8e77-be78b70ac314-624x1285.jpg 624w, http:\/\/www.grupo-algeciras.com\/wpress\/wp-content\/uploads\/b65a01c2-1ea9-48cf-8e77-be78b70ac314.jpg 777w\" sizes=\"auto, (max-width: 146px) 100vw, 146px\" \/><strong><img loading=\"lazy\" decoding=\"async\" class=\"size-medium wp-image-2449 aligncenter\" src=\"http:\/\/www.grupo-algeciras.com\/wpress\/wp-content\/uploads\/f8fda589-7702-4a8f-8717-f2d67712de48-300x146.jpg\" alt=\"\" width=\"300\" height=\"146\" srcset=\"http:\/\/www.grupo-algeciras.com\/wpress\/wp-content\/uploads\/f8fda589-7702-4a8f-8717-f2d67712de48-300x146.jpg 300w, http:\/\/www.grupo-algeciras.com\/wpress\/wp-content\/uploads\/f8fda589-7702-4a8f-8717-f2d67712de48-680x330.jpg 680w, http:\/\/www.grupo-algeciras.com\/wpress\/wp-content\/uploads\/f8fda589-7702-4a8f-8717-f2d67712de48-768x373.jpg 768w, http:\/\/www.grupo-algeciras.com\/wpress\/wp-content\/uploads\/f8fda589-7702-4a8f-8717-f2d67712de48-1536x746.jpg 1536w, http:\/\/www.grupo-algeciras.com\/wpress\/wp-content\/uploads\/f8fda589-7702-4a8f-8717-f2d67712de48-624x303.jpg 624w, http:\/\/www.grupo-algeciras.com\/wpress\/wp-content\/uploads\/f8fda589-7702-4a8f-8717-f2d67712de48.jpg 1600w\" sizes=\"auto, (max-width: 300px) 100vw, 300px\" \/><\/strong><\/p>\n<p><img loading=\"lazy\" decoding=\"async\" class=\"alignnone size-medium wp-image-2445 aligncenter\" src=\"http:\/\/www.grupo-algeciras.com\/wpress\/wp-content\/uploads\/749836fd-97e7-48b7-aead-fa3dc657b380-300x161.jpg\" alt=\"\" width=\"300\" height=\"161\" srcset=\"http:\/\/www.grupo-algeciras.com\/wpress\/wp-content\/uploads\/749836fd-97e7-48b7-aead-fa3dc657b380-300x161.jpg 300w, http:\/\/www.grupo-algeciras.com\/wpress\/wp-content\/uploads\/749836fd-97e7-48b7-aead-fa3dc657b380-680x364.jpg 680w, http:\/\/www.grupo-algeciras.com\/wpress\/wp-content\/uploads\/749836fd-97e7-48b7-aead-fa3dc657b380-768x411.jpg 768w, http:\/\/www.grupo-algeciras.com\/wpress\/wp-content\/uploads\/749836fd-97e7-48b7-aead-fa3dc657b380-1536x823.jpg 1536w, http:\/\/www.grupo-algeciras.com\/wpress\/wp-content\/uploads\/749836fd-97e7-48b7-aead-fa3dc657b380-624x334.jpg 624w, http:\/\/www.grupo-algeciras.com\/wpress\/wp-content\/uploads\/749836fd-97e7-48b7-aead-fa3dc657b380.jpg 1600w\" sizes=\"auto, (max-width: 300px) 100vw, 300px\" \/> <img loading=\"lazy\" decoding=\"async\" class=\"alignnone size-medium wp-image-2446 aligncenter\" src=\"http:\/\/www.grupo-algeciras.com\/wpress\/wp-content\/uploads\/b7b04eab-2d93-4f1a-b347-d3af787436b0-300x146.jpg\" alt=\"\" width=\"300\" height=\"146\" srcset=\"http:\/\/www.grupo-algeciras.com\/wpress\/wp-content\/uploads\/b7b04eab-2d93-4f1a-b347-d3af787436b0-300x146.jpg 300w, http:\/\/www.grupo-algeciras.com\/wpress\/wp-content\/uploads\/b7b04eab-2d93-4f1a-b347-d3af787436b0-680x330.jpg 680w, http:\/\/www.grupo-algeciras.com\/wpress\/wp-content\/uploads\/b7b04eab-2d93-4f1a-b347-d3af787436b0-768x373.jpg 768w, http:\/\/www.grupo-algeciras.com\/wpress\/wp-content\/uploads\/b7b04eab-2d93-4f1a-b347-d3af787436b0-1536x746.jpg 1536w, http:\/\/www.grupo-algeciras.com\/wpress\/wp-content\/uploads\/b7b04eab-2d93-4f1a-b347-d3af787436b0-624x303.jpg 624w, http:\/\/www.grupo-algeciras.com\/wpress\/wp-content\/uploads\/b7b04eab-2d93-4f1a-b347-d3af787436b0.jpg 1600w\" sizes=\"auto, (max-width: 300px) 100vw, 300px\" \/><\/p>\n<p style=\"text-align: justify;\">Y como no pod\u00eda faltar este a\u00f1o hemos vuelto a hacerlo. El viernes 16 estuvimos en nuestra sede para celebrar el \u00abViernes de Farolillos\u00bb con la presencia ya muy mejorado, de nuestro presidente Jos\u00e9 Carlos y los socios que quisieron acompa\u00f1arnos con sus parejas.<\/p>\n<p style=\"text-align: justify;\">Una tarde de muy buen ambiente que se prolong\u00f3 hasta bien entrada la noche, entre viandas y copas.<\/p>\n<p style=\"text-align: justify;\">La pasi\u00f3n por el coleccionismo nos une, pero ahora m\u00e1s la gastronom\u00eda. Gracias por tu trabajo Manuel Riscart<\/p>\n<p style=\"text-align: center;\"><strong><span style=\"color: #339966;\">EXPOSICI\u00d3N FILAT\u00c9LICA SOBRES PRIMER D\u00cdA EE.UU EN SEDA<\/span><\/strong><\/p>\n<p style=\"text-align: justify;\">Viernes 19 de mayo, antes de las vacaciones estivales, hemos inaugurado otra Exposici\u00f3n filat\u00e9lica en nuestro local social. En esta ocasi\u00f3n y como no pod\u00eda ser menos dedicada a los sobres de primer d\u00eda de EE.UU. en seda.<\/p>\n<p style=\"text-align: justify;\">La Muestra de nuestro socio Jos\u00e9 Luis Rubio Rodr\u00edguez, est\u00e1 repleta de grandes an\u00e9cdotas tanto de su montaje como su adquisici\u00f3n. Un gran trabajo como siempre de nuestro amigo.<\/p>\n<p style=\"text-align: justify;\">El propio Jos\u00e9 Luis ha dise\u00f1ado una tarjeta postal para obsequiar a los visitantes y socios que asistan a la Muestra y adem\u00e1s nos deleit\u00f3 con las t\u00edpicas viandas de nuestra tierra, para hacer m\u00e1s llevadera la tarde que comenz\u00f3 a estropear el tiempo.<\/p>\n<table style=\"border-collapse: collapse; width: 100%;\">\n<tbody>\n<tr>\n<td style=\"width: 50%;\"><img loading=\"lazy\" decoding=\"async\" class=\"alignnone size-medium wp-image-2428 aligncenter\" style=\"margin-top: 0.857143rem; margin-bottom: 0.857143rem; color: #444444; font-size: 14px;\" src=\"http:\/\/www.grupo-algeciras.com\/wpress\/wp-content\/uploads\/20230519_200737-300x169.jpg\" alt=\"\" width=\"300\" height=\"169\" srcset=\"http:\/\/www.grupo-algeciras.com\/wpress\/wp-content\/uploads\/20230519_200737-300x169.jpg 300w, http:\/\/www.grupo-algeciras.com\/wpress\/wp-content\/uploads\/20230519_200737-680x383.jpg 680w, http:\/\/www.grupo-algeciras.com\/wpress\/wp-content\/uploads\/20230519_200737-768x432.jpg 768w, http:\/\/www.grupo-algeciras.com\/wpress\/wp-content\/uploads\/20230519_200737-1536x864.jpg 1536w, http:\/\/www.grupo-algeciras.com\/wpress\/wp-content\/uploads\/20230519_200737-2048x1152.jpg 2048w, http:\/\/www.grupo-algeciras.com\/wpress\/wp-content\/uploads\/20230519_200737-624x351.jpg 624w\" sizes=\"auto, (max-width: 300px) 100vw, 300px\" \/><\/td>\n<td style=\"width: 50%;\"><img loading=\"lazy\" decoding=\"async\" class=\"alignnone size-medium wp-image-2429 aligncenter\" style=\"margin-top: 0.857143rem; margin-bottom: 0.857143rem; color: #444444; font-size: 14px;\" src=\"http:\/\/www.grupo-algeciras.com\/wpress\/wp-content\/uploads\/20230519_201819-300x169.jpg\" alt=\"\" width=\"300\" height=\"169\" srcset=\"http:\/\/www.grupo-algeciras.com\/wpress\/wp-content\/uploads\/20230519_201819-300x169.jpg 300w, http:\/\/www.grupo-algeciras.com\/wpress\/wp-content\/uploads\/20230519_201819-680x383.jpg 680w, http:\/\/www.grupo-algeciras.com\/wpress\/wp-content\/uploads\/20230519_201819-768x432.jpg 768w, http:\/\/www.grupo-algeciras.com\/wpress\/wp-content\/uploads\/20230519_201819-1536x864.jpg 1536w, http:\/\/www.grupo-algeciras.com\/wpress\/wp-content\/uploads\/20230519_201819-2048x1152.jpg 2048w, http:\/\/www.grupo-algeciras.com\/wpress\/wp-content\/uploads\/20230519_201819-624x351.jpg 624w\" sizes=\"auto, (max-width: 300px) 100vw, 300px\" \/><\/td>\n<\/tr>\n<tr>\n<td style=\"width: 50%;\"><img loading=\"lazy\" decoding=\"async\" class=\"alignnone size-medium wp-image-2430 aligncenter\" style=\"margin-top: 0.857143rem; margin-bottom: 0.857143rem;\" src=\"http:\/\/www.grupo-algeciras.com\/wpress\/wp-content\/uploads\/Anverso-SPD-seda-300x213.jpg\" alt=\"\" width=\"300\" height=\"213\" srcset=\"http:\/\/www.grupo-algeciras.com\/wpress\/wp-content\/uploads\/Anverso-SPD-seda-300x213.jpg 300w, http:\/\/www.grupo-algeciras.com\/wpress\/wp-content\/uploads\/Anverso-SPD-seda-680x483.jpg 680w, http:\/\/www.grupo-algeciras.com\/wpress\/wp-content\/uploads\/Anverso-SPD-seda-768x546.jpg 768w, http:\/\/www.grupo-algeciras.com\/wpress\/wp-content\/uploads\/Anverso-SPD-seda-624x444.jpg 624w, http:\/\/www.grupo-algeciras.com\/wpress\/wp-content\/uploads\/Anverso-SPD-seda.jpg 1162w\" sizes=\"auto, (max-width: 300px) 100vw, 300px\" \/><\/td>\n<td style=\"width: 50%;\"><img loading=\"lazy\" decoding=\"async\" class=\"alignnone size-medium wp-image-2431 aligncenter\" src=\"http:\/\/www.grupo-algeciras.com\/wpress\/wp-content\/uploads\/Dorso-SPD-seda-300x213.jpg\" alt=\"\" width=\"300\" height=\"213\" srcset=\"http:\/\/www.grupo-algeciras.com\/wpress\/wp-content\/uploads\/Dorso-SPD-seda-300x213.jpg 300w, http:\/\/www.grupo-algeciras.com\/wpress\/wp-content\/uploads\/Dorso-SPD-seda-680x483.jpg 680w, http:\/\/www.grupo-algeciras.com\/wpress\/wp-content\/uploads\/Dorso-SPD-seda-768x546.jpg 768w, http:\/\/www.grupo-algeciras.com\/wpress\/wp-content\/uploads\/Dorso-SPD-seda-624x444.jpg 624w, http:\/\/www.grupo-algeciras.com\/wpress\/wp-content\/uploads\/Dorso-SPD-seda.jpg 1162w\" sizes=\"auto, (max-width: 300px) 100vw, 300px\" \/><\/td>\n<\/tr>\n<\/tbody>\n<\/table>\n<p style=\"text-align: justify;\">Todos los cuadros que ha expuesto Jos\u00e9 Luis son un trabajo digno de un gran apasionado de los EE.UU. del cual creo no existan muchos coleccionistas que tenga mas SPD que nuestro expositor. Con su edad tiene todo nuestro reconocimiento por el duro trabajo tanto de adquisici\u00f3n como se montaje de todas sus colecciones.<\/p>\n<p style=\"text-align: justify;\">La muestra estar\u00e1 abierta hasta el comienzo de nuestras vacaciones de verano, all\u00e1 por finales de junio.<\/p>\n<p style=\"text-align: right;\"><span style=\"font-size: 10pt;\"><strong>Juan Pan\u00e9s Cantero<\/strong><\/span><\/p>\n<p style=\"text-align: center;\"><strong><span style=\"color: #339966;\">COLECCI\u00d3N DEL GRUPO EN LA EXFILNA DE TERUEL 2023<\/span><\/strong><\/p>\n<p>Jos\u00e9 Carlos Jim\u00e9nez Mombiedro, ha participado en el grupo de Otros Coleccionismos en la EXFILNA celebrada en la ciudad de Teruel, con su colecci\u00f3n de \u00abEtiquetas de Cervezas Artesanales de Arag\u00f3n\u00bb<\/p>\n<p>&nbsp;<\/p>\n<p style=\"text-align: justify;\"><img loading=\"lazy\" decoding=\"async\" class=\"alignnone size-medium wp-image-2416 aligncenter\" src=\"http:\/\/www.grupo-algeciras.com\/wpress\/wp-content\/uploads\/Medalla-300x284.jpg\" alt=\"\" width=\"300\" height=\"284\" srcset=\"http:\/\/www.grupo-algeciras.com\/wpress\/wp-content\/uploads\/Medalla-300x284.jpg 300w, http:\/\/www.grupo-algeciras.com\/wpress\/wp-content\/uploads\/Medalla-680x643.jpg 680w, http:\/\/www.grupo-algeciras.com\/wpress\/wp-content\/uploads\/Medalla-768x726.jpg 768w, http:\/\/www.grupo-algeciras.com\/wpress\/wp-content\/uploads\/Medalla-1536x1453.jpg 1536w, http:\/\/www.grupo-algeciras.com\/wpress\/wp-content\/uploads\/Medalla-2048x1937.jpg 2048w, http:\/\/www.grupo-algeciras.com\/wpress\/wp-content\/uploads\/Medalla-624x590.jpg 624w\" sizes=\"auto, (max-width: 300px) 100vw, 300px\" \/><\/p>\n<table style=\"border-collapse: collapse; width: 100%;\">\n<tbody>\n<tr>\n<td style=\"width: 50%;\"><img loading=\"lazy\" decoding=\"async\" class=\"wp-image-2415 aligncenter\" style=\"text-align: justify;\" src=\"http:\/\/www.grupo-algeciras.com\/wpress\/wp-content\/uploads\/Carlos-2-1-1-169x300.jpg\" alt=\"\" width=\"150\" height=\"181\" \/><\/td>\n<td style=\"width: 50%;\"><img loading=\"lazy\" decoding=\"async\" class=\"wp-image-2414 aligncenter\" style=\"font-size: 1rem; text-align: justify;\" src=\"http:\/\/www.grupo-algeciras.com\/wpress\/wp-content\/uploads\/Carlos-1-1-1-169x300.jpg\" alt=\"\" width=\"150\" height=\"184\" \/><\/td>\n<\/tr>\n<\/tbody>\n<\/table>\n<p><strong><span style=\"color: #339966;\">EXPOSICI\u00d3N de COLECCIONISMO. ETIQUETAS DE VINO<\/span><\/strong><\/p>\n<p style=\"text-align: justify;\">El viernes 31 de marzo se inaugur\u00f3 la Exposici\u00f3n de Etiquetas de Vino de nuestro socio Manuel Riscart Delgado, que por motivos de salud no pudo asistir a la misma. Esperamos contar con \u00e9l el pr\u00f3ximo viernes 14 de abril (despu\u00e9s de Semana Santa) para volver a inaugurarla y poder ofrecernos unos vinos para poder obtener la etiqueta y los manjares a los que nos tiene acostumbrados. Y seguro que nos depara alguna que otra sorpresa. Segur\u00edsimo.<\/p>\n<p style=\"text-align: center;\"><img loading=\"lazy\" decoding=\"async\" class=\"alignnone size-medium wp-image-2398\" src=\"http:\/\/www.grupo-algeciras.com\/wpress\/wp-content\/uploads\/WhatsApp-Image-2023-03-30-at-20.40.08-300x169.jpeg\" alt=\"\" width=\"450\" height=\"254\" srcset=\"http:\/\/www.grupo-algeciras.com\/wpress\/wp-content\/uploads\/WhatsApp-Image-2023-03-30-at-20.40.08-300x169.jpeg 300w, http:\/\/www.grupo-algeciras.com\/wpress\/wp-content\/uploads\/WhatsApp-Image-2023-03-30-at-20.40.08-680x383.jpeg 680w, http:\/\/www.grupo-algeciras.com\/wpress\/wp-content\/uploads\/WhatsApp-Image-2023-03-30-at-20.40.08-768x432.jpeg 768w, http:\/\/www.grupo-algeciras.com\/wpress\/wp-content\/uploads\/WhatsApp-Image-2023-03-30-at-20.40.08-1536x864.jpeg 1536w, http:\/\/www.grupo-algeciras.com\/wpress\/wp-content\/uploads\/WhatsApp-Image-2023-03-30-at-20.40.08-624x351.jpeg 624w, http:\/\/www.grupo-algeciras.com\/wpress\/wp-content\/uploads\/WhatsApp-Image-2023-03-30-at-20.40.08.jpeg 2048w\" sizes=\"auto, (max-width: 450px) 100vw, 450px\" \/> <img loading=\"lazy\" decoding=\"async\" class=\"alignnone size-medium wp-image-2399\" src=\"http:\/\/www.grupo-algeciras.com\/wpress\/wp-content\/uploads\/WhatsApp-Image-2023-03-30-at-20.39.28-300x169.jpeg\" alt=\"\" width=\"450\" height=\"254\" srcset=\"http:\/\/www.grupo-algeciras.com\/wpress\/wp-content\/uploads\/WhatsApp-Image-2023-03-30-at-20.39.28-300x169.jpeg 300w, http:\/\/www.grupo-algeciras.com\/wpress\/wp-content\/uploads\/WhatsApp-Image-2023-03-30-at-20.39.28-680x383.jpeg 680w, http:\/\/www.grupo-algeciras.com\/wpress\/wp-content\/uploads\/WhatsApp-Image-2023-03-30-at-20.39.28-768x432.jpeg 768w, http:\/\/www.grupo-algeciras.com\/wpress\/wp-content\/uploads\/WhatsApp-Image-2023-03-30-at-20.39.28-1536x864.jpeg 1536w, http:\/\/www.grupo-algeciras.com\/wpress\/wp-content\/uploads\/WhatsApp-Image-2023-03-30-at-20.39.28-624x351.jpeg 624w, http:\/\/www.grupo-algeciras.com\/wpress\/wp-content\/uploads\/WhatsApp-Image-2023-03-30-at-20.39.28.jpeg 2048w\" sizes=\"auto, (max-width: 450px) 100vw, 450px\" \/> <img loading=\"lazy\" decoding=\"async\" class=\"alignnone size-medium wp-image-2400\" src=\"http:\/\/www.grupo-algeciras.com\/wpress\/wp-content\/uploads\/WhatsApp-Image-2023-03-30-at-20.39.12-300x169.jpeg\" alt=\"\" width=\"450\" height=\"254\" srcset=\"http:\/\/www.grupo-algeciras.com\/wpress\/wp-content\/uploads\/WhatsApp-Image-2023-03-30-at-20.39.12-300x169.jpeg 300w, http:\/\/www.grupo-algeciras.com\/wpress\/wp-content\/uploads\/WhatsApp-Image-2023-03-30-at-20.39.12-680x383.jpeg 680w, http:\/\/www.grupo-algeciras.com\/wpress\/wp-content\/uploads\/WhatsApp-Image-2023-03-30-at-20.39.12-768x432.jpeg 768w, http:\/\/www.grupo-algeciras.com\/wpress\/wp-content\/uploads\/WhatsApp-Image-2023-03-30-at-20.39.12-1536x864.jpeg 1536w, http:\/\/www.grupo-algeciras.com\/wpress\/wp-content\/uploads\/WhatsApp-Image-2023-03-30-at-20.39.12-624x351.jpeg 624w, http:\/\/www.grupo-algeciras.com\/wpress\/wp-content\/uploads\/WhatsApp-Image-2023-03-30-at-20.39.12.jpeg 2048w\" sizes=\"auto, (max-width: 450px) 100vw, 450px\" \/><\/p>\n<p style=\"text-align: justify;\">La Muestra realiza la historia de nuestros vinos gaditanos, comenzando con las etiquetas m\u00e1s antiguas, las dedicadas a la monarqu\u00eda, la rep\u00fablica y los reinados de Juan arlos Y Felipe VI. Las etiquetas de las mujeres en el vino, las de Vejer de la Frontera, Chiclana y para terminar las etiquetas relacionadas con nuestra ciudad.<\/p>\n<p style=\"text-align: right;\"><span style=\"font-size: 10pt;\"><strong>Juan Pan\u00e9s Cantero<\/strong><\/span><\/p>\n<p><strong><span style=\"color: #339966;\">EXPOSICI\u00d3N FILAT\u00c9LICA y de COLECCIONISMO<\/span><\/strong><\/p>\n<p style=\"text-align: justify;\">Nueva directiva y manos a la obra. El pasado viernes 3 de febrero se inaugur\u00f3 en la sede del Grupo Filat\u00e9lico de Algeciras la Exposici\u00f3n de sobres de los EE.UU. con motivo flora y fauna, asimismo se present\u00f3 una colecci\u00f3n novedosa en nuestra sede, como es la colecci\u00f3n de b\u00fahos.<\/p>\n<p><img loading=\"lazy\" decoding=\"async\" class=\"alignnone size-medium wp-image-2368 aligncenter\" style=\"font-size: 1rem;\" src=\"http:\/\/www.grupo-algeciras.com\/wpress\/wp-content\/uploads\/WhatsApp-Image-2023-02-07-at-19.59.45-300x146.jpeg\" alt=\"\" width=\"450\" height=\"219\" srcset=\"http:\/\/www.grupo-algeciras.com\/wpress\/wp-content\/uploads\/WhatsApp-Image-2023-02-07-at-19.59.45-300x146.jpeg 300w, http:\/\/www.grupo-algeciras.com\/wpress\/wp-content\/uploads\/WhatsApp-Image-2023-02-07-at-19.59.45-680x331.jpeg 680w, http:\/\/www.grupo-algeciras.com\/wpress\/wp-content\/uploads\/WhatsApp-Image-2023-02-07-at-19.59.45-768x373.jpeg 768w, http:\/\/www.grupo-algeciras.com\/wpress\/wp-content\/uploads\/WhatsApp-Image-2023-02-07-at-19.59.45-1536x747.jpeg 1536w, http:\/\/www.grupo-algeciras.com\/wpress\/wp-content\/uploads\/WhatsApp-Image-2023-02-07-at-19.59.45-624x303.jpeg 624w, http:\/\/www.grupo-algeciras.com\/wpress\/wp-content\/uploads\/WhatsApp-Image-2023-02-07-at-19.59.45.jpeg 2016w\" sizes=\"auto, (max-width: 450px) 100vw, 450px\" \/> <img loading=\"lazy\" decoding=\"async\" class=\"alignnone size-medium wp-image-2367 aligncenter\" style=\"font-size: 1rem;\" src=\"http:\/\/www.grupo-algeciras.com\/wpress\/wp-content\/uploads\/WhatsApp-Image-2023-02-07-at-19.59.45-1-300x146.jpeg\" alt=\"\" width=\"450\" height=\"219\" srcset=\"http:\/\/www.grupo-algeciras.com\/wpress\/wp-content\/uploads\/WhatsApp-Image-2023-02-07-at-19.59.45-1-300x146.jpeg 300w, http:\/\/www.grupo-algeciras.com\/wpress\/wp-content\/uploads\/WhatsApp-Image-2023-02-07-at-19.59.45-1-680x331.jpeg 680w, http:\/\/www.grupo-algeciras.com\/wpress\/wp-content\/uploads\/WhatsApp-Image-2023-02-07-at-19.59.45-1-768x373.jpeg 768w, http:\/\/www.grupo-algeciras.com\/wpress\/wp-content\/uploads\/WhatsApp-Image-2023-02-07-at-19.59.45-1-1536x747.jpeg 1536w, http:\/\/www.grupo-algeciras.com\/wpress\/wp-content\/uploads\/WhatsApp-Image-2023-02-07-at-19.59.45-1-624x303.jpeg 624w, http:\/\/www.grupo-algeciras.com\/wpress\/wp-content\/uploads\/WhatsApp-Image-2023-02-07-at-19.59.45-1.jpeg 2016w\" sizes=\"auto, (max-width: 450px) 100vw, 450px\" \/><img loading=\"lazy\" decoding=\"async\" class=\"alignnone size-medium wp-image-2365 aligncenter\" style=\"font-size: 1rem;\" src=\"http:\/\/www.grupo-algeciras.com\/wpress\/wp-content\/uploads\/WhatsApp-Image-2023-02-07-at-19.59.44-3-300x146.jpeg\" alt=\"\" width=\"450\" height=\"219\" srcset=\"http:\/\/www.grupo-algeciras.com\/wpress\/wp-content\/uploads\/WhatsApp-Image-2023-02-07-at-19.59.44-3-300x146.jpeg 300w, http:\/\/www.grupo-algeciras.com\/wpress\/wp-content\/uploads\/WhatsApp-Image-2023-02-07-at-19.59.44-3-680x331.jpeg 680w, http:\/\/www.grupo-algeciras.com\/wpress\/wp-content\/uploads\/WhatsApp-Image-2023-02-07-at-19.59.44-3-768x373.jpeg 768w, http:\/\/www.grupo-algeciras.com\/wpress\/wp-content\/uploads\/WhatsApp-Image-2023-02-07-at-19.59.44-3-1536x747.jpeg 1536w, http:\/\/www.grupo-algeciras.com\/wpress\/wp-content\/uploads\/WhatsApp-Image-2023-02-07-at-19.59.44-3-624x303.jpeg 624w, http:\/\/www.grupo-algeciras.com\/wpress\/wp-content\/uploads\/WhatsApp-Image-2023-02-07-at-19.59.44-3.jpeg 2016w\" sizes=\"auto, (max-width: 450px) 100vw, 450px\" \/> <img loading=\"lazy\" decoding=\"async\" class=\"alignnone size-medium wp-image-2364 aligncenter\" style=\"font-size: 1rem;\" src=\"http:\/\/www.grupo-algeciras.com\/wpress\/wp-content\/uploads\/WhatsApp-Image-2023-02-07-at-19.59.44-2-300x146.jpeg\" alt=\"\" width=\"450\" height=\"219\" srcset=\"http:\/\/www.grupo-algeciras.com\/wpress\/wp-content\/uploads\/WhatsApp-Image-2023-02-07-at-19.59.44-2-300x146.jpeg 300w, http:\/\/www.grupo-algeciras.com\/wpress\/wp-content\/uploads\/WhatsApp-Image-2023-02-07-at-19.59.44-2-680x331.jpeg 680w, http:\/\/www.grupo-algeciras.com\/wpress\/wp-content\/uploads\/WhatsApp-Image-2023-02-07-at-19.59.44-2-768x373.jpeg 768w, http:\/\/www.grupo-algeciras.com\/wpress\/wp-content\/uploads\/WhatsApp-Image-2023-02-07-at-19.59.44-2-1536x747.jpeg 1536w, http:\/\/www.grupo-algeciras.com\/wpress\/wp-content\/uploads\/WhatsApp-Image-2023-02-07-at-19.59.44-2-624x303.jpeg 624w, http:\/\/www.grupo-algeciras.com\/wpress\/wp-content\/uploads\/WhatsApp-Image-2023-02-07-at-19.59.44-2.jpeg 2016w\" sizes=\"auto, (max-width: 450px) 100vw, 450px\" \/><img loading=\"lazy\" decoding=\"async\" class=\"alignnone size-medium wp-image-2363 aligncenter\" style=\"font-size: 1rem;\" src=\"http:\/\/www.grupo-algeciras.com\/wpress\/wp-content\/uploads\/WhatsApp-Image-2023-02-07-at-19.59.44-1-300x146.jpeg\" alt=\"\" width=\"450\" height=\"219\" srcset=\"http:\/\/www.grupo-algeciras.com\/wpress\/wp-content\/uploads\/WhatsApp-Image-2023-02-07-at-19.59.44-1-300x146.jpeg 300w, http:\/\/www.grupo-algeciras.com\/wpress\/wp-content\/uploads\/WhatsApp-Image-2023-02-07-at-19.59.44-1-680x331.jpeg 680w, http:\/\/www.grupo-algeciras.com\/wpress\/wp-content\/uploads\/WhatsApp-Image-2023-02-07-at-19.59.44-1-768x373.jpeg 768w, http:\/\/www.grupo-algeciras.com\/wpress\/wp-content\/uploads\/WhatsApp-Image-2023-02-07-at-19.59.44-1-1536x747.jpeg 1536w, http:\/\/www.grupo-algeciras.com\/wpress\/wp-content\/uploads\/WhatsApp-Image-2023-02-07-at-19.59.44-1-624x303.jpeg 624w, http:\/\/www.grupo-algeciras.com\/wpress\/wp-content\/uploads\/WhatsApp-Image-2023-02-07-at-19.59.44-1.jpeg 2016w\" sizes=\"auto, (max-width: 450px) 100vw, 450px\" \/> <span style=\"font-size: 1rem;\">\u00a0 \u00a0 <\/span><img loading=\"lazy\" decoding=\"async\" class=\"alignnone size-medium wp-image-2366 aligncenter\" style=\"font-size: 1rem;\" src=\"http:\/\/www.grupo-algeciras.com\/wpress\/wp-content\/uploads\/WhatsApp-Image-2023-02-07-at-19.59.44-300x146.jpeg\" alt=\"\" width=\"450\" height=\"219\" srcset=\"http:\/\/www.grupo-algeciras.com\/wpress\/wp-content\/uploads\/WhatsApp-Image-2023-02-07-at-19.59.44-300x146.jpeg 300w, http:\/\/www.grupo-algeciras.com\/wpress\/wp-content\/uploads\/WhatsApp-Image-2023-02-07-at-19.59.44-680x331.jpeg 680w, http:\/\/www.grupo-algeciras.com\/wpress\/wp-content\/uploads\/WhatsApp-Image-2023-02-07-at-19.59.44-768x373.jpeg 768w, http:\/\/www.grupo-algeciras.com\/wpress\/wp-content\/uploads\/WhatsApp-Image-2023-02-07-at-19.59.44-1536x747.jpeg 1536w, http:\/\/www.grupo-algeciras.com\/wpress\/wp-content\/uploads\/WhatsApp-Image-2023-02-07-at-19.59.44-624x303.jpeg 624w, http:\/\/www.grupo-algeciras.com\/wpress\/wp-content\/uploads\/WhatsApp-Image-2023-02-07-at-19.59.44.jpeg 2016w\" sizes=\"auto, (max-width: 450px) 100vw, 450px\" \/> <span style=\"font-size: 1rem;\">\u00a0 \u00a0 \u00a0 \u00a0<\/span><\/p>\n<p style=\"text-align: justify;\">De nuevo uno de nuestros socios m\u00e1s activos ha sido el expositor, Jos\u00e9 Luis Rubio Rodr\u00edguez, que est\u00e1 imparable y con m\u00e1s ganas que nunca. Tras la inauguraci\u00f3n pudimos estar y departir unas viandas que gentilmente nos obsequi\u00f3 el expositor, siendo ya una costumbre de invitar y exponer.<\/p>\n<p style=\"text-align: justify;\">La Muestra estar\u00e1 abierta hasta finales del mes de marzo, cuando se proceder\u00e1 a una nueva.<\/p>\n<p style=\"text-align: justify;\">Y ni que decir tiene que esta noticia se sigue enviado a la web de FESOFI, a la Revista de Filatelia RF y a El Eco Filat\u00e9lico y Numism\u00e1tico, igual que siempre, aunque algunos quieran inventar algo nuevo, todo estaba inventado y si alguno no lo cree, se pueden leer las revistas del a\u00f1o 2022 y a\u00f1os atrasados. Precisamente me comentaban desde RF esta ma\u00f1ana que somos uno de los Grupos m\u00e1s activos de Espa\u00f1a generando noticias y actividades.<\/p>\n<p style=\"text-align: right;\"><span style=\"font-size: 10pt;\"><strong>Juan Pan\u00e9s Cantero<\/strong><\/span><\/p>\n<p><strong><span style=\"color: #339966;\">EXPOSICI\u00d3N FILAT\u00c9LICA Y DE TARJETAS POSTALES<\/span><\/strong><\/p>\n<p>En la Comandancia de Marina de la ciudad de Algeciras, ante las autoridades civiles y militares del Campo de Gibraltar, las jefas de las oficinas de Correos de la ciudad y un numeroso p\u00fablico han podido asistir a la inauguraci\u00f3n de esta Muestra.<\/p>\n<p><img loading=\"lazy\" decoding=\"async\" class=\"size-medium wp-image-2343 aligncenter\" src=\"http:\/\/www.grupo-algeciras.com\/wpress\/wp-content\/uploads\/1-1-1-176x300.jpeg\" alt=\"\" width=\"176\" height=\"300\" srcset=\"http:\/\/www.grupo-algeciras.com\/wpress\/wp-content\/uploads\/1-1-1-176x300.jpeg 176w, http:\/\/www.grupo-algeciras.com\/wpress\/wp-content\/uploads\/1-1-1-602x1024.jpeg 602w, http:\/\/www.grupo-algeciras.com\/wpress\/wp-content\/uploads\/1-1-1-768x1306.jpeg 768w, http:\/\/www.grupo-algeciras.com\/wpress\/wp-content\/uploads\/1-1-1-903x1536.jpeg 903w, http:\/\/www.grupo-algeciras.com\/wpress\/wp-content\/uploads\/1-1-1-624x1061.jpeg 624w, http:\/\/www.grupo-algeciras.com\/wpress\/wp-content\/uploads\/1-1-1.jpeg 941w\" sizes=\"auto, (max-width: 176px) 100vw, 176px\" \/><\/p>\n<p>Tras las palabras de salutaci\u00f3n del Comandante Naval a todos los asistentes y las palabras de agradecimiento del presidente del Grupo filat\u00e9lico de Algeciras, se ha procedido a estampar el matasellos tur\u00edstico en las diferentes tarjetas postales editadas para este fin, por todas las autoridades.<\/p>\n<p><img loading=\"lazy\" decoding=\"async\" class=\"size-medium wp-image-2348 aligncenter\" style=\"text-align: center;\" src=\"http:\/\/www.grupo-algeciras.com\/wpress\/wp-content\/uploads\/WhatsApp-Image-2022-12-05-at-16.22.20-1-300x146.jpeg\" alt=\"\" width=\"300\" height=\"146\" srcset=\"http:\/\/www.grupo-algeciras.com\/wpress\/wp-content\/uploads\/WhatsApp-Image-2022-12-05-at-16.22.20-1-300x146.jpeg 300w, http:\/\/www.grupo-algeciras.com\/wpress\/wp-content\/uploads\/WhatsApp-Image-2022-12-05-at-16.22.20-1-680x330.jpeg 680w, http:\/\/www.grupo-algeciras.com\/wpress\/wp-content\/uploads\/WhatsApp-Image-2022-12-05-at-16.22.20-1-768x373.jpeg 768w, http:\/\/www.grupo-algeciras.com\/wpress\/wp-content\/uploads\/WhatsApp-Image-2022-12-05-at-16.22.20-1-1536x746.jpeg 1536w, http:\/\/www.grupo-algeciras.com\/wpress\/wp-content\/uploads\/WhatsApp-Image-2022-12-05-at-16.22.20-1-624x303.jpeg 624w, http:\/\/www.grupo-algeciras.com\/wpress\/wp-content\/uploads\/WhatsApp-Image-2022-12-05-at-16.22.20-1.jpeg 1600w\" sizes=\"auto, (max-width: 300px) 100vw, 300px\" \/><\/p>\n<p>La Muestra est\u00e1 compuesta por una colecci\u00f3n tem\u00e1tica de tema naval \u201cSurcando los mares\u201d de Jos\u00e9 Luis Arag\u00f3n Pan\u00e9s y una colecci\u00f3n de postales \u201cAlgeciras y la Conferencia de 1906\u201d de Juan Pan\u00e9s Cantero, siendo esta la primera vez que se expone en la ciudad.<\/p>\n<p><img loading=\"lazy\" decoding=\"async\" class=\"alignnone size-medium wp-image-2345 aligncenter\" style=\"margin-top: 0.857143rem; margin-bottom: 0.857143rem;\" src=\"http:\/\/www.grupo-algeciras.com\/wpress\/wp-content\/uploads\/3-1-1-300x146.jpeg\" alt=\"\" width=\"300\" height=\"146\" srcset=\"http:\/\/www.grupo-algeciras.com\/wpress\/wp-content\/uploads\/3-1-1-300x146.jpeg 300w, http:\/\/www.grupo-algeciras.com\/wpress\/wp-content\/uploads\/3-1-1-680x330.jpeg 680w, http:\/\/www.grupo-algeciras.com\/wpress\/wp-content\/uploads\/3-1-1-768x373.jpeg 768w, http:\/\/www.grupo-algeciras.com\/wpress\/wp-content\/uploads\/3-1-1-1536x746.jpeg 1536w, http:\/\/www.grupo-algeciras.com\/wpress\/wp-content\/uploads\/3-1-1-624x303.jpeg 624w, http:\/\/www.grupo-algeciras.com\/wpress\/wp-content\/uploads\/3-1-1.jpeg 1600w\" sizes=\"auto, (max-width: 300px) 100vw, 300px\" \/><\/p>\n<p>La Exposici\u00f3n con apertura hoy lunes 5 de diciembre estar\u00e1 abierta hasta el pr\u00f3ximo d\u00eda 16 de este mes.<\/p>\n<p><img loading=\"lazy\" decoding=\"async\" class=\"alignnone size-medium wp-image-2346 aligncenter\" src=\"http:\/\/www.grupo-algeciras.com\/wpress\/wp-content\/uploads\/4--300x146.jpeg\" alt=\"\" width=\"300\" height=\"146\" srcset=\"http:\/\/www.grupo-algeciras.com\/wpress\/wp-content\/uploads\/4--300x146.jpeg 300w, http:\/\/www.grupo-algeciras.com\/wpress\/wp-content\/uploads\/4--680x330.jpeg 680w, http:\/\/www.grupo-algeciras.com\/wpress\/wp-content\/uploads\/4--768x373.jpeg 768w, http:\/\/www.grupo-algeciras.com\/wpress\/wp-content\/uploads\/4--1536x746.jpeg 1536w, http:\/\/www.grupo-algeciras.com\/wpress\/wp-content\/uploads\/4--624x303.jpeg 624w, http:\/\/www.grupo-algeciras.com\/wpress\/wp-content\/uploads\/4-.jpeg 1600w\" sizes=\"auto, (max-width: 300px) 100vw, 300px\" \/> <img loading=\"lazy\" decoding=\"async\" class=\"alignnone size-medium wp-image-2347 aligncenter\" src=\"http:\/\/www.grupo-algeciras.com\/wpress\/wp-content\/uploads\/5--300x146.jpeg\" alt=\"\" width=\"300\" height=\"146\" srcset=\"http:\/\/www.grupo-algeciras.com\/wpress\/wp-content\/uploads\/5--300x146.jpeg 300w, http:\/\/www.grupo-algeciras.com\/wpress\/wp-content\/uploads\/5--680x330.jpeg 680w, http:\/\/www.grupo-algeciras.com\/wpress\/wp-content\/uploads\/5--768x373.jpeg 768w, http:\/\/www.grupo-algeciras.com\/wpress\/wp-content\/uploads\/5--1536x746.jpeg 1536w, http:\/\/www.grupo-algeciras.com\/wpress\/wp-content\/uploads\/5--624x303.jpeg 624w, http:\/\/www.grupo-algeciras.com\/wpress\/wp-content\/uploads\/5-.jpeg 1600w\" sizes=\"auto, (max-width: 300px) 100vw, 300px\" \/><\/p>\n<p>Cabe destacar el marco tan desconocido en la ciudad de Algeciras, como es la Comandancia Naval, en cuyo patio interior cubierto se desarrolla la Muestra. Desde la comandancia todo ha sigo facilidades y buen\u00edsima predisposici\u00f3n para el desarrollo de esta Muestra y al final todos muy contentos. Quedando abiertas las puertas para futuras colaboraciones dado el \u00e9xito obtenido en este primer d\u00eda.<\/p>\n<p><img loading=\"lazy\" decoding=\"async\" class=\"alignnone size-medium wp-image-2344 aligncenter\" src=\"http:\/\/www.grupo-algeciras.com\/wpress\/wp-content\/uploads\/2-1-1-300x169.jpeg\" alt=\"\" width=\"300\" height=\"169\" srcset=\"http:\/\/www.grupo-algeciras.com\/wpress\/wp-content\/uploads\/2-1-1-300x169.jpeg 300w, http:\/\/www.grupo-algeciras.com\/wpress\/wp-content\/uploads\/2-1-1-680x383.jpeg 680w, http:\/\/www.grupo-algeciras.com\/wpress\/wp-content\/uploads\/2-1-1-768x432.jpeg 768w, http:\/\/www.grupo-algeciras.com\/wpress\/wp-content\/uploads\/2-1-1-1536x864.jpeg 1536w, http:\/\/www.grupo-algeciras.com\/wpress\/wp-content\/uploads\/2-1-1-624x351.jpeg 624w, http:\/\/www.grupo-algeciras.com\/wpress\/wp-content\/uploads\/2-1-1.jpeg 1600w\" sizes=\"auto, (max-width: 300px) 100vw, 300px\" \/><\/p>\n<p style=\"text-align: center;\"><span style=\"font-size: 10pt;\"><em>Juan Pan\u00e9s (Presidente del Grupo Filat\u00e9lico de Algeciras) D\u00aa Macarena Ramos (Jefa de la Oficina Principal de Correos de Algeciras) D. Gerardo Landaluce (Presidente de la Autoridad Portuaria de la Bah\u00eda de Algeciras) y D\u00ba Juan Carlos Garc\u00eda (Capit\u00e1n de Fragata, Comandante Naval de Algeciras)<\/em><\/span><\/p>\n<p>&nbsp;<\/p>\n<p><strong><span style=\"color: #339966;\">PREPARANDO LA PR\u00d3XIMA EXPOSICI\u00d3N<\/span><\/strong><\/p>\n<p>La pr\u00f3xima Exposici\u00f3n se celebrar\u00e1 en el Sal\u00f3n de entrada de la Comandancia de Marina de nuestra ciudad, gracias a las gestiones de la directiva del Grupo con el Comandante de Marina de Algeciras.<\/p>\n<p>Le queremos dar una nueva imagen a nuestros cuadros expositores, por este motivo nos hemos puesto manos\u00a0 a la obra, con el jefe de los pintores de nuestro Grupo Sr. Riscart a la cabeza. Y as\u00ed nos est\u00e1n quedando. Esperamos poderlos tener terminados para la Muestra.<\/p>\n<p style=\"text-align: justify;\">Os iremos informando.<\/p>\n<p style=\"text-align: center;\"><img loading=\"lazy\" decoding=\"async\" class=\"size-medium wp-image-2329 alignleft\" style=\"margin-top: 0.857143rem; margin-bottom: 0.857143rem;\" src=\"http:\/\/www.grupo-algeciras.com\/wpress\/wp-content\/uploads\/WhatsApp-Image-2022-10-24-at-19.51.51-169x300.jpg\" alt=\"\" width=\"250\" height=\"444\" srcset=\"http:\/\/www.grupo-algeciras.com\/wpress\/wp-content\/uploads\/WhatsApp-Image-2022-10-24-at-19.51.51-169x300.jpg 169w, http:\/\/www.grupo-algeciras.com\/wpress\/wp-content\/uploads\/WhatsApp-Image-2022-10-24-at-19.51.51-576x1024.jpg 576w, http:\/\/www.grupo-algeciras.com\/wpress\/wp-content\/uploads\/WhatsApp-Image-2022-10-24-at-19.51.51-768x1365.jpg 768w, http:\/\/www.grupo-algeciras.com\/wpress\/wp-content\/uploads\/WhatsApp-Image-2022-10-24-at-19.51.51-864x1536.jpg 864w, http:\/\/www.grupo-algeciras.com\/wpress\/wp-content\/uploads\/WhatsApp-Image-2022-10-24-at-19.51.51-624x1109.jpg 624w, http:\/\/www.grupo-algeciras.com\/wpress\/wp-content\/uploads\/WhatsApp-Image-2022-10-24-at-19.51.51.jpg 1152w\" sizes=\"auto, (max-width: 250px) 100vw, 250px\" \/><img loading=\"lazy\" decoding=\"async\" class=\"size-medium wp-image-2328 alignright\" src=\"http:\/\/www.grupo-algeciras.com\/wpress\/wp-content\/uploads\/WhatsApp-Image-2022-10-24-at-19.50.46-169x300.jpg\" alt=\"\" width=\"250\" height=\"444\" srcset=\"http:\/\/www.grupo-algeciras.com\/wpress\/wp-content\/uploads\/WhatsApp-Image-2022-10-24-at-19.50.46-169x300.jpg 169w, http:\/\/www.grupo-algeciras.com\/wpress\/wp-content\/uploads\/WhatsApp-Image-2022-10-24-at-19.50.46-576x1024.jpg 576w, http:\/\/www.grupo-algeciras.com\/wpress\/wp-content\/uploads\/WhatsApp-Image-2022-10-24-at-19.50.46-768x1365.jpg 768w, http:\/\/www.grupo-algeciras.com\/wpress\/wp-content\/uploads\/WhatsApp-Image-2022-10-24-at-19.50.46-864x1536.jpg 864w, http:\/\/www.grupo-algeciras.com\/wpress\/wp-content\/uploads\/WhatsApp-Image-2022-10-24-at-19.50.46-624x1109.jpg 624w, http:\/\/www.grupo-algeciras.com\/wpress\/wp-content\/uploads\/WhatsApp-Image-2022-10-24-at-19.50.46.jpg 1152w\" sizes=\"auto, (max-width: 250px) 100vw, 250px\" \/> \u00a0<img loading=\"lazy\" decoding=\"async\" class=\"size-medium wp-image-2330 aligncenter\" src=\"http:\/\/www.grupo-algeciras.com\/wpress\/wp-content\/uploads\/WhatsApp-Image-2022-10-28-at-19.18.33-300x146.jpg\" alt=\"\" width=\"514\" height=\"250\" srcset=\"http:\/\/www.grupo-algeciras.com\/wpress\/wp-content\/uploads\/WhatsApp-Image-2022-10-28-at-19.18.33-300x146.jpg 300w, http:\/\/www.grupo-algeciras.com\/wpress\/wp-content\/uploads\/WhatsApp-Image-2022-10-28-at-19.18.33-680x331.jpg 680w, http:\/\/www.grupo-algeciras.com\/wpress\/wp-content\/uploads\/WhatsApp-Image-2022-10-28-at-19.18.33-768x373.jpg 768w, http:\/\/www.grupo-algeciras.com\/wpress\/wp-content\/uploads\/WhatsApp-Image-2022-10-28-at-19.18.33-1536x747.jpg 1536w, http:\/\/www.grupo-algeciras.com\/wpress\/wp-content\/uploads\/WhatsApp-Image-2022-10-28-at-19.18.33-624x303.jpg 624w, http:\/\/www.grupo-algeciras.com\/wpress\/wp-content\/uploads\/WhatsApp-Image-2022-10-28-at-19.18.33.jpg 2016w\" sizes=\"auto, (max-width: 514px) 100vw, 514px\" \/><\/p>\n<p><strong><span style=\"color: #008000;\">COMIDA DE HEMANDAD EN EL CLUB N\u00c1UTICO EL PARGO<\/span><\/strong><\/p>\n<p>El pasado 22 de octubre compartimos unos momentos muy especiales entre algunos de nuestros socios y acompa\u00f1antes, en el club n\u00e1utico El Pargo. Y con ganas de repetir.<\/p>\n<p><img loading=\"lazy\" decoding=\"async\" class=\"size-medium wp-image-2335 aligncenter\" src=\"http:\/\/www.grupo-algeciras.com\/wpress\/wp-content\/uploads\/WhatsApp-Image-2022-10-22-at-19.34.08-300x167.jpg\" alt=\"\" width=\"400\" height=\"223\" srcset=\"http:\/\/www.grupo-algeciras.com\/wpress\/wp-content\/uploads\/WhatsApp-Image-2022-10-22-at-19.34.08-300x167.jpg 300w, http:\/\/www.grupo-algeciras.com\/wpress\/wp-content\/uploads\/WhatsApp-Image-2022-10-22-at-19.34.08-680x379.jpg 680w, http:\/\/www.grupo-algeciras.com\/wpress\/wp-content\/uploads\/WhatsApp-Image-2022-10-22-at-19.34.08-768x428.jpg 768w, http:\/\/www.grupo-algeciras.com\/wpress\/wp-content\/uploads\/WhatsApp-Image-2022-10-22-at-19.34.08-1536x855.jpg 1536w, http:\/\/www.grupo-algeciras.com\/wpress\/wp-content\/uploads\/WhatsApp-Image-2022-10-22-at-19.34.08-624x347.jpg 624w, http:\/\/www.grupo-algeciras.com\/wpress\/wp-content\/uploads\/WhatsApp-Image-2022-10-22-at-19.34.08.jpg 1600w\" sizes=\"auto, (max-width: 400px) 100vw, 400px\" \/><\/p>\n<p><img loading=\"lazy\" decoding=\"async\" class=\"size-medium wp-image-2336 aligncenter\" src=\"http:\/\/www.grupo-algeciras.com\/wpress\/wp-content\/uploads\/WhatsApp-Image-2022-10-22-at-19.40.42-300x123.jpeg\" alt=\"\" width=\"407\" height=\"167\" srcset=\"http:\/\/www.grupo-algeciras.com\/wpress\/wp-content\/uploads\/WhatsApp-Image-2022-10-22-at-19.40.42-300x123.jpeg 300w, http:\/\/www.grupo-algeciras.com\/wpress\/wp-content\/uploads\/WhatsApp-Image-2022-10-22-at-19.40.42-680x278.jpeg 680w, http:\/\/www.grupo-algeciras.com\/wpress\/wp-content\/uploads\/WhatsApp-Image-2022-10-22-at-19.40.42-768x314.jpeg 768w, http:\/\/www.grupo-algeciras.com\/wpress\/wp-content\/uploads\/WhatsApp-Image-2022-10-22-at-19.40.42-1536x628.jpeg 1536w, http:\/\/www.grupo-algeciras.com\/wpress\/wp-content\/uploads\/WhatsApp-Image-2022-10-22-at-19.40.42-624x255.jpeg 624w, http:\/\/www.grupo-algeciras.com\/wpress\/wp-content\/uploads\/WhatsApp-Image-2022-10-22-at-19.40.42.jpeg 2048w\" sizes=\"auto, (max-width: 407px) 100vw, 407px\" \/> <img loading=\"lazy\" decoding=\"async\" class=\"alignnone size-medium wp-image-2337 aligncenter\" src=\"http:\/\/www.grupo-algeciras.com\/wpress\/wp-content\/uploads\/WhatsApp-Image-2022-10-22-at-19.46.27-300x146.jpg\" alt=\"\" width=\"407\" height=\"198\" srcset=\"http:\/\/www.grupo-algeciras.com\/wpress\/wp-content\/uploads\/WhatsApp-Image-2022-10-22-at-19.46.27-300x146.jpg 300w, http:\/\/www.grupo-algeciras.com\/wpress\/wp-content\/uploads\/WhatsApp-Image-2022-10-22-at-19.46.27-680x331.jpg 680w, http:\/\/www.grupo-algeciras.com\/wpress\/wp-content\/uploads\/WhatsApp-Image-2022-10-22-at-19.46.27-768x373.jpg 768w, http:\/\/www.grupo-algeciras.com\/wpress\/wp-content\/uploads\/WhatsApp-Image-2022-10-22-at-19.46.27-1536x747.jpg 1536w, http:\/\/www.grupo-algeciras.com\/wpress\/wp-content\/uploads\/WhatsApp-Image-2022-10-22-at-19.46.27-624x303.jpg 624w, http:\/\/www.grupo-algeciras.com\/wpress\/wp-content\/uploads\/WhatsApp-Image-2022-10-22-at-19.46.27.jpg 2016w\" sizes=\"auto, (max-width: 407px) 100vw, 407px\" \/> <img loading=\"lazy\" decoding=\"async\" class=\"alignnone size-medium wp-image-2338 aligncenter\" src=\"http:\/\/www.grupo-algeciras.com\/wpress\/wp-content\/uploads\/WhatsApp-Image-2022-10-22-at-19.47.30-300x146.jpg\" alt=\"\" width=\"407\" height=\"198\" srcset=\"http:\/\/www.grupo-algeciras.com\/wpress\/wp-content\/uploads\/WhatsApp-Image-2022-10-22-at-19.47.30-300x146.jpg 300w, http:\/\/www.grupo-algeciras.com\/wpress\/wp-content\/uploads\/WhatsApp-Image-2022-10-22-at-19.47.30-680x331.jpg 680w, http:\/\/www.grupo-algeciras.com\/wpress\/wp-content\/uploads\/WhatsApp-Image-2022-10-22-at-19.47.30-768x373.jpg 768w, http:\/\/www.grupo-algeciras.com\/wpress\/wp-content\/uploads\/WhatsApp-Image-2022-10-22-at-19.47.30-1536x747.jpg 1536w, http:\/\/www.grupo-algeciras.com\/wpress\/wp-content\/uploads\/WhatsApp-Image-2022-10-22-at-19.47.30-624x303.jpg 624w, http:\/\/www.grupo-algeciras.com\/wpress\/wp-content\/uploads\/WhatsApp-Image-2022-10-22-at-19.47.30.jpg 2016w\" sizes=\"auto, (max-width: 407px) 100vw, 407px\" \/><\/p>\n<p>&nbsp;<\/p>\n<p><span style=\"color: #008000;\"><strong>PRESENTACI\u00d3N EMISI\u00d3N ARQUITECTURA <span style=\"color: #008000;\">URBANA, MERCADO I<\/span>NGENIERO TORROJA, ALGECIRAS<\/strong><\/span><\/p>\n<p style=\"text-align: justify;\">En el hist\u00f3rica Sal\u00f3n de Plenos del Ayuntamiento de la ciudad, donde tuvieron lugar la deliberaciones de la famosa Conferencia Internacional de 1906 sobre Marruecos, cuyo recuerdo perdura en este Sal\u00f3n con diferentes mosaicos, se ha celebrado durante la ma\u00f1ana de este caluroso 20 de octubre, la presentaci\u00f3n del sello de Arquitectura urbana, dedicada al Mercado Ingeniero Torroja.<\/p>\n<p style=\"text-align: justify;\">El acto ha estado presidido por el Ilmo. Sr. Alcalde D. Juan Ignacio Landaluce y la Directora de Relaciones Institucionales y Directora de Filatelia D\u00aa Leire D\u00edez. Tras unas breves palabras de ambos se ha pasado al matasellado de esta emisi\u00f3n, ante un numeroso p\u00fablico asistente al acto.<\/p>\n<p style=\"text-align: justify;\">El matasellos con un bonito dise\u00f1o del mercado octogonal ha resultado del agrado de los asistentes, que han tenido la oportunidad de poder estampar el matasellos en sus documentos. Correos ha tenido la gentileza de obsequiar a los todos los asistentes con un sobre conmemorativo de la presentaci\u00f3n.<\/p>\n<p><img loading=\"lazy\" decoding=\"async\" class=\"size-medium wp-image-2319 aligncenter\" src=\"http:\/\/www.grupo-algeciras.com\/wpress\/wp-content\/uploads\/1--300x146.jpeg\" alt=\"\" width=\"450\" height=\"219\" srcset=\"http:\/\/www.grupo-algeciras.com\/wpress\/wp-content\/uploads\/1--300x146.jpeg 300w, http:\/\/www.grupo-algeciras.com\/wpress\/wp-content\/uploads\/1--680x331.jpeg 680w, http:\/\/www.grupo-algeciras.com\/wpress\/wp-content\/uploads\/1--768x373.jpeg 768w, http:\/\/www.grupo-algeciras.com\/wpress\/wp-content\/uploads\/1--1536x747.jpeg 1536w, http:\/\/www.grupo-algeciras.com\/wpress\/wp-content\/uploads\/1--624x303.jpeg 624w, http:\/\/www.grupo-algeciras.com\/wpress\/wp-content\/uploads\/1-.jpeg 2016w\" sizes=\"auto, (max-width: 450px) 100vw, 450px\" \/><\/p>\n<p style=\"text-align: center;\">Juan Pan\u00e9s, presidente del Grupo Filat\u00e9lico de Algeciras; Leire D\u00edez, Directora de Relaciones Institucionales y Directora de Filatelia; Juan I. Landaluce, Alcalde de Algeciras y Daniel Gil, fot\u00f3grafo de la imagen del sello.<\/p>\n<p><img loading=\"lazy\" decoding=\"async\" class=\"size-medium wp-image-2320 aligncenter\" src=\"http:\/\/www.grupo-algeciras.com\/wpress\/wp-content\/uploads\/2--300x169.jpeg\" alt=\"\" width=\"450\" height=\"254\" srcset=\"http:\/\/www.grupo-algeciras.com\/wpress\/wp-content\/uploads\/2--300x169.jpeg 300w, http:\/\/www.grupo-algeciras.com\/wpress\/wp-content\/uploads\/2--680x383.jpeg 680w, http:\/\/www.grupo-algeciras.com\/wpress\/wp-content\/uploads\/2--768x432.jpeg 768w, http:\/\/www.grupo-algeciras.com\/wpress\/wp-content\/uploads\/2--1536x864.jpeg 1536w, http:\/\/www.grupo-algeciras.com\/wpress\/wp-content\/uploads\/2--624x351.jpeg 624w, http:\/\/www.grupo-algeciras.com\/wpress\/wp-content\/uploads\/2-.jpeg 2016w\" sizes=\"auto, (max-width: 450px) 100vw, 450px\" \/><\/p>\n<p style=\"text-align: center;\">Miembros del Grupo Filat\u00e9lico y Numism\u00e1tico de Algeciras con Leire D\u00edez Castro.<\/p>\n<p><img loading=\"lazy\" decoding=\"async\" class=\"size-medium wp-image-2321 aligncenter\" src=\"http:\/\/www.grupo-algeciras.com\/wpress\/wp-content\/uploads\/3--300x146.jpeg\" alt=\"\" width=\"450\" height=\"219\" srcset=\"http:\/\/www.grupo-algeciras.com\/wpress\/wp-content\/uploads\/3--300x146.jpeg 300w, http:\/\/www.grupo-algeciras.com\/wpress\/wp-content\/uploads\/3--680x331.jpeg 680w, http:\/\/www.grupo-algeciras.com\/wpress\/wp-content\/uploads\/3--768x373.jpeg 768w, http:\/\/www.grupo-algeciras.com\/wpress\/wp-content\/uploads\/3--1536x747.jpeg 1536w, http:\/\/www.grupo-algeciras.com\/wpress\/wp-content\/uploads\/3--624x303.jpeg 624w, http:\/\/www.grupo-algeciras.com\/wpress\/wp-content\/uploads\/3-.jpeg 2016w\" sizes=\"auto, (max-width: 450px) 100vw, 450px\" \/><\/p>\n<p style=\"text-align: center;\">Correos al completo<\/p>\n<p><img loading=\"lazy\" decoding=\"async\" class=\"size-medium wp-image-2322 aligncenter\" src=\"http:\/\/www.grupo-algeciras.com\/wpress\/wp-content\/uploads\/4-1-1-300x192.jpg\" alt=\"\" width=\"450\" height=\"288\" srcset=\"http:\/\/www.grupo-algeciras.com\/wpress\/wp-content\/uploads\/4-1-1-300x192.jpg 300w, http:\/\/www.grupo-algeciras.com\/wpress\/wp-content\/uploads\/4-1-1-680x435.jpg 680w, http:\/\/www.grupo-algeciras.com\/wpress\/wp-content\/uploads\/4-1-1-768x491.jpg 768w, http:\/\/www.grupo-algeciras.com\/wpress\/wp-content\/uploads\/4-1-1-624x399.jpg 624w, http:\/\/www.grupo-algeciras.com\/wpress\/wp-content\/uploads\/4-1-1.jpg 1327w\" sizes=\"auto, (max-width: 450px) 100vw, 450px\" \/><\/p>\n<p style=\"text-align: center;\">Sobre conmemorativo con el matasellos de la presentaci\u00f3n.<\/p>\n<p>&nbsp;<\/p>\n<p><span style=\"color: #008000;\"><strong>Exposici\u00f3n Filat\u00e9lica \u00abEmisiones del Grupo Filat\u00e9lico\u00bb<\/strong><\/span><\/p>\n<p style=\"text-align: justify;\">Historia del Grupo Filat\u00e9lico a trav\u00e9s de los documentos postales.<\/p>\n<p style=\"text-align: justify;\">13 de septiembre hemos inaugurado la Exposici\u00f3n con la historia del Grupo Filat\u00e9lico y Numism\u00e1tico de Algeciras, a trav\u00e9s de todos los documentos que se han editado desde 1980 hasta nuestros d\u00edas.<\/p>\n<p style=\"text-align: justify;\">La Exposici\u00f3n muestra los primeros matasellos de las Exposiciones Filat\u00e9licas, tarjetas emitidas, programas de mano con los titulares y expositores que en todo momento cedieron sus colecciones para ser expuestas.<\/p>\n<p style=\"text-align: justify;\">Los primeros documentos con los sobres, la trayectoria y cambios habidos desde el primero hasta el \u00faltimo, las carpetas, las tarjetas postales y las hojas recuerdos, todo de tan grato recuerdos para los visitantes. Fotograf\u00edas de nuestros visitantes, de nuestros socios y sobre todo de la gran familia filat\u00e9lica.<\/p>\n<p style=\"text-align: justify;\">Toda la recopilaci\u00f3n obtenida por nuestro vicepresidente Jos\u00e9 Carlos Jim\u00e9nez. La Muestra estar\u00e1 expuesta en el local social hasta finales de octubre, cuando se proceder\u00e1 a exponer una nueva y por supuesto atractiva colecci\u00f3n de sobres.<\/p>\n<p><img loading=\"lazy\" decoding=\"async\" class=\"size-medium wp-image-2302 aligncenter\" src=\"http:\/\/www.grupo-algeciras.com\/wpress\/wp-content\/uploads\/WhatsApp-Image-2022-09-14-at-09.26.40-3-300x146.jpeg\" alt=\"\" width=\"400\" height=\"195\" srcset=\"http:\/\/www.grupo-algeciras.com\/wpress\/wp-content\/uploads\/WhatsApp-Image-2022-09-14-at-09.26.40-3-300x146.jpeg 300w, http:\/\/www.grupo-algeciras.com\/wpress\/wp-content\/uploads\/WhatsApp-Image-2022-09-14-at-09.26.40-3-768x373.jpeg 768w, http:\/\/www.grupo-algeciras.com\/wpress\/wp-content\/uploads\/WhatsApp-Image-2022-09-14-at-09.26.40-3-680x330.jpeg 680w, http:\/\/www.grupo-algeciras.com\/wpress\/wp-content\/uploads\/WhatsApp-Image-2022-09-14-at-09.26.40-3-624x303.jpeg 624w, http:\/\/www.grupo-algeciras.com\/wpress\/wp-content\/uploads\/WhatsApp-Image-2022-09-14-at-09.26.40-3.jpeg 1600w\" sizes=\"auto, (max-width: 400px) 100vw, 400px\" \/><\/p>\n<p><img loading=\"lazy\" decoding=\"async\" class=\"size-medium wp-image-2303 aligncenter\" src=\"http:\/\/www.grupo-algeciras.com\/wpress\/wp-content\/uploads\/WhatsApp-Image-2022-09-14-at-09.26.40-4-300x146.jpeg\" alt=\"\" width=\"400\" height=\"195\" srcset=\"http:\/\/www.grupo-algeciras.com\/wpress\/wp-content\/uploads\/WhatsApp-Image-2022-09-14-at-09.26.40-4-300x146.jpeg 300w, http:\/\/www.grupo-algeciras.com\/wpress\/wp-content\/uploads\/WhatsApp-Image-2022-09-14-at-09.26.40-4-768x373.jpeg 768w, http:\/\/www.grupo-algeciras.com\/wpress\/wp-content\/uploads\/WhatsApp-Image-2022-09-14-at-09.26.40-4-680x330.jpeg 680w, http:\/\/www.grupo-algeciras.com\/wpress\/wp-content\/uploads\/WhatsApp-Image-2022-09-14-at-09.26.40-4-624x303.jpeg 624w, http:\/\/www.grupo-algeciras.com\/wpress\/wp-content\/uploads\/WhatsApp-Image-2022-09-14-at-09.26.40-4.jpeg 1600w\" sizes=\"auto, (max-width: 400px) 100vw, 400px\" \/><\/p>\n<p><img loading=\"lazy\" decoding=\"async\" class=\"size-medium wp-image-2304 aligncenter\" src=\"http:\/\/www.grupo-algeciras.com\/wpress\/wp-content\/uploads\/WhatsApp-Image-2022-09-14-at-09.26.40-300x146.jpeg\" alt=\"\" width=\"400\" height=\"195\" srcset=\"http:\/\/www.grupo-algeciras.com\/wpress\/wp-content\/uploads\/WhatsApp-Image-2022-09-14-at-09.26.40-300x146.jpeg 300w, http:\/\/www.grupo-algeciras.com\/wpress\/wp-content\/uploads\/WhatsApp-Image-2022-09-14-at-09.26.40-768x373.jpeg 768w, http:\/\/www.grupo-algeciras.com\/wpress\/wp-content\/uploads\/WhatsApp-Image-2022-09-14-at-09.26.40-680x330.jpeg 680w, http:\/\/www.grupo-algeciras.com\/wpress\/wp-content\/uploads\/WhatsApp-Image-2022-09-14-at-09.26.40-624x303.jpeg 624w, http:\/\/www.grupo-algeciras.com\/wpress\/wp-content\/uploads\/WhatsApp-Image-2022-09-14-at-09.26.40.jpeg 1600w\" sizes=\"auto, (max-width: 400px) 100vw, 400px\" \/><\/p>\n<p><span style=\"color: #008000;\"><strong>Exposici\u00f3n Etiquetas de Cervezas Artesanales<\/strong><\/span><\/p>\n<p>Viernes 13 de mayo a las 20 horas en nuesrtro local social se procedi\u00f3 a la inauguraci\u00f3n de esta fenomenal Exposici\u00f3n de nuestro socio Jos\u00e9 Carlos Juim\u00e9nez Mombiedro. A lo largo de 12 paneles expositores Carlos nos muestra las diferentes etiquetas de cervezas artesanales de la provincial de C\u00e1diz, Sevilla y M\u00e1laga, con un sin fin de variedades y errores.<\/p>\n<p>No os la podeis perder, una Muestra que sola verla ya te lleva a ese mundo tan nuevo de las cervezas artesanales, con muchas explicaciones sobre el tipo de cerveza, propietarios, lugares y sobre todo la informaci\u00f3n de la propia protagonista \u00abLa Cerveza Artesanal\u00bb<\/p>\n<p><img loading=\"lazy\" decoding=\"async\" class=\"alignnone size-medium wp-image-2276\" src=\"http:\/\/www.grupo-algeciras.com\/wpress\/wp-content\/uploads\/Etiquetas-2--300x225.jpg\" width=\"340\" height=\"255\" srcset=\"http:\/\/www.grupo-algeciras.com\/wpress\/wp-content\/uploads\/Etiquetas-2--300x225.jpg 300w, http:\/\/www.grupo-algeciras.com\/wpress\/wp-content\/uploads\/Etiquetas-2--768x576.jpg 768w, http:\/\/www.grupo-algeciras.com\/wpress\/wp-content\/uploads\/Etiquetas-2--680x510.jpg 680w, http:\/\/www.grupo-algeciras.com\/wpress\/wp-content\/uploads\/Etiquetas-2--624x468.jpg 624w, http:\/\/www.grupo-algeciras.com\/wpress\/wp-content\/uploads\/Etiquetas-2-.jpg 1008w\" sizes=\"auto, (max-width: 340px) 100vw, 340px\" \/><img loading=\"lazy\" decoding=\"async\" class=\"alignnone size-medium wp-image-2275\" src=\"http:\/\/www.grupo-algeciras.com\/wpress\/wp-content\/uploads\/Etiquetas-1--300x225.jpg\" width=\"340\" height=\"255\" srcset=\"http:\/\/www.grupo-algeciras.com\/wpress\/wp-content\/uploads\/Etiquetas-1--300x225.jpg 300w, http:\/\/www.grupo-algeciras.com\/wpress\/wp-content\/uploads\/Etiquetas-1--768x576.jpg 768w, http:\/\/www.grupo-algeciras.com\/wpress\/wp-content\/uploads\/Etiquetas-1--680x510.jpg 680w, http:\/\/www.grupo-algeciras.com\/wpress\/wp-content\/uploads\/Etiquetas-1--624x468.jpg 624w, http:\/\/www.grupo-algeciras.com\/wpress\/wp-content\/uploads\/Etiquetas-1-.jpg 1008w\" sizes=\"auto, (max-width: 340px) 100vw, 340px\" \/><\/p>\n<p>&nbsp;<\/p>\n<p><img loading=\"lazy\" decoding=\"async\" class=\"alignnone size-medium wp-image-2278\" src=\"http:\/\/www.grupo-algeciras.com\/wpress\/wp-content\/uploads\/Etiquetas-3--300x169.jpg\" width=\"350\" height=\"197\" srcset=\"http:\/\/www.grupo-algeciras.com\/wpress\/wp-content\/uploads\/Etiquetas-3--300x169.jpg 300w, http:\/\/www.grupo-algeciras.com\/wpress\/wp-content\/uploads\/Etiquetas-3--768x432.jpg 768w, http:\/\/www.grupo-algeciras.com\/wpress\/wp-content\/uploads\/Etiquetas-3--680x383.jpg 680w, http:\/\/www.grupo-algeciras.com\/wpress\/wp-content\/uploads\/Etiquetas-3--624x351.jpg 624w, http:\/\/www.grupo-algeciras.com\/wpress\/wp-content\/uploads\/Etiquetas-3-.jpg 1008w\" sizes=\"auto, (max-width: 350px) 100vw, 350px\" \/>\u00a0 <img loading=\"lazy\" decoding=\"async\" class=\"alignnone size-medium wp-image-2279\" src=\"http:\/\/www.grupo-algeciras.com\/wpress\/wp-content\/uploads\/Etiquetas-6--225x300.jpg\" alt=\"\" width=\"225\" height=\"300\" srcset=\"http:\/\/www.grupo-algeciras.com\/wpress\/wp-content\/uploads\/Etiquetas-6--225x300.jpg 225w, http:\/\/www.grupo-algeciras.com\/wpress\/wp-content\/uploads\/Etiquetas-6--680x907.jpg 680w, http:\/\/www.grupo-algeciras.com\/wpress\/wp-content\/uploads\/Etiquetas-6--624x832.jpg 624w, http:\/\/www.grupo-algeciras.com\/wpress\/wp-content\/uploads\/Etiquetas-6-.jpg 756w\" sizes=\"auto, (max-width: 225px) 100vw, 225px\" \/><\/p>\n<p><img loading=\"lazy\" decoding=\"async\" class=\"alignnone size-medium wp-image-2283\" src=\"http:\/\/www.grupo-algeciras.com\/wpress\/wp-content\/uploads\/Etiquetas-4--300x169.jpg\" width=\"350\" height=\"197\" srcset=\"http:\/\/www.grupo-algeciras.com\/wpress\/wp-content\/uploads\/Etiquetas-4--300x169.jpg 300w, http:\/\/www.grupo-algeciras.com\/wpress\/wp-content\/uploads\/Etiquetas-4--768x432.jpg 768w, http:\/\/www.grupo-algeciras.com\/wpress\/wp-content\/uploads\/Etiquetas-4--680x383.jpg 680w, http:\/\/www.grupo-algeciras.com\/wpress\/wp-content\/uploads\/Etiquetas-4--624x351.jpg 624w, http:\/\/www.grupo-algeciras.com\/wpress\/wp-content\/uploads\/Etiquetas-4-.jpg 1008w\" sizes=\"auto, (max-width: 350px) 100vw, 350px\" \/> <img loading=\"lazy\" decoding=\"async\" class=\"alignnone size-medium wp-image-2284\" src=\"http:\/\/www.grupo-algeciras.com\/wpress\/wp-content\/uploads\/Etiquetas-5--300x169.jpg\" width=\"350\" height=\"197\" srcset=\"http:\/\/www.grupo-algeciras.com\/wpress\/wp-content\/uploads\/Etiquetas-5--300x169.jpg 300w, http:\/\/www.grupo-algeciras.com\/wpress\/wp-content\/uploads\/Etiquetas-5--768x432.jpg 768w, http:\/\/www.grupo-algeciras.com\/wpress\/wp-content\/uploads\/Etiquetas-5--680x383.jpg 680w, http:\/\/www.grupo-algeciras.com\/wpress\/wp-content\/uploads\/Etiquetas-5--624x351.jpg 624w, http:\/\/www.grupo-algeciras.com\/wpress\/wp-content\/uploads\/Etiquetas-5-.jpg 1008w\" sizes=\"auto, (max-width: 350px) 100vw, 350px\" \/> <img loading=\"lazy\" decoding=\"async\" class=\"alignnone size-medium wp-image-2285\" src=\"http:\/\/www.grupo-algeciras.com\/wpress\/wp-content\/uploads\/Etiquetas-7--300x225.jpg\" width=\"350\" height=\"263\" srcset=\"http:\/\/www.grupo-algeciras.com\/wpress\/wp-content\/uploads\/Etiquetas-7--300x225.jpg 300w, http:\/\/www.grupo-algeciras.com\/wpress\/wp-content\/uploads\/Etiquetas-7--768x576.jpg 768w, http:\/\/www.grupo-algeciras.com\/wpress\/wp-content\/uploads\/Etiquetas-7--680x510.jpg 680w, http:\/\/www.grupo-algeciras.com\/wpress\/wp-content\/uploads\/Etiquetas-7--624x468.jpg 624w, http:\/\/www.grupo-algeciras.com\/wpress\/wp-content\/uploads\/Etiquetas-7-.jpg 1008w\" sizes=\"auto, (max-width: 350px) 100vw, 350px\" \/> <img loading=\"lazy\" decoding=\"async\" class=\"alignnone size-medium wp-image-2286\" src=\"http:\/\/www.grupo-algeciras.com\/wpress\/wp-content\/uploads\/Etiquetas-8--300x225.jpg\" width=\"350\" height=\"263\" srcset=\"http:\/\/www.grupo-algeciras.com\/wpress\/wp-content\/uploads\/Etiquetas-8--300x225.jpg 300w, http:\/\/www.grupo-algeciras.com\/wpress\/wp-content\/uploads\/Etiquetas-8--768x576.jpg 768w, http:\/\/www.grupo-algeciras.com\/wpress\/wp-content\/uploads\/Etiquetas-8--680x510.jpg 680w, http:\/\/www.grupo-algeciras.com\/wpress\/wp-content\/uploads\/Etiquetas-8--624x468.jpg 624w, http:\/\/www.grupo-algeciras.com\/wpress\/wp-content\/uploads\/Etiquetas-8-.jpg 1008w\" sizes=\"auto, (max-width: 350px) 100vw, 350px\" \/><\/p>\n<p><span style=\"color: #008000;\"><strong>Comida Hermandad<\/strong><\/span><\/p>\n<p>El s\u00e1bado 30 de abril por fin nos pudimos reunir a celebrar la tradicional comida anuel que tatnas veces hemos cancelado. Nos reunimos los socios y acompa\u00f1antes que quisieron acompa\u00f1arnos en este d\u00eda tan especical.<\/p>\n<p>Aqui quedan los testigos de la misma.<\/p>\n<p><img loading=\"lazy\" decoding=\"async\" class=\"alignnone size-medium wp-image-2262\" src=\"http:\/\/www.grupo-algeciras.com\/wpress\/wp-content\/uploads\/f1a1b87c-b753-4e96-abbe-27e9cda58b11-300x146.jpg\" width=\"350\" height=\"170\" srcset=\"http:\/\/www.grupo-algeciras.com\/wpress\/wp-content\/uploads\/f1a1b87c-b753-4e96-abbe-27e9cda58b11-300x146.jpg 300w, http:\/\/www.grupo-algeciras.com\/wpress\/wp-content\/uploads\/f1a1b87c-b753-4e96-abbe-27e9cda58b11-768x373.jpg 768w, http:\/\/www.grupo-algeciras.com\/wpress\/wp-content\/uploads\/f1a1b87c-b753-4e96-abbe-27e9cda58b11-680x331.jpg 680w, http:\/\/www.grupo-algeciras.com\/wpress\/wp-content\/uploads\/f1a1b87c-b753-4e96-abbe-27e9cda58b11-624x303.jpg 624w, http:\/\/www.grupo-algeciras.com\/wpress\/wp-content\/uploads\/f1a1b87c-b753-4e96-abbe-27e9cda58b11.jpg 2016w\" sizes=\"auto, (max-width: 350px) 100vw, 350px\" \/>\u00a0<img loading=\"lazy\" decoding=\"async\" class=\"alignnone size-medium wp-image-2261\" src=\"http:\/\/www.grupo-algeciras.com\/wpress\/wp-content\/uploads\/c746e655-2c94-421e-a1c0-96235f72b3ef-300x146.jpg\" width=\"350\" height=\"170\" srcset=\"http:\/\/www.grupo-algeciras.com\/wpress\/wp-content\/uploads\/c746e655-2c94-421e-a1c0-96235f72b3ef-300x146.jpg 300w, http:\/\/www.grupo-algeciras.com\/wpress\/wp-content\/uploads\/c746e655-2c94-421e-a1c0-96235f72b3ef-768x373.jpg 768w, http:\/\/www.grupo-algeciras.com\/wpress\/wp-content\/uploads\/c746e655-2c94-421e-a1c0-96235f72b3ef-680x331.jpg 680w, http:\/\/www.grupo-algeciras.com\/wpress\/wp-content\/uploads\/c746e655-2c94-421e-a1c0-96235f72b3ef-624x303.jpg 624w, http:\/\/www.grupo-algeciras.com\/wpress\/wp-content\/uploads\/c746e655-2c94-421e-a1c0-96235f72b3ef.jpg 2016w\" sizes=\"auto, (max-width: 350px) 100vw, 350px\" \/><\/p>\n<p><img loading=\"lazy\" decoding=\"async\" class=\"alignnone size-medium wp-image-2260\" src=\"http:\/\/www.grupo-algeciras.com\/wpress\/wp-content\/uploads\/81ea1e97-3a5d-46f8-bf5a-fe9f8992c401-300x146.jpg\" width=\"350\" height=\"170\" srcset=\"http:\/\/www.grupo-algeciras.com\/wpress\/wp-content\/uploads\/81ea1e97-3a5d-46f8-bf5a-fe9f8992c401-300x146.jpg 300w, http:\/\/www.grupo-algeciras.com\/wpress\/wp-content\/uploads\/81ea1e97-3a5d-46f8-bf5a-fe9f8992c401-768x373.jpg 768w, http:\/\/www.grupo-algeciras.com\/wpress\/wp-content\/uploads\/81ea1e97-3a5d-46f8-bf5a-fe9f8992c401-680x331.jpg 680w, http:\/\/www.grupo-algeciras.com\/wpress\/wp-content\/uploads\/81ea1e97-3a5d-46f8-bf5a-fe9f8992c401-624x303.jpg 624w, http:\/\/www.grupo-algeciras.com\/wpress\/wp-content\/uploads\/81ea1e97-3a5d-46f8-bf5a-fe9f8992c401.jpg 2016w\" sizes=\"auto, (max-width: 350px) 100vw, 350px\" \/>\u00a0<img loading=\"lazy\" decoding=\"async\" class=\"alignnone size-medium wp-image-2263\" src=\"http:\/\/www.grupo-algeciras.com\/wpress\/wp-content\/uploads\/f4cb45ab-0d1c-4514-9af6-0c0f3c604cdf-300x146.jpg\" width=\"350\" height=\"170\" srcset=\"http:\/\/www.grupo-algeciras.com\/wpress\/wp-content\/uploads\/f4cb45ab-0d1c-4514-9af6-0c0f3c604cdf-300x146.jpg 300w, http:\/\/www.grupo-algeciras.com\/wpress\/wp-content\/uploads\/f4cb45ab-0d1c-4514-9af6-0c0f3c604cdf-768x373.jpg 768w, http:\/\/www.grupo-algeciras.com\/wpress\/wp-content\/uploads\/f4cb45ab-0d1c-4514-9af6-0c0f3c604cdf-680x331.jpg 680w, http:\/\/www.grupo-algeciras.com\/wpress\/wp-content\/uploads\/f4cb45ab-0d1c-4514-9af6-0c0f3c604cdf-624x303.jpg 624w, http:\/\/www.grupo-algeciras.com\/wpress\/wp-content\/uploads\/f4cb45ab-0d1c-4514-9af6-0c0f3c604cdf.jpg 2016w\" sizes=\"auto, (max-width: 350px) 100vw, 350px\" \/><\/p>\n<p><span style=\"color: #008000;\"><strong>La segunda del a\u00f1o Exposici\u00f3n de \u201cSellos usados\u201d<\/strong><\/span><\/p>\n<p>Para continuar con las actividades que hemos comenzado el pasado mes de marzo con la primera Exposici\u00f3n. Hoy 19 de abril hemos inaugurado, en nuestro local social, la Exposici\u00f3n Filat\u00e9lica. En esta ocasi\u00f3n\u00a0 hemos contado con la colecci\u00f3n de \u201cSellos Usados\u201d de nuestro socio y anterior presidente de la Entidad, D. Ram\u00f3n L\u00f3pez S\u00e1ez.<\/p>\n<p>La colecci\u00f3n comienza con los sellos m\u00e1s modernos y abarca hasta los a\u00f1os treinta. Esta es una colecci\u00f3n muy especial para Ram\u00f3n pues es la primera de sellos usados, donde comenz\u00f3 y que tanto gusta a los aficionados a la filatelia, nos muestra sus ellos usados de una forma diferente, son grandes bloques y muchos matasellos tanto ordinarios como conmemorativos.<\/p>\n<p>A la inauguraci\u00f3n acudieron un importante n\u00famero de socios del Grupo Filat\u00e9lico y Numism\u00e1tico de Algeciras, que no quisieron perderse esta ocasi\u00f3n para ver filatelia con sellos para los que les gustan los sellos circulados y sobre todo acompa\u00f1ar a nuestro socio Ram\u00f3n.<\/p>\n<p>La Muestra estar\u00e1 abierta hasta finales del mes de mayo.<\/p>\n<p><img loading=\"lazy\" decoding=\"async\" class=\"alignnone size-medium wp-image-2243\" src=\"http:\/\/www.grupo-algeciras.com\/wpress\/wp-content\/uploads\/Expo-de-Ram\u00f3n-2--300x169.jpg\" width=\"350\" height=\"197\" srcset=\"http:\/\/www.grupo-algeciras.com\/wpress\/wp-content\/uploads\/Expo-de-Ram\u00f3n-2--300x169.jpg 300w, http:\/\/www.grupo-algeciras.com\/wpress\/wp-content\/uploads\/Expo-de-Ram\u00f3n-2--768x432.jpg 768w, http:\/\/www.grupo-algeciras.com\/wpress\/wp-content\/uploads\/Expo-de-Ram\u00f3n-2--680x383.jpg 680w, http:\/\/www.grupo-algeciras.com\/wpress\/wp-content\/uploads\/Expo-de-Ram\u00f3n-2--624x351.jpg 624w\" sizes=\"auto, (max-width: 350px) 100vw, 350px\" \/>\u00a0 \u00a0\u00a0<img loading=\"lazy\" decoding=\"async\" class=\"alignnone size-medium wp-image-2244\" src=\"http:\/\/www.grupo-algeciras.com\/wpress\/wp-content\/uploads\/Expo-de-Ram\u00f3n-3--300x169.jpg\" width=\"350\" height=\"197\" srcset=\"http:\/\/www.grupo-algeciras.com\/wpress\/wp-content\/uploads\/Expo-de-Ram\u00f3n-3--300x169.jpg 300w, http:\/\/www.grupo-algeciras.com\/wpress\/wp-content\/uploads\/Expo-de-Ram\u00f3n-3--768x432.jpg 768w, http:\/\/www.grupo-algeciras.com\/wpress\/wp-content\/uploads\/Expo-de-Ram\u00f3n-3--680x383.jpg 680w, http:\/\/www.grupo-algeciras.com\/wpress\/wp-content\/uploads\/Expo-de-Ram\u00f3n-3--624x351.jpg 624w\" sizes=\"auto, (max-width: 350px) 100vw, 350px\" \/><\/p>\n<p><span style=\"color: #008000;\"><strong>4 de marzo de 2022. Exposici\u00f3n Cromos Jugadores de F\u00fatbol.<\/strong><\/span><\/p>\n<p>Como decimos por aqu\u00ed, poco a poco y es que ya tenemos todos muchas ganas de volver a nuestro hobby, reunirnos, exponer, nuestras charlas de los martes y viernes, las comidas y el contacto. Nos hace falta a todos.<\/p>\n<p>Para comenzar el a\u00f1o expositivo, Manuel Riscart ha venido a ense\u00f1arnos y exponer su colecci\u00f3n de cromos de jugadores de f\u00fatbol, desde la d\u00e9cada de los cincuenta; con los mismos equipos de siempre y la nostalgia de los jugadores del pasado.<\/p>\n<p>El pasado viernes 4 de marzo en el local social del Grupo Filat\u00e9lico y Numism\u00e1tico de Algeciras, se inaugur\u00f3 la Muestra antes un buen n\u00famero de socios y es que no esper\u00e1bamos tanta afluencia, pues el miedo a\u00fan sigue entre nosotros y los m\u00e1s mayores tienen a\u00fan ese recelo de reuniones. Con mucha precauci\u00f3n y siempre con todas las medidas de seguridad, all\u00ed estuvimos.<\/p>\n<p>La Muestra estar\u00e1 expuesta hasta mediados de abril, para dar paso a otras y otras hasta finalizar este a\u00f1o que esperemos todos sea diferente y m\u00e1s normal dentro de la anormalidad.<\/p>\n<p>&nbsp;<\/p>\n","protected":false},"excerpt":{"rendered":"<p>ACTIVIDADES CURSO 2026 MEMORIAS DEL A\u00d1O 2025 Debido a un fallo en el servidor de nuestra web, hemos estado sin la misma durante un largo periodo de tiempo. Pasamos con la Memoria del a\u00f1o 2025 a subsanar todas las actividades que no hemos podido incluir en su momento: 2025 &#8211; Memorias GFNA 2025 OK EXPOSICI\u00d3N [&hellip;]<\/p>\n","protected":false},"author":2,"featured_media":0,"comment_status":"closed","ping_status":"open","sticky":false,"template":"","format":"standard","meta":{"footnotes":""},"categories":[8],"tags":[],"class_list":["post-2237","post","type-post","status-publish","format-standard","hentry","category-noticias"],"_links":{"self":[{"href":"http:\/\/www.grupo-algeciras.com\/index.php\/wp-json\/wp\/v2\/posts\/2237","targetHints":{"allow":["GET"]}}],"collection":[{"href":"http:\/\/www.grupo-algeciras.com\/index.php\/wp-json\/wp\/v2\/posts"}],"about":[{"href":"http:\/\/www.grupo-algeciras.com\/index.php\/wp-json\/wp\/v2\/types\/post"}],"author":[{"embeddable":true,"href":"http:\/\/www.grupo-algeciras.com\/index.php\/wp-json\/wp\/v2\/users\/2"}],"replies":[{"embeddable":true,"href":"http:\/\/www.grupo-algeciras.com\/index.php\/wp-json\/wp\/v2\/comments?post=2237"}],"version-history":[{"count":116,"href":"http:\/\/www.grupo-algeciras.com\/index.php\/wp-json\/wp\/v2\/posts\/2237\/revisions"}],"predecessor-version":[{"id":2688,"href":"http:\/\/www.grupo-algeciras.com\/index.php\/wp-json\/wp\/v2\/posts\/2237\/revisions\/2688"}],"wp:attachment":[{"href":"http:\/\/www.grupo-algeciras.com\/index.php\/wp-json\/wp\/v2\/media?parent=2237"}],"wp:term":[{"taxonomy":"category","embeddable":true,"href":"http:\/\/www.grupo-algeciras.com\/index.php\/wp-json\/wp\/v2\/categories?post=2237"},{"taxonomy":"post_tag","embeddable":true,"href":"http:\/\/www.grupo-algeciras.com\/index.php\/wp-json\/wp\/v2\/tags?post=2237"}],"curies":[{"name":"wp","href":"https:\/\/api.w.org\/{rel}","templated":true}]}}