{"id":1491,"date":"2014-03-21T14:18:06","date_gmt":"2014-03-21T14:18:06","guid":{"rendered":"http:\/\/www.grupo-algeciras.com\/wpress\/?p=1491"},"modified":"2014-03-21T14:18:06","modified_gmt":"2014-03-21T14:18:06","slug":"comite-organizador","status":"publish","type":"post","link":"http:\/\/www.grupo-algeciras.com\/index.php\/2014\/03\/21\/comite-organizador\/","title":{"rendered":"Comit\u00e9 organizador"},"content":{"rendered":"<table id=\"Felix-Taula-Middle\" border=\"0\">\n<tbody>\n<tr>\n<td><a href=\"http:\/\/www.grupo-algeciras.com\/wpress\/wp-content\/uploads\/Exfilna 2006\/EscudoGrupoAlgeciras.jpg\"><img loading=\"lazy\" decoding=\"async\" class=\"alignright size-full wp-image-1427\" title=\"EscudoGrupoAlgeciras\" alt=\"\" src=\"http:\/\/www.grupo-algeciras.com\/wpress\/wp-content\/uploads\/Exfilna 2006\/EscudoGrupoAlgeciras.jpg\" width=\"120\" height=\"160\" \/><\/a><\/td>\n<td>\n<h4>Grupo Filat\u00e9lico <br \/> y Numism\u00e1tico<br \/> Algeciras<\/h4>\n<\/td>\n<td>Avda. Fuerzas Armadas 28-30, bajos<br \/> 11201 Algeciras<\/td>\n<\/tr>\n<\/tbody>\n<\/table>\n<p>&nbsp;<\/p>\n<table border=\"0\" align=\"center\">\n<tbody>\n<tr valign=\"top\">\n<td><strong>Comisario General<\/strong><br \/> Juan Pan\u00e9s Cantero<\/p>\n<p> <strong>Delegado de FESOFI<\/strong><br \/> Francisco Javier Castro Manrique<\/p>\n<p> <strong>Direcci\u00f3n de Exposiciones<\/strong><br \/> Francisco P\u00e9rez Medina<br \/> Jer\u00f3nimo Morenete Villa<br \/> John Albert Gonz\u00e1lez<\/p>\n<p> <strong>Delegado de Admisiones<\/strong><br \/> Jos\u00e9 Luis Rubio Rodr\u00edguez<\/p>\n<p> <strong>Administrador General<\/strong><br \/> Andr\u00e9s Andrades G\u00f3mez<\/td>\n<td>\n<p><strong>Comit\u00e9 <\/strong><\/p>\n<address>Manuel Bassecourt Hern\u00e1ndez<br \/> Francisco Franco Aguilera<br \/> Antonio Haro Camacho<br \/> Jos\u00e9 Carlos Jim\u00e9nez Mombiedro<br \/> Ram\u00f3n Jim\u00e9nez Tavera<\/address>\n<address>Diego Leo Rodr\u00edguez<br \/> Juan Manuel Lucena Mart\u00ednez<br \/> F\u00e9lix L\u00f3pez Presa<br \/> Ram\u00f3n L\u00f3pez S\u00e1ez<br \/> Guillermo M\u00e1rquez Campillo<br \/> Jos\u00e9 Luis Mart\u00edn S\u00e1nchez<br \/> Felipe Navarro Cabello<br \/> Joaqu\u00edn Oliva Lobato<br \/> Jos\u00e9 Torres Quir\u00f3s<br \/> F\u00e9lix Valdivia Garc\u00eda<\/address>\n<\/td>\n<\/tr>\n<\/tbody>\n<\/table>\n<h4>Patrocinan:<\/h4>\n<table id=\"Felix-Taula-Middle\" border=\"0\">\n<tbody>\n<tr>\n<td><a href=\"http:\/\/www.grupo-algeciras.com\/wpress\/wp-content\/uploads\/Exfilna 2006\/LogoCorreos.jpg\"><img decoding=\"async\" class=\"aligncenter  wp-image-1429\" title=\"LogoCorreos\" alt=\"\" src=\"http:\/\/www.grupo-algeciras.com\/wpress\/wp-content\/uploads\/Exfilna 2006\/LogoCorreos.jpg\" width=\"220\" \/><\/a><\/td>\n<td><a href=\"http:\/\/www.grupo-algeciras.com\/wpress\/wp-content\/uploads\/Exfilna 2006\/LogoFesofi.jpg\"><img loading=\"lazy\" decoding=\"async\" class=\"aligncenter size-full wp-image-1430\" title=\"LogoFesofi\" alt=\"\" src=\"http:\/\/www.grupo-algeciras.com\/wpress\/wp-content\/uploads\/Exfilna 2006\/LogoFesofi.jpg\" width=\"120\" height=\"140\" \/><\/a><\/td>\n<td><a href=\"http:\/\/www.grupo-algeciras.com\/wpress\/wp-content\/uploads\/Exfilna 2006\/LogoAyuntamiento.jpg\"><img loading=\"lazy\" decoding=\"async\" class=\"aligncenter size-full wp-image-1428\" title=\"LogoAyuntamiento\" alt=\"\" src=\"http:\/\/www.grupo-algeciras.com\/wpress\/wp-content\/uploads\/Exfilna 2006\/LogoAyuntamiento.jpg\" width=\"120\" height=\"180\" \/><\/a><\/td>\n<\/tr>\n<\/tbody>\n<\/table>\n<h4>Colaboran:<\/h4>\n<table border=\"0\">\n<tbody>\n<tr>\n<td><a href=\"http:\/\/www.grupo-algeciras.com\/wpress\/wp-content\/uploads\/Exfilna 2006\/LogoRCM.jpg\"><img loading=\"lazy\" decoding=\"async\" class=\"aligncenter size-full wp-image-1444\" title=\"LogoRCM\" alt=\"\" src=\"http:\/\/www.grupo-algeciras.com\/wpress\/wp-content\/uploads\/Exfilna 2006\/LogoRCM.jpg\" width=\"200\" height=\"80\" \/><\/a><\/td>\n<td><a href=\"http:\/\/www.grupo-algeciras.com\/wpress\/wp-content\/uploads\/Exfilna 2006\/LogoFedPortuguesa.gif\"><img loading=\"lazy\" decoding=\"async\" class=\"aligncenter size-full wp-image-1440\" title=\"LogoFedPortuguesa\" alt=\"\" src=\"http:\/\/www.grupo-algeciras.com\/wpress\/wp-content\/uploads\/Exfilna 2006\/LogoFedPortuguesa.gif\" width=\"120\" height=\"121\" \/><\/a><\/td>\n<td><a href=\"http:\/\/www.grupo-algeciras.com\/wpress\/wp-content\/uploads\/Exfilna 2006\/LogoRadioAlgeciras.jpg\"><img loading=\"lazy\" decoding=\"async\" class=\"aligncenter size-full wp-image-1443\" title=\"LogoRadioAlgeciras\" alt=\"\" src=\"http:\/\/www.grupo-algeciras.com\/wpress\/wp-content\/uploads\/Exfilna 2006\/LogoRadioAlgeciras.jpg\" width=\"120\" height=\"120\" \/><\/a><\/td>\n<\/tr>\n<tr>\n<td><a href=\"http:\/\/www.grupo-algeciras.com\/wpress\/wp-content\/uploads\/Exfilna 2006\/LogoDiputacion.gif\"><img loading=\"lazy\" decoding=\"async\" class=\"aligncenter size-full wp-image-1437\" title=\"LogoDiputacion\" alt=\"\" src=\"http:\/\/www.grupo-algeciras.com\/wpress\/wp-content\/uploads\/Exfilna 2006\/LogoDiputacion.gif\" width=\"200\" height=\"80\" \/><\/a><\/td>\n<td><a href=\"http:\/\/www.grupo-algeciras.com\/wpress\/wp-content\/uploads\/Exfilna 2006\/LogoCentenario.jpg\"><img loading=\"lazy\" decoding=\"async\" class=\"aligncenter size-full wp-image-1433\" title=\"LogoCentenario\" alt=\"\" src=\"http:\/\/www.grupo-algeciras.com\/wpress\/wp-content\/uploads\/Exfilna 2006\/LogoCentenario.jpg\" width=\"120\" height=\"139\" \/><\/a><\/td>\n<td><a href=\"http:\/\/www.grupo-algeciras.com\/wpress\/wp-content\/uploads\/Exfilna 2006\/LogoCorteIngles.jpg\"><img loading=\"lazy\" decoding=\"async\" class=\"aligncenter size-full wp-image-1436\" title=\"LogoCorteIngles\" alt=\"\" src=\"http:\/\/www.grupo-algeciras.com\/wpress\/wp-content\/uploads\/Exfilna 2006\/LogoCorteIngles.jpg\" width=\"200\" height=\"109\" \/><\/a><\/td>\n<\/tr>\n<tr>\n<td><a href=\"http:\/\/www.grupo-algeciras.com\/wpress\/wp-content\/uploads\/Exfilna 2006\/LogoPuerto.gif\"><img loading=\"lazy\" decoding=\"async\" class=\"aligncenter size-full wp-image-1442\" title=\"LogoPuerto\" alt=\"\" src=\"http:\/\/www.grupo-algeciras.com\/wpress\/wp-content\/uploads\/Exfilna 2006\/LogoPuerto.gif\" width=\"120\" height=\"110\" \/><\/a><\/td>\n<td><a href=\"http:\/\/www.grupo-algeciras.com\/wpress\/wp-content\/uploads\/Exfilna 2006\/LogoCanalSur.gif\"><img loading=\"lazy\" decoding=\"async\" class=\"aligncenter size-full wp-image-1432\" title=\"LogoCanalSur\" alt=\"\" src=\"http:\/\/www.grupo-algeciras.com\/wpress\/wp-content\/uploads\/Exfilna 2006\/LogoCanalSur.gif\" width=\"120\" height=\"120\" \/><\/a><\/td>\n<td><a href=\"http:\/\/www.grupo-algeciras.com\/wpress\/wp-content\/uploads\/Exfilna 2006\/LogoCepsa.jpg\"><img loading=\"lazy\" decoding=\"async\" class=\"aligncenter size-full wp-image-1434\" title=\"LogoCepsa\" alt=\"\" src=\"http:\/\/www.grupo-algeciras.com\/wpress\/wp-content\/uploads\/Exfilna 2006\/LogoCepsa.jpg\" width=\"200\" height=\"58\" \/><\/a><\/td>\n<\/tr>\n<\/tbody>\n<\/table>\n","protected":false},"excerpt":{"rendered":"<p>Grupo Filat\u00e9lico y Numism\u00e1tico Algeciras Avda. Fuerzas Armadas 28-30, bajos 11201 Algeciras &nbsp; Comisario General Juan Pan\u00e9s Cantero Delegado de FESOFI Francisco Javier Castro Manrique Direcci\u00f3n de Exposiciones Francisco P\u00e9rez Medina Jer\u00f3nimo Morenete Villa John Albert Gonz\u00e1lez Delegado de Admisiones Jos\u00e9 Luis Rubio Rodr\u00edguez Administrador General Andr\u00e9s Andrades G\u00f3mez Comit\u00e9 Manuel Bassecourt Hern\u00e1ndez Francisco Franco [&hellip;]<\/p>\n","protected":false},"author":1,"featured_media":0,"comment_status":"closed","ping_status":"open","sticky":false,"template":"","format":"standard","meta":{"footnotes":""},"categories":[29],"tags":[],"class_list":["post-1491","post","type-post","status-publish","format-standard","hentry","category-comite-organizador"],"_links":{"self":[{"href":"http:\/\/www.grupo-algeciras.com\/index.php\/wp-json\/wp\/v2\/posts\/1491","targetHints":{"allow":["GET"]}}],"collection":[{"href":"http:\/\/www.grupo-algeciras.com\/index.php\/wp-json\/wp\/v2\/posts"}],"about":[{"href":"http:\/\/www.grupo-algeciras.com\/index.php\/wp-json\/wp\/v2\/types\/post"}],"author":[{"embeddable":true,"href":"http:\/\/www.grupo-algeciras.com\/index.php\/wp-json\/wp\/v2\/users\/1"}],"replies":[{"embeddable":true,"href":"http:\/\/www.grupo-algeciras.com\/index.php\/wp-json\/wp\/v2\/comments?post=1491"}],"version-history":[{"count":2,"href":"http:\/\/www.grupo-algeciras.com\/index.php\/wp-json\/wp\/v2\/posts\/1491\/revisions"}],"predecessor-version":[{"id":1493,"href":"http:\/\/www.grupo-algeciras.com\/index.php\/wp-json\/wp\/v2\/posts\/1491\/revisions\/1493"}],"wp:attachment":[{"href":"http:\/\/www.grupo-algeciras.com\/index.php\/wp-json\/wp\/v2\/media?parent=1491"}],"wp:term":[{"taxonomy":"category","embeddable":true,"href":"http:\/\/www.grupo-algeciras.com\/index.php\/wp-json\/wp\/v2\/categories?post=1491"},{"taxonomy":"post_tag","embeddable":true,"href":"http:\/\/www.grupo-algeciras.com\/index.php\/wp-json\/wp\/v2\/tags?post=1491"}],"curies":[{"name":"wp","href":"https:\/\/api.w.org\/{rel}","templated":true}]}}