{"id":1479,"date":"2014-03-21T11:56:37","date_gmt":"2014-03-21T11:56:37","guid":{"rendered":"http:\/\/www.grupo-algeciras.com\/wpress\/?p=1479"},"modified":"2014-03-21T12:11:10","modified_gmt":"2014-03-21T12:11:10","slug":"palmares","status":"publish","type":"post","link":"http:\/\/www.grupo-algeciras.com\/index.php\/2014\/03\/21\/palmares\/","title":{"rendered":"Palmar\u00e9s"},"content":{"rendered":"<h3>Trofeos<\/h3>\n<p>1.- Excmo. Ayuntamiento de Algeciras<br \/> 2.- Correos<br \/> 3.- FESOFI<br \/> 4.- Centro Comercial Bah\u00eda de Algeciras, Hipercor-Tiendas El Corte Ingl\u00e9s<br \/> 5.- R.C.M. &#8211; F.N.M.T.<br \/> 6.- FEFIAN<br \/> 7.- Grupo Filat\u00e9lico y Numism\u00e1tico de Algeciras<br \/> 8.- FESOFI \u2013Antonio Castellano-<br \/> 9.- Radio Algeciras SER<br \/> 10.- ANFIL<br \/> 11.- Federaci\u00f3n Portuguesa de Filatelia APD<br \/> 12.- Embajada del Reino de Marruecos en Espa\u00f1a<br \/> 13.- Once Limado.- Para la mejor colecci\u00f3n de Historia Postal. <br \/> 14.- Comit\u00e9 Organizador<\/p>\n<h3>Conferencia Internacional Algeciras 1906<\/h3>\n<table border=\"0\">\n<tbody>\n<tr valign=\"top\">\n<td>001-003<\/td>\n<td>Pan\u00e9s Cantero, Juan<br \/> Marruecos y la Conferencia de 1906.<br \/> Colecci\u00f3n que comprende el periodo de veinte a\u00f1os antes y veinte a\u00f1os despu\u00e9s de la Conferencia Internacional celebrada en Algeciras para la pacificaci\u00f3n de Marruecos en 1906. El correo espa\u00f1ol, el real y los locales, con especial inter\u00e9s en los tres matasellos conmemorativos de la Conferencia en color violeta y estudio de los matasellos falsos.<br \/> Federaci\u00f3n Andaluza<\/td>\n<td style=\"width: 140px;\">Premio Especial-12<\/td>\n<\/tr>\n<\/tbody>\n<\/table>\n<h3>Clase I Maestra<\/h3>\n<table border=\"0\">\n<tbody>\n<tr valign=\"top\">\n<td>004-011<\/td>\n<td>Heredia Machado, Segundo<br \/> Veh\u00edculos autom\u00f3viles<br \/> Historia y descripci\u00f3n del autom\u00f3vil en su m\u00e1s amplio sentido, desde sus or\u00edgenes a la actualidad.<br \/> Federaci\u00f3n Andaluza<\/td>\n<td style=\"width: 140px;\">\n<p>OG.<\/p>\n<p>Gran Premio<\/p>\n<p>Clase Maestra-1<\/p>\n<\/td>\n<\/tr>\n<\/tbody>\n<\/table>\n<h3>Clase II Competici\u00f3n<\/h3>\n<h4>A. Filatelia Tradicional<\/h4>\n<h4>A.1. Espa\u00f1a (incluidas ex-colonias y dependencias postales<\/h4>\n<table border=\"0\">\n<tbody>\n<tr valign=\"top\">\n<td>012-019<\/td>\n<td>Barreras Barreras, Alberto<br \/> Correo carlista<br \/> Sellos sueltos, parejas, bloques de cuatro y grandes bloques, cartas y documentos relacionados con el correo carlista entre 1873-1895. <br \/> Federaci\u00f3n Centro<\/td>\n<td style=\"width: 140px;\">94-OG y P.E.-3<\/td>\n<\/tr>\n<tr valign=\"top\">\n<td>020-027<\/td>\n<td>Basc\u00f3n G\u00f3mez, Fernando<br \/> Pruebas y ensayos de Isabel II hasta Alfonso XIII<br \/> La colecci\u00f3n abarca bocetos, pruebas de artista y de plancha, ensayos de color y composici\u00f3n relativos al periodo indicado, siendo muchas de ellas piezas \u00fanicas conocidas dado el car\u00e1cter reducido de este tipo de material.<br \/> Federaci\u00f3n Centro<\/td>\n<td>91-OG y P.E.-5<\/td>\n<\/tr>\n<tr valign=\"top\">\n<td>028-035<\/td>\n<td>Freijanes Dom\u00ednguez, Jos\u00e9<br \/> Alfonso XIII (1.X.1889 a 11.I.1935)<br \/> Colecci\u00f3n que recupera estudio de todo lo presentado.<br \/> Federaci\u00f3n Gallega<\/td>\n<td>83-VG<\/td>\n<\/tr>\n<tr valign=\"top\">\n<td>036-043<\/td>\n<td>Infantes Pe\u00f1a, Francisco<br \/> Alfonso XIII \u201cEl Cadete\u201d<br \/> Representaci\u00f3n de pruebas, proyectos, grabados y ensayos de plancha, as\u00ed como de una extensa correspondencia. Destacamos los matasellos especiales creados para las muestras, exposiciones y congresos espa\u00f1oles de principios del siglo XX.<br \/> Federaci\u00f3n Centro<\/td>\n<td>91-OG y P.E.-4<\/td>\n<\/tr>\n<tr valign=\"top\">\n<td>044-051<\/td>\n<td>Isern L\u00f3pez, Joan<br \/> Franco en la filatelia<br \/> Marcas del Cuartel general, proyectos, pruebas, variedades, errores y estudio de las emisiones en los cuarenta a\u00f1os de historia.<br \/> Federaci\u00f3n Catalana<\/td>\n<td>77-V<\/td>\n<\/tr>\n<tr valign=\"top\">\n<td>052-056<\/td>\n<td>Maroto Molleda, Juli\u00e1n<br \/> Correo submarino Espa\u00f1a<br \/> Colecci\u00f3n especializada en el correo submarino Espa\u00f1a, ensayos, pruebas, sellos en nuevo, usados y matasellos propios de esta emisi\u00f3n. A destacar sobre grande (\u00fanico conocido con la serie en bloque de cuatro).<br \/> Federaci\u00f3n Catalana<\/td>\n<td>81-VG<\/td>\n<\/tr>\n<tr valign=\"top\">\n<td>057-061<\/td>\n<td>Ortega Serrada, Gerardo<br \/> El correo espa\u00f1ol de ultramar hasta la independencia colonial<br \/> Correo de ultramar en sus periodos prefilat\u00e9licos y filat\u00e9licos desde Fernando VII hasta la independencia.<br \/> Federaci\u00f3n Extreme\u00f1a<\/td>\n<td>67-P<\/td>\n<\/tr>\n<tr valign=\"top\">\n<td>062-069<\/td>\n<td>R\u00faa \u00c1lvarez, Edelmiro<br \/> Impuesto de guerra 1874-1879<br \/> Estudio de las emisiones de impuesto de guerra en su primera etapa en los a\u00f1os 1874 a 1879.<br \/> Federaci\u00f3n Centro<\/td>\n<td>83-VG<\/td>\n<\/tr>\n<tr valign=\"top\">\n<td>070-074<\/td>\n<td>Vigil-Escalera Quintanal, Luis Jos\u00e9<br \/> Neofilatelia: Aver\u00edas y errores en las impresiones de los sellos variables t\u00e9rmicos.<br \/> Errores y aver\u00edas en los sellos de valor variable.<br \/> Federaci\u00f3n Asturiana<\/td>\n<td>65-P<\/td>\n<\/tr>\n<\/tbody>\n<\/table>\n<h4>A.2. Portugal (incluidas ex-colonias)<\/h4>\n<table border=\"0\">\n<tbody>\n<tr valign=\"top\">\n<td>075-079<\/td>\n<td>Gonz\u00e1lez Pi\u00f1era, Lorena<br \/> Cabo Verde<br \/> Cabo Verde hasta su independencia como ex-colonia portuguesa.<br \/> Federaci\u00f3n Gallega<\/td>\n<td style=\"width: 140px;\">73-PG<\/td>\n<\/tr>\n<\/tbody>\n<\/table>\n<h4>A.3. Resto del mundo<\/h4>\n<table border=\"0\">\n<tbody>\n<tr valign=\"top\">\n<td>080-084<\/td>\n<td>Cuevas Aller, Joaqu\u00edn<br \/> M\u00e9xico<br \/> Colecci\u00f3n especializada con estudio de las piezas de M\u00e9xico<br \/> Federaci\u00f3n Castilla y Le\u00f3n<\/td>\n<td style=\"width: 140px;\">68-P<\/td>\n<\/tr>\n<tr valign=\"top\">\n<td>085-092<\/td>\n<td>Fern\u00e1ndez Pestana, Ernesto<br \/> Estados Unidos siglo XIX<br \/> Colecci\u00f3n variada de todas las emisiones, incluyendo pruebas, ensayos, tonalidades, matasellos, cartas, etc.<br \/> Federaci\u00f3n Andaluza<\/td>\n<td>80-VG<\/td>\n<\/tr>\n<\/tbody>\n<\/table>\n<h4>B. Historia Postal<\/h4>\n<h4>B.1. Historia Postal general<\/h4>\n<table border=\"0\">\n<tbody>\n<tr valign=\"top\">\n<td>093-097<\/td>\n<td>Dekker, Jacob Pieter<br \/> Historia postal de las Indias Holandesas 1864-1950<br \/> Comprende los sellos emitidos desde el a\u00f1o 1864 hasta 1950. Tambi\u00e9n encontramos diferentes cartas y enteros postales enviados por el correo ordinario y correo a\u00e9reo. En 1948 las Indias Holandesas obtuvieron la independencia y se form\u00f3 la Rep\u00fablica de Indonesia.<br \/> Federaci\u00f3n Catalana<\/td>\n<td style=\"width: 140px;\">70-PG<\/td>\n<\/tr>\n<tr valign=\"top\">\n<td>098-102<\/td>\n<td>Mart\u00ednez Carmona, Pere<br \/> Prefilatelia francesa<br \/> Recopilaci\u00f3n de marcas sobre cartas prefilat\u00e9licas, estudio de tasas de porteo, rutas y franqueos, marcas de los ej\u00e9rcitos de ocupaci\u00f3n y los departamentos numerales franceses.<br \/> Federaci\u00f3n Catalana<\/td>\n<td>75-V<\/td>\n<\/tr>\n<tr valign=\"top\">\n<td>103-107<\/td>\n<td>Miguel Mart\u00ednez, Alfredo<br \/> Los signos externos de la correspondencia<br \/> An\u00e1lisis de un conjunto de marcas existentes en el correo espa\u00f1ol durante los siglos XVIII y XIX.<br \/> Federaci\u00f3n Castilla y Le\u00f3n<\/td>\n<td>73-PG<\/td>\n<\/tr>\n<tr valign=\"top\">\n<td>108-112<\/td>\n<td>Raya S\u00e1nchez, Rafael \u00c1ngel<br \/> Matasellos de carreta sobre emisi\u00f3n de 1860<br \/> Selecci\u00f3n de colecci\u00f3n de matasellos rueda de carreta sobre la emisi\u00f3n de 1860, cartas, fragmentos, plicas, bloques, etc&#8230; sobre dicha emisi\u00f3n.<br \/> Federaci\u00f3n Canaria<\/td>\n<td>80-VG<\/td>\n<\/tr>\n<tr valign=\"top\">\n<td>113-117<\/td>\n<td>Rey Barreiro, Jos\u00e9 Luis<br \/> Correo Real, Casa Real espa\u00f1ola<br \/> Marcas postales y env\u00edos pertenecientes a la Casa Real espa\u00f1ola, comprendidas entre la dinast\u00eda de los austrias y los borbones.<br \/> Federaci\u00f3n Gallega<\/td>\n<td>68-P<\/td>\n<\/tr>\n<tr valign=\"top\">\n<td>118-122<\/td>\n<td>Ruiz Anguiano, Daniel<br \/> Helvetia sentada. Correo de Suiza a Am\u00e9rica hasta la U.P.U.<br \/> Estudio de las tarifas de Suiza a Am\u00e9rica en el periodo 1854 a la entrada en la U.P.U. de los pa\u00edses americanos con cartas de los sellos Strubel (2\u00aa emisi\u00f3n suiza) y Helvetia sentada (1\u00aa emisi\u00f3n dentada)<br \/> Federaci\u00f3n Centro<\/td>\n<td>\n<p>92-OG<strong> <\/strong><\/p>\n<p><strong>Gran Premio de la Exposici\u00f3n<\/strong><\/p>\n<p><strong>P.E.-2<\/strong><\/p>\n<\/td>\n<\/tr>\n<tr valign=\"top\">\n<td>123-127<\/td>\n<td>Ruiz Anguiano, Daniel<br \/> Helvetia sentada. Correo suizo a la Confederaci\u00f3n Germ\u00e1nica hasta la U.P.U.<br \/> Correo suizo con sellos de Helvetia sentada (sin dentar o Strubel y dentada o Siztende) a los pa\u00edses de la Confederaci\u00f3n Germ\u00e1nica 1854-1875.<br \/> Federaci\u00f3n Centro<\/td>\n<td>88-O<\/td>\n<\/tr>\n<tr valign=\"top\">\n<td>128-132<\/td>\n<td>S\u00e1nchez Villalva, Pedro<br \/> Correo a Yndias con barcos de vela<br \/> Estudio de los barcos de vela que transportaron correspondencia entre la pen\u00ednsula y las Indias entre 1777 y 1850.<br \/> Federaci\u00f3n Centro<\/td>\n<td>82-VG<\/td>\n<\/tr>\n<tr valign=\"top\">\n<td>133-137<\/td>\n<td>S\u00e1nchez Villalva, Pedro<br \/> Correo a Yndias con buques de vapor<br \/> Estudio de los buques de vapor que trasportaron correspondencia entre la pen\u00ednsula y las Indias entre 1850 y 1900.<br \/> Federaci\u00f3n Centro<\/td>\n<td>78-V<\/td>\n<\/tr>\n<\/tbody>\n<\/table>\n<h4>B.2. Historia Postal regional y local<\/h4>\n<table border=\"0\">\n<tbody>\n<tr valign=\"top\">\n<td>138-145<\/td>\n<td>Abad\u00eda Par\u00eds, Alejandro<br \/> La batalla de Teruel y su repercusi\u00f3n europea<br \/> Se describe la historia de la batalla de Teruel a trav\u00e9s de la correspondencia y de todos sus efectos postales.<br \/> Federaci\u00f3n Aragonesa<\/td>\n<td style=\"width: 140px;\">82-VG<\/td>\n<\/tr>\n<tr valign=\"top\">\n<td>146-150<\/td>\n<td>Benavente Burian, Manuel<br \/> Prefilatelia de Catalu\u00f1a, siglos XVIII y XIX<br \/> Evoluci\u00f3n de las marcas prefilat\u00e9licas de Catalu\u00f1a desde su creaci\u00f3n en 1717 hasta 1854 cuando se hace obligatorio el franqueo con sellos, incluyendo todas las estafetas catalanas.<br \/> Federaci\u00f3n Catalana<\/td>\n<td>83-VG<\/td>\n<\/tr>\n<tr valign=\"top\">\n<td>151-155<\/td>\n<td>Casado Rivera, Antonio<br \/> Valladolid, historia postal<br \/> Historia postal de la provincia de Valladolid desde el siglo XVIII hasta comienzos del siglo XX.<br \/> Federaci\u00f3n Castilla y Le\u00f3n<\/td>\n<td>70-PG<\/td>\n<\/tr>\n<tr valign=\"top\">\n<td>156-160<\/td>\n<td>Ense\u00f1at Rinc\u00f3n, Carlos<br \/> Correspondencia en el Reino de Valencia<br \/> Correspondencia en el Reino de Valencia<br \/> Federaci\u00f3n Catalana<\/td>\n<td>72-PG<\/td>\n<\/tr>\n<tr valign=\"top\">\n<td>161-165<\/td>\n<td>Flores Rodr\u00edguez, Isidoro<br \/> Marcas prefilat\u00e9licas de Extremadura Baja<br \/> Movimiento postal, rutas, tarifas fechadores y marcas de esta Regi\u00f3n.<br \/> Federaci\u00f3n Extreme\u00f1a<\/td>\n<td>70-PG<\/td>\n<\/tr>\n<tr valign=\"top\">\n<td>166-170<\/td>\n<td>G\u00f3mez-Guillam\u00f3n Maraver, F\u00e9lix<br \/> El correo en M\u00e1laga 1750-1902<br \/> Colecci\u00f3n estudio del correo en M\u00e1laga en cuanto a su organizaci\u00f3n, movimiento postal, rutas, tarifas, fechadores y marcas durante el periodo 1750-1902.<br \/> Federaci\u00f3n Andaluza<\/td>\n<td>66-P<\/td>\n<\/tr>\n<tr valign=\"top\">\n<td>171-178<\/td>\n<td>Gonz\u00e1lez Saucedo, Miguel<br \/> Historia Postal de la provincia de C\u00e1diz<br \/> El correo de marcas prefilat\u00e9licas de la provincia de C\u00e1diz, desde 1626 hasta 1890, cartas salidas y llegadas a C\u00e1diz.<br \/> Federaci\u00f3n Andaluza<\/td>\n<td>85-O y P.E.-9<\/td>\n<\/tr>\n<tr valign=\"top\">\n<td>179-183<\/td>\n<td>Iglesias Alonso, Faustino<br \/> Historia postal del principado de Asturias 1750-1900<br \/> Estudio e investigaci\u00f3n de taifas y marcas postales junto con las comunicaciones y rutas de dif\u00edcil recorrido por la orograf\u00eda agreste y el clima duro que le caracteriza.<br \/> Federaci\u00f3n Asturiana<\/td>\n<td>72-PG<\/td>\n<\/tr>\n<tr valign=\"top\">\n<td>184-188<\/td>\n<td>Mirman Castillo, Mario<br \/> Estudio postal de Sevilla, siglos XVII-XIX<br \/> Estudio postal de la ciudad de Sevilla desde las iniciales marcas manuscritas a finales del siglo XIX.<br \/> Federaci\u00f3n Andaluza<\/td>\n<td>86-O y P.E.-10<\/td>\n<\/tr>\n<tr valign=\"top\">\n<td>189-193<\/td>\n<td>Ortuondo Menchaca, Jos\u00e9 Mar\u00eda<br \/> Prefilatelia siglo XVIII, Pa\u00eds Vasco, Navarra y Rioja.<br \/> Seguimiento de las marcas prefilat\u00e9licas dieciochesca, en las tres Comunidades de Navarra, La Rioja y Euskadi.<br \/> Federaci\u00f3n Vasca<\/td>\n<td>78-V<\/td>\n<\/tr>\n<tr valign=\"top\">\n<td>194-201<\/td>\n<td>Pedraza Segura, Horacio<br \/> Historia Postal de Andaluc\u00eda Baja<br \/> Estudio de las tarifas, marcas y sellos de fechas utilizados en los antiguos reinos de Granada y Sevilla desde las primeras tarifas de 1716 hasta el establecimiento del franqueo previo.<br \/> Federaci\u00f3n Andaluza<\/td>\n<td>86-O y P.E.-13<\/td>\n<\/tr>\n<tr valign=\"top\">\n<td>202-206<\/td>\n<td>P\u00e9rez Torres, Orlando<br \/> Marcas postales de Asturias 1792-1866<br \/> Colecci\u00f3n de marcas postales y fechadores de Asturias.<br \/> Federaci\u00f3n Asturiana<\/td>\n<td>78-V<\/td>\n<\/tr>\n<tr valign=\"top\">\n<td>207-211<\/td>\n<td>Raya S\u00e1nchez, Jos\u00e9 Mar\u00eda<br \/> Historia Postal de Cantabria<br \/> Colecci\u00f3n de piezas y documentos postales de Cantabria, desde marcas prefilat\u00e9licas, plicas judiciales, billetes de diligencia, correo con y desde Europa y Am\u00e9rica, emisiones de Isabel II, correo oficial, marcas franquicia, fechador \u201cBaeza\u201d fechadores tipo I y II, etc.<br \/> Federaci\u00f3n Canaria<\/td>\n<td>80-VG<\/td>\n<\/tr>\n<tr valign=\"top\">\n<td>212-216<\/td>\n<td>Vila Comas, Joseph M\u00aa<br \/> Historia postal del Maresme (1850-1900)<br \/> Estudio de la correspondencia de la Comarca, tarifas, tipo de correspondencia, convenios y marcas postales utilizadas, periodos de utilizaci\u00f3n, colores y combinaciones.<br \/> Federaci\u00f3n Catalana<\/td>\n<td>78-V<\/td>\n<\/tr>\n<\/tbody>\n<\/table>\n<h4>C. Filatelia Tem\u00e1tica<\/h4>\n<table border=\"0\">\n<tbody>\n<tr valign=\"top\">\n<td>217-224<\/td>\n<td>Andrade Alves, Jos\u00e9<br \/> Caminhos de ferro<br \/> A magia dos comboios, desde o inicio da tracc\u00e1o a vapor at\u00e9 aos camboios de alta velocidade \u201cTGU\u201d.<br \/> Federaci\u00f3n Portuguesa<\/td>\n<td>71-PG<\/td>\n<\/tr>\n<tr valign=\"top\">\n<td>225-229<\/td>\n<td>Arbizu Moral, Jos\u00e9 \u00c1ngel<br \/> Luces del sur<br \/> La conquista de la Ant\u00e1rtida, su presente y su futuro.<br \/> Federaci\u00f3n Vasca<\/td>\n<td style=\"width: 140px;\">75-V<\/td>\n<\/tr>\n<tr valign=\"top\">\n<td>230-234<\/td>\n<td>Cercadillo Guill\u00e9n, Jes\u00fas Antonio<br \/> Una historia interminable<br \/> Historia de los Juegos Ol\u00edmpicos desde la antig\u00fcedad hasta nuestros d\u00edas, describiendo sus ceremonias, s\u00edmbolos, acontecimientos y emisiones filat\u00e9licas.<br \/> Federaci\u00f3n Catalana<\/td>\n<td>72-PG<\/td>\n<\/tr>\n<tr valign=\"top\">\n<td>235-242<\/td>\n<td>G\u00e1ndara Rodr\u00edguez, Jos\u00e9 \u00c1ngel<br \/> Col\u00f3n, rumbo a las Indias<br \/> El proyecto colombino: los motivos que llevaron a Col\u00f3n a creer en la empresa y sus consecuencias.<br \/> Federaci\u00f3n Gallega<\/td>\n<td>85-O<\/td>\n<\/tr>\n<tr valign=\"top\">\n<td>243-247<\/td>\n<td>Garc\u00eda Gonz\u00e1lez, Joaqu\u00edn<br \/> Pintura: de Altamira a Dal\u00ed<br \/> Breve historia de la pintura espa\u00f1ola a trav\u00e9s de sus obras m\u00e1s significativas.<br \/> Federaci\u00f3n Asturiana<\/td>\n<td>78-V<\/td>\n<\/tr>\n<tr valign=\"top\">\n<td>248-252<\/td>\n<td>Garrido Pablo, \u00c1ngel<br \/> La contrarreforma en Espa\u00f1a<br \/> La contrarreforma es el movimiento religioso, intelectual y pol\u00edtico que surgi\u00f3 para combatir los efectos de la reforma protestante.<br \/> Federaci\u00f3n Centro<\/td>\n<td>65-P<\/td>\n<\/tr>\n<tr valign=\"top\">\n<td>253-260<\/td>\n<td>Heredia Machado, Segundo<br \/> Seguridad vial<br \/> S\u00edntesis del \u201ctr\u00e1fico rodado\u201d, los elementos que lo integran y la problem\u00e1tica que ello supone en la actualidad<br \/> Federaci\u00f3n Andaluza<\/td>\n<td>86-O<\/td>\n<\/tr>\n<tr valign=\"top\">\n<td>261-268<\/td>\n<td>Herraiz Gracia, Jos\u00e9 Antonio<br \/> Monarqu\u00eda, forma de Estado.<br \/> Explicaci\u00f3n del concepto monarqu\u00eda a trav\u00e9s de sus tipos, su evoluci\u00f3n hist\u00f3rica y su simbolog\u00eda.<br \/> Federaci\u00f3n Aragonesa<\/td>\n<td>81-VG<\/td>\n<\/tr>\n<tr valign=\"top\">\n<td>269-273<\/td>\n<td>Imaz Ortiz, Mar\u00eda Bego\u00f1a<br \/> La reina cautiva<br \/> Homenaje a la apasionante vida de Juana I de Castilla, ferozmente manipulada y recluida durante el espl\u00e9ndido renacimiento.<br \/> Federaci\u00f3n Vasca<\/td>\n<td>77-V<\/td>\n<\/tr>\n<tr valign=\"top\">\n<td>274-281<\/td>\n<td>Mart\u00ednez de Salinas Trillo, Luis<br \/> Philips: multinacional centenaria<br \/> Estudio a trav\u00e9s de la filatelia de la trayectoria de una compa\u00f1\u00eda de m\u00e1s de cien a\u00f1os de antig\u00fcedad.<br \/> Federaci\u00f3n Centro<\/td>\n<td>81-VG<\/td>\n<\/tr>\n<tr valign=\"top\">\n<td>282-286<\/td>\n<td>Morraja Ecala, Jos\u00e9<br \/> La m\u00fasica<br \/> Evoluci\u00f3n de los instrumentos musicales y los estilos musicales a trav\u00e9s de los tiempos.<br \/> Federaci\u00f3n Catalana<\/td>\n<td>60-BP<\/td>\n<\/tr>\n<tr valign=\"top\">\n<td>287-291<\/td>\n<td>Ord\u00f3\u00f1ez Sanz, Ruth<br \/> Del deporte al exterminio<br \/> La caza, su evoluci\u00f3n, as\u00ed como las cusas de la posible extinci\u00f3n de algunas especies animales.<br \/> Federaci\u00f3n Centro<\/td>\n<td>\n<p>86-O y P.E.8 Antonio Castellano<\/p>\n<\/td>\n<\/tr>\n<tr valign=\"top\">\n<td>292-299<\/td>\n<td>Pan de Alfaro, Estanislao<br \/> La aventura del escultismo<br \/> Historia desde sus comienzos a la actualidad, con piezas filat\u00e9licas circuladas por los diferentes correos.<br \/> Federaci\u00f3n Centro<\/td>\n<td>77-V<\/td>\n<\/tr>\n<tr valign=\"top\">\n<td>300-307<\/td>\n<td>P\u00e9rez y Rodr\u00edguez, Jes\u00fas<br \/> Col\u00f3n, la gran aventura del descubrimiento<br \/> Col\u00f3n y la gran aventura del descubrimiento, s\u00edntesis del mismo.<br \/> Federaci\u00f3n Castilla y Le\u00f3n<\/td>\n<td>75-V<\/td>\n<\/tr>\n<tr valign=\"top\">\n<td>308-312<\/td>\n<td>Rienda Mu\u00f1oz, Juan Jos\u00e9<br \/> Los \u00e1ngeles<br \/> Desde la prehistoria hasta nuestra religi\u00f3n cat\u00f3lica, los \u00e1ngeles nos acompa\u00f1an.<br \/> Federaci\u00f3n Andaluza<\/td>\n<td>60-BP<\/td>\n<\/tr>\n<tr valign=\"top\">\n<td>313-317<\/td>\n<td>Roll\u00e1n Infiesta, Luis Ignacio<br \/> El caballo, su convivencia con el hombre<br \/> El hombre lo utiliza en todos los quehaceres de su vida: transporte, viajes, trabajo&#8230; y fue fundamental en el comercio y la industria.<br \/> Federaci\u00f3n Asturiana<\/td>\n<td>78-V<\/td>\n<\/tr>\n<tr valign=\"top\">\n<td>318-322<\/td>\n<td>Rumoroso Rodr\u00edguez, Jos\u00e9 Ram\u00f3n<br \/> La navegaci\u00f3n desde el siglo XVIII<br \/> La navegaci\u00f3n experiment\u00f3 una gran transformaci\u00f3n desde el siglo XVIII. Los avances tecnol\u00f3gicos se suced\u00edan y la construcci\u00f3n naval experimentaba grandes novedades. Con la llegada hizo que la navegaci\u00f3n no tuviese limitaciones por falta de viento, conquistando de esta forma los oc\u00e9anos.<br \/> Federaci\u00f3n Asturiana<\/td>\n<td>78-V<\/td>\n<\/tr>\n<\/tbody>\n<\/table>\n<h4>D. Aerofilatelia y Astrofilatelia<\/h4>\n<table border=\"0\">\n<tbody>\n<tr valign=\"top\">\n<td>323-327<\/td>\n<td>Dekker, Jacob Pieter<br \/> Primeros vuelos de Holanda desde 1928 a 1955<br \/> Comprende el desarrollo de las correspondencia por el correo a\u00e9reo. Selecci\u00f3n de los primeros vuelos desde el aeropuerto de Schiphol Amsterdam en todas las rutas del correo a\u00e9reo que opera en el mundo.<br \/> Federaci\u00f3n Catalana<\/td>\n<td style=\"width: 140px;\">72-PG<\/td>\n<\/tr>\n<tr valign=\"top\">\n<td>328-332<\/td>\n<td>Dom\u00ednguez Fern\u00e1ndez, Fausto Luis<br \/> El zeppel\u00edn 1912-1939, correspondencia y transporte de pasajeros<br \/> Recorrido por lo principales vuelos realizados por los dirigibles alemanes entre los a\u00f1os 1912 y 1939<br \/> Federaci\u00f3n Andaluza<\/td>\n<td>73-PG<\/td>\n<\/tr>\n<tr valign=\"top\">\n<td>333-337<\/td>\n<td>Esteban de la Osada, Jos\u00e9 Miguel<br \/> Acontecimientos en el Cosmos<br \/> El estudio permanente de los cielos a lo largo de la historia de la humanidad, ha permitido que hoy seamos capaces de pasearnos por el espacio, investigar en condiciones de ingravidez o enviar sondas a otros planetas.<br \/> Federaci\u00f3n Valenciana<\/td>\n<td>70-PG<\/td>\n<\/tr>\n<tr valign=\"top\">\n<td>338-342<\/td>\n<td>Estelrich Maim\u00f3, Juan<br \/> El correo a\u00e9reo en Baleares 1936-39<br \/> Trata todas las rutas de correo a\u00e9reo que operaba en Baleares durante la guerra civil.<br \/> Federaci\u00f3n Balear<\/td>\n<td>77-V<\/td>\n<\/tr>\n<tr valign=\"top\">\n<td>343-347<\/td>\n<td>Garc\u00eda Olivas, Jos\u00e9 Luis<br \/> Aerofilatelia relacionada con Espa\u00f1a hasta 1950<br \/> Estudio de la historia postal del correo a\u00e9reo espa\u00f1ol incluyendo primeros vuelos, marcas y fechadores postales, tr\u00e1nsitos, compa\u00f1\u00edas y tarifas.<br \/> Federaci\u00f3n Centro<\/td>\n<td>78-V<\/td>\n<\/tr>\n<tr valign=\"top\">\n<td>348-352<\/td>\n<td>G\u00f3mez Ag\u00fcero, Jos\u00e9 Pedro<br \/> Correo a\u00e9reo sobre territorio espa\u00f1ol (1919-1939)<br \/> Rutas aeropostales, primeros vuelos, enlaces a\u00e9reos y correo accidentado sobre territorio espa\u00f1ol.<br \/> Federaci\u00f3n Centro<\/td>\n<td>80-VG<\/td>\n<\/tr>\n<tr valign=\"top\">\n<td>353-357<\/td>\n<td>G\u00f3mez Guillam\u00f3n Maraver, F\u00e9lix<br \/> Air France y la guerra de Espa\u00f1a 1936-1939<br \/> Colecci\u00f3n estudio de los servicios a\u00e9reos prestados por Air France en la zona republicana durante la guerra civil espa\u00f1ola 1936-1939.<br \/> Federaci\u00f3n Andaluza<\/td>\n<td>73-PG<\/td>\n<\/tr>\n<tr valign=\"top\">\n<td>358-362<\/td>\n<td>Gonz\u00e1lez Gestoso, Marcos<br \/> Correo a\u00e9reo de Portugal y colonias<br \/> Colecci\u00f3n especializada del correo a\u00e9reo de Portugal y colonias (utilizando solo sellos de correo a\u00e9reo)<br \/> Federaci\u00f3n Gallega<\/td>\n<td>63-BP<\/td>\n<\/tr>\n<tr valign=\"top\">\n<td>363-370<\/td>\n<td>Pastor Perdiguero, Vicente<br \/> Vuelos catapultados<br \/> Vuelos catapultados desde Europa a norte de Am\u00e9rica y Am\u00e9rica del Sur, ida y vuelta.<br \/> Federaci\u00f3n Catalana<\/td>\n<td>81-VG<\/td>\n<\/tr>\n<tr valign=\"top\">\n<td>371-375<\/td>\n<td>Rigo Aguil\u00f3, Antoni<br \/> Marte, el desaf\u00edo rojo<br \/> Recorrido cronol\u00f3gico de la exploraci\u00f3n espacial del planeta Marte.<br \/> Federaci\u00f3n Balear<\/td>\n<td>77-V<\/td>\n<\/tr>\n<\/tbody>\n<\/table>\n<h4>E. Enteros Postales<\/h4>\n<table border=\"0\">\n<tbody>\n<tr valign=\"top\">\n<td>376-380<\/td>\n<td>Brosa Quintana, Augusto<br \/> Gran Breta\u00f1a, tarjetas enteros postales Victorianas<br \/> Un estudio sobre las mismas y su circulaci\u00f3n postal a distintos destinos.<br \/> Federaci\u00f3n Canaria<\/td>\n<td>76-V<\/td>\n<\/tr>\n<tr valign=\"top\">\n<td>381-388<\/td>\n<td>Mart\u00edn de Bustamante, Enrique<br \/> Enteros postales de Per\u00fa<br \/> Colecci\u00f3n de los primeros enteros postales del pa\u00eds con varios cortes \u00fanicos con franqueos de la guerra del Pac\u00edfico.<br \/> Federaci\u00f3n Andaluza<\/td>\n<td>87-O y P.E-11<\/td>\n<\/tr>\n<tr valign=\"top\">\n<td>389-396<\/td>\n<td>Mart\u00ednez Hern\u00e1ndez, Manuel<br \/> Enteros postales reinado Alfonso XIII<br \/> Tarjetas y sobres oficiales y de iniciativa privada correspondientes a esta \u00e9poca.<br \/> Federaci\u00f3n Castilla y Le\u00f3n<\/td>\n<td style=\"width: 140px;\">88-O y P.E-7<\/td>\n<\/tr>\n<tr valign=\"top\">\n<td>397-401<\/td>\n<td>Soeiro, Joao Manuel Lopes<br \/> Inteiros Postais de Boas Festas de Portugal<br \/> Inteiros postais de boas festas de Portugal con particular destaque para as primeiros emisso\u00e9s.<br \/> Federaci\u00f3n Portuguesa<\/td>\n<td>73-PG<\/td>\n<\/tr>\n<\/tbody>\n<\/table>\n<h4>F. Maximofilia<\/h4>\n<table border=\"0\">\n<tbody>\n<tr valign=\"top\">\n<td>402-409<\/td>\n<td>Cruz, David Rodr\u00edguez<br \/> Les militaires dans la paix et dans la guerre<br \/> Les militaires on \u00e9t\u00e9 \u00e0 traversles Si\u00e8cle la garantie de la defense de la souverainit\u00e9 et l\u00b4independance de laurs Netions et de leurs peuples.<br \/> Federaci\u00f3n Portuguesa<\/td>\n<td>88-O y P.E-14<\/td>\n<\/tr>\n<tr valign=\"top\">\n<td>410-414<\/td>\n<td>Espinosa Mart\u00ednez, Eugenio<br \/> Vida, religi\u00f3n y cultura<br \/> Hombres y mujeres que han destacado a lo largo de los tiempos en todos los g\u00e9neros del saber, las artes y las ciencias.<br \/> Federaci\u00f3n Andaluza<\/td>\n<td>77-V<\/td>\n<\/tr>\n<tr valign=\"top\">\n<td>415-419<\/td>\n<td>Laynez Ram\u00edrez, Juan<br \/> El nombre de la rosa<br \/> El mundo de las rosas<br \/> Federaci\u00f3n Andaluza<\/td>\n<td style=\"width: 140px;\">77-V<\/td>\n<\/tr>\n<tr valign=\"top\">\n<td>420-424<\/td>\n<td>Palma Az\u00faa, Jos\u00e9<br \/> El arte arquitect\u00f3nico en Europa busca la divinidad<br \/> Colecci\u00f3n dedicada a los edificios religiosos en europa, con descripci\u00f3n de sus estilos arquitect\u00f3nicos.<br \/> Federaci\u00f3n Andaluza<\/td>\n<td>82-VG<\/td>\n<\/tr>\n<tr valign=\"top\">\n<td>425-429<\/td>\n<td>Ribeiro Marques, Jos\u00e9 Manuel<br \/> As for\u00e7as Armadas no contexto da guerra e la paz<br \/> Homenaje a todos los que con su esfuerzo hacen posible este mundo mejor.<br \/> Federaci\u00f3n Portuguesa<\/td>\n<td>81-VG<\/td>\n<\/tr>\n<\/tbody>\n<\/table>\n<h4>G. Filatelia Fiscal<\/h4>\n<table border=\"0\">\n<tbody>\n<tr valign=\"top\">\n<td>430-434<\/td>\n<td>Andreu i Bartol\u00ed, Xavier<br \/> Escrivans i notaris<br \/> Sellos y obleas de los colegios de escribanos y notarios para legitimaci\u00f3n y legislaci\u00f3n de documentos.<br \/> Federaci\u00f3n Catalana<\/td>\n<td style=\"width: 140px;\">77-V<\/td>\n<\/tr>\n<tr valign=\"top\">\n<td>435-442<\/td>\n<td>Ruiz Vegas, \u00c1ngela<br \/> Sellos fiscales de Cuba y Antillas<br \/> Estudio de los sellos fiscales de Antillas y luego de Cuba espa\u00f1ola.<br \/> Federaci\u00f3n Andaluza<\/td>\n<td>85-O<\/td>\n<\/tr>\n<\/tbody>\n<\/table>\n<h4>H. Literatura filat\u00e9lica<\/h4>\n<h4>H.1. Libros, manuales y estudios<\/h4>\n<table border=\"0\">\n<tbody>\n<tr valign=\"top\">\n<td>H1-1<\/td>\n<td>Corts Barcel\u00f3, Jos\u00e9 Mar\u00eda<br \/> Historia postal de la guerra civil. El Masnou 1936-1939<br \/> Estudio de las marcas postales y de censura militar en El Masnou durante la guerra civil de 1936-1939.<br \/> Federaci\u00f3n Catalana<\/td>\n<td>65-P<\/td>\n<\/tr>\n<tr valign=\"top\">\n<td>H1-2<\/td>\n<td>Fundaci\u00f3n Albertino de Figueiredo<br \/> An\u00e1lisis de la eficiencia de las subastas<br \/> Aplicaci\u00f3n al sector filat\u00e9lico y numism\u00e1tico. Autora: Asunci\u00f3n Moch\u00f3n.<br \/> Federaci\u00f3n Centro<\/td>\n<td style=\"width: 140px;\">67-P<\/td>\n<\/tr>\n<tr valign=\"top\">\n<td>H1-3<\/td>\n<td>G\u00f3mez-Guillam\u00f3n Maraver, F\u00e9lix<br \/> El correo a\u00e9reo en la guerra civil espa\u00f1ola, zona nacional 1936-1939 Estudio sobre el servicio a\u00e9reo en la zona nacional.<br \/> Federaci\u00f3n Andaluza<\/td>\n<td>81-VG<\/td>\n<\/tr>\n<tr valign=\"top\">\n<td>H1-4<\/td>\n<td>Grandela Dur\u00e1n, Jos\u00e9 Manuel<br \/> Seminario de Astrofilatelia<br \/> Seminario ilustrado sobre las directrices para la evaluaci\u00f3n de las participaciones de astrofilatelia. Cuadernos de Filatelia n\u00famero 18. FESOFI.<br \/> Federaci\u00f3n Centro<\/td>\n<td>78-V<\/td>\n<\/tr>\n<tr valign=\"top\">\n<td>H1-5<\/td>\n<td>Sociedad Filat\u00e9lica de La Coru\u00f1a<br \/> Revista Porteo 2005<br \/> Revista Porteo de las Exposiciones filat\u00e9licas realizadas en el a\u00f1o 2005 por la Sociedad Filat\u00e9lica de La Coru\u00f1a.<br \/> Federaci\u00f3n Gallega<\/td>\n<td>66-P<\/td>\n<\/tr>\n<tr valign=\"top\">\n<td>H1-6<\/td>\n<td>Vaz Pereira, Pedro<br \/> Os correios portugueses entre 1853-1900, carimbos nominativos da dos postais e etimol\u00f3gicos<br \/> Estudo dos correios portugueses, suas marcas, etimolog\u00eca, telegrafia, caminhos de ferro e popula\u00e7oes.<br \/> Federaci\u00f3n Portuguesa<\/td>\n<td>91-OG P.E.-6<\/td>\n<\/tr>\n<tr valign=\"top\">\n<td>H1-7<\/td>\n<td>Sanz Irigoyen, Jos\u00e9 Javier<br \/> Efem\u00e9rides 2002\/2003<br \/> Trata de dar a conocer a trav\u00e9s del sello, una o varias formas de conocer temas para ir iniciando por uno mismo su propia colecci\u00f3n tem\u00e1tica.<br \/> Federaci\u00f3n Navarra<\/td>\n<td>65-P<\/td>\n<\/tr>\n<\/tbody>\n<\/table>\n<h4>H.2 Cat\u00e1logos<\/h4>\n<table border=\"0\">\n<tbody>\n<tr valign=\"top\">\n<td>H2-1<\/td>\n<td>Barreiro Garc\u00eda, Jos\u00e9 Manuel<br \/> Los monasterios y santuarios de Espa\u00f1a en la filatelia.<br \/> Sellos, matasellos, prefilatelia, monumentos, pruebas, etc. De monasterios y santuarios de Espa\u00f1a expuestas en forma de cat\u00e1logo.<br \/> Federaci\u00f3n Gallega<\/td>\n<td style=\"width: 140px;\">67-P<\/td>\n<\/tr>\n<tr valign=\"top\">\n<td>H2-2<\/td>\n<td>EDIFIL S.A.<br \/> Cat\u00e1logo de sellos de Espa\u00f1a y dependencias postales<br \/> Presenta todos los efectos postales por apartdos de Espa\u00f1a y sus dependencias postales a todo color y numeraci\u00f3n por orden de su puesta en circulaci\u00f3n.<br \/> Federaci\u00f3n Centro<\/td>\n<td>77-V<\/td>\n<\/tr>\n<tr valign=\"top\">\n<td>H2-3<\/td>\n<td>FILABO S.A.<br \/> Cat\u00e1logo especializado enciclop\u00e9dico de sellos de Espa\u00f1a, Andorra Espa\u00f1ola y Francesa, Guinea Ecuatorial y tema Europa 2006.<br \/> Adem\u00e1s de Asturias y Le\u00f3n, Ayunt. de Barcelona, AFO, Aerogramas, Barcelona postal express, Beneficencia, Canarias, Enteros Postales, ensayos de color y plancha, estampillas autoadhesivas , franquicias postales, militares, plan sur de Valencia, p\u00f3lizas, pruebas de composici\u00f3n y dise\u00f1o, sellos fiscales, sobres enteros postales y tarjetas del correo.<br \/> Federaci\u00f3n Catalana<\/td>\n<td>84-GV<\/td>\n<\/tr>\n<tr valign=\"top\">\n<td>H2-4<\/td>\n<td>Su\u00e1rez Alonso, Carlos<br \/> Cat\u00e1logo especializado de sellos de valor variable de CECE<br \/> Cat\u00e1logo de sellos de valor variable, publicado por MANFIL S.A. en 2005.<br \/> Federaci\u00f3n Asturiana<\/td>\n<td>73-PG<\/td>\n<\/tr>\n<\/tbody>\n<\/table>\n<h4>H3. Publicaciones peri\u00f3dicas y art\u00edculos period\u00edsticos<\/h4>\n<table border=\"0\">\n<tbody>\n<tr valign=\"top\">\n<td>H3-1<\/td>\n<td>Asociaci\u00f3n Filat\u00e9lica Zaragozana \u201cGregorio Sierra\u201d<br \/> Bolet\u00edn Informativo<br \/> Bolet\u00edn social con art\u00edculos en especial dedicados a la filatelia aragonesa<br \/> Federaci\u00f3n Aragonesa<\/td>\n<td style=\"width: 140px;\">62-BP<\/td>\n<\/tr>\n<tr valign=\"top\">\n<td>H3-2<\/td>\n<td>Campderr\u00f3s Recasens, Jordi<br \/> Art\u00edculos prensa filat\u00e9lica 2001-2005<br \/> Art\u00edculos en publicaciones especializadas sobre estudios de historia postal y filatelia en general.<br \/> Federaci\u00f3n Catalana<\/td>\n<td>63-BP<\/td>\n<\/tr>\n<tr valign=\"top\">\n<td>H3-3<\/td>\n<td>Cativiela Lacasa, Eduardo<br \/> Art\u00edculos de divulgaci\u00f3n filat\u00e9lica<br \/> Recopilaci\u00f3n de art\u00edculos de divulgaci\u00f3n filat\u00e9lica publicados en los \u00faltimos a\u00f1os en diversos medios<br \/> Federaci\u00f3n Aragonesa<\/td>\n<td>65-P<\/td>\n<\/tr>\n<tr valign=\"top\">\n<td>H3-4<\/td>\n<td>Club Espa\u00f1ol de Coleccionistas de Estampillas CECE<br \/> El Atemero<br \/> Bolet\u00edn social de divulgaci\u00f3n y estudio de los sellos de valor variable.<br \/> Federaci\u00f3n Asturiana<\/td>\n<td>63-BP<\/td>\n<\/tr>\n<tr valign=\"top\">\n<td>H3-5<\/td>\n<td>Club Filat\u00e9lico de Scouts y Gu\u00edas<br \/> El Explorador Filat\u00e9lico, a\u00f1os 2004 y 2005<br \/> Revista trimestral, iniciada en 1986, sobre filatelia tem\u00e1tica scout-gu\u00eda. Publicaci\u00f3n gratuit para los socios del Club. Secciones: Editorial, vida del Club, sin fronteras, dossier, tem\u00e1tica, novedades, la trastera postal scout, la pieza del trimestre, scout-nautas, etc.<br \/> Federaci\u00f3n Centro<\/td>\n<td>63-BP<\/td>\n<\/tr>\n<tr valign=\"top\">\n<td>H3-6<\/td>\n<td>Galar\u00f3n Calvo, Andr\u00e9s<br \/> Art\u00edculos filat\u00e9licos semanales en el Diario de Burgos 2005\/2006<br \/> Trabajos publicados en el suplemento de cultura del Diario de Burgos divulgativos de la afici\u00f3n coleccionista.<br \/> Federaci\u00f3n Castilla y Le\u00f3n<\/td>\n<td>70-PG<\/td>\n<\/tr>\n<tr valign=\"top\">\n<td>H3-7<\/td>\n<td>EDIFIL S.A.<br \/> Revista RF -mayo 2005 a abril 2006-<br \/> Revista mensual dedicada al mundo de la filatelia.<br \/> Federaci\u00f3n Centro<\/td>\n<td>78-V<\/td>\n<\/tr>\n<tr valign=\"top\">\n<td>H3-8<\/td>\n<td>Grup Filatelic i del Coleccionisme de Palma<br \/> Col-lecciomania<br \/> Revista trimestral sobre filatelia y coleccionismo, con noticias y art\u00edculos de investigaci\u00f3n de especialistas y coleccionistas.<br \/> Federaci\u00f3n Balear<\/td>\n<td>65-P<\/td>\n<\/tr>\n<tr valign=\"top\">\n<td>H3-9<\/td>\n<td>Grupo Filat\u00e9lico Avilesino<br \/> El Adelantado Filat\u00e9lico<br \/> Bolet\u00edn informativo del Grupo Filat\u00e9lico Avilesino.<br \/> Federaci\u00f3n Asturiana<\/td>\n<td>71-PG<\/td>\n<\/tr>\n<tr valign=\"top\">\n<td>H3-10<\/td>\n<td>Grupo Filat\u00e9lico y Numism\u00e1tico Salmantino<br \/> Bolet\u00edn Informativo<br \/> Publicaci\u00f3n peri\u00f3dica bimensual del Grupo Filat\u00e9lico y Numism\u00e1tico Salmantino, dedicado fundamentalmente a la filatelia con noticias y art\u00edculos a todo color.<br \/> Federaci\u00f3n Castilla y Le\u00f3n<\/td>\n<td>66-P<\/td>\n<\/tr>\n<tr valign=\"top\">\n<td>H3-11<\/td>\n<td>Publiafinsa<br \/> Cr\u00f3nica Filat\u00e9lica<br \/> La revista filat\u00e9lica de mayor tirada y difusi\u00f3n en idioma espa\u00f1ol.<br \/> Federaci\u00f3n Centro<\/td>\n<td>81-VG<\/td>\n<\/tr>\n<tr valign=\"top\">\n<td>H3-12<\/td>\n<td>Secci\u00f3n de Coleccionismo Alcalde Zoilo Ruiz Mateos. Rota<br \/> Boletines Expofil<br \/> Boletines de tirada anual publicados con motivo de las diferentes Exposiciones Filat\u00e9licas.<br \/> Federaci\u00f3n Andaluza<\/td>\n<td>66-P<\/td>\n<\/tr>\n<tr valign=\"top\">\n<td>H3-13<\/td>\n<td>Societat Filat\u00e9lica Gironina. Girona<br \/> Girona Filat\u00e9lica<br \/> Bolet\u00edn intersocial del a\u00f1o 2005<br \/> Federaci\u00f3n Catalana<\/td>\n<td>65-P<\/td>\n<\/tr>\n<tr valign=\"top\">\n<td>H3-14<\/td>\n<td>Sociedad Filat\u00e9lica Gaditana. C\u00e1diz<br \/> Gades Filat\u00e9lico<br \/> Revista trimestral editada por la Sociedad para sus socios y env\u00edo a nivel nacional. A\u00f1os 2004-2005.<br \/> Federaci\u00f3n Andaluza<\/td>\n<td>70-PG<\/td>\n<\/tr>\n<tr valign=\"top\">\n<td>H3-15<\/td>\n<td>Asociaci\u00f3n Espa\u00f1ola de Maximofilia ASEMA<br \/> Apuntes de Maximofilia<br \/> Revista semestral editada por la Sociedad para sus socios y env\u00edo a nivel internacional. A\u00f1os 2004-2005.<br \/> Federaci\u00f3n Andaluza<\/td>\n<td>71-PG<\/td>\n<\/tr>\n<\/tbody>\n<\/table>\n<h4>H4. Sistemas audiovisuales y programas de filatelia informatizada<\/h4>\n<table border=\"0\">\n<tbody>\n<tr valign=\"top\">\n<td>H4-1<\/td>\n<td>Asociaci\u00f3n Filat\u00e9lica Zaragozana \u201cGregorio Sierra\u201d<br \/> www.asfiza.es<br \/> Web dedicada a la difusi\u00f3n de la filatelia en especial a la aragonesa, con enlaces de inter\u00e9s.<br \/> Federaci\u00f3n Aragonesa<\/td>\n<td>60-BP<\/td>\n<\/tr>\n<tr valign=\"top\">\n<td>H4-2<\/td>\n<td>Carmelo de Matos, Hern\u00e1ni Ant\u00f3nio<br \/> www.inteirospostais.com<br \/> Web site de Hernani matos, jurado nacional e delegado FIP de inteiros postais da Federa\u00e7ao Portuguesa de Filatelia.<br \/> Federaci\u00f3n Portuguesa<\/td>\n<td>81-VG<\/td>\n<\/tr>\n<tr valign=\"top\">\n<td>H4-3<\/td>\n<td>Club Espa\u00f1ol de Coleccionistas de Estampillas CECE<br \/> www.clubcece.es<br \/> Web del Club CECE dedicada al estudio y divulgaci\u00f3n de los sellos de valor variable.<br \/> Federaci\u00f3n Asturiana<\/td>\n<td style=\"width: 140px;\">70-PG<\/td>\n<\/tr>\n<tr valign=\"top\">\n<td>H4-4<\/td>\n<td>Galar\u00f3n Calvo, Andr\u00e9s<br \/> www.galeon.com\/filatelias<br \/> Espacio abierto a la comunicaci\u00f3n de actuaciones filat\u00e9licas, exposiciones, emisiones, curiosidades, etc.<br \/> Federaci\u00f3n Castilla y Le\u00f3n<\/td>\n<td>64-BP<\/td>\n<\/tr>\n<tr valign=\"top\">\n<td>H4-5<\/td>\n<td>Garc\u00eda Ba\u00f1\u00f3n, Ana y L\u00f3pez C\u00e1lciz, Manuel<br \/> Nuestros sellos y cartas<br \/> Viaje desde los primeros correos. Las cartas, los porteos, los sellos y m\u00e1s.<br \/> Federaci\u00f3n Andaluza<\/td>\n<td>\u00a0<\/td>\n<\/tr>\n<tr valign=\"top\">\n<td>H4-6<\/td>\n<td>Grupo Filat\u00e9lico Avilesino<br \/> www.grufia.com<br \/> Web del Grupo Filat\u00e9lico Avilesino, con informaci\u00f3n sobre actividades, matasellos, publicaciones e intercambios.<br \/> Federaci\u00f3n Asturiana<\/td>\n<td>70-PG<\/td>\n<\/tr>\n<tr valign=\"top\">\n<td>H4-7<\/td>\n<td>Grupo Filat\u00e9lico y Numism\u00e1tico Salmantino<br \/> www.grufinusal.com<br \/> P\u00e1gina web dedicada principalmente a la filatelia, con m\u00faltiples secciones y servicios \u201con line\u201d donde se reflejan las actividades del G.F.N.S.<br \/> Federaci\u00f3n Castilla y Le\u00f3n<\/td>\n<td>68-P<\/td>\n<\/tr>\n<tr valign=\"top\">\n<td>H4-8<\/td>\n<td>Filaposta<br \/> www.filaposta.com<br \/> Web de la comunidad de Filaposta, con foro, chat, enlaces, art\u00edculos, biblioteca, mercadillo y exposici\u00f3n virtual.<br \/> Federaci\u00f3n Catalana<\/td>\n<td>78-V<\/td>\n<\/tr>\n<tr valign=\"top\">\n<td>H4-9<\/td>\n<td>Asociaci\u00f3n Espa\u00f1ola de Maximofilia ASEMA<br \/> www.asemaximofilia.com<br \/> P\u00e1gina de la Asociaci\u00f3n para sus socios y amantes de la maximofilia, con enlaces interesantes sobre el tema, actos sociales, programa de actividades y realizaciones propias de m\u00e1ximas.<br \/> Federaci\u00f3n Andaluza<\/td>\n<td>71-PG<\/td>\n<\/tr>\n<\/tbody>\n<\/table>\n<h4>I. Experimental<\/h4>\n<h4>I.1. Clase abierta<\/h4>\n<table border=\"0\">\n<tbody>\n<tr valign=\"top\">\n<td>443-445<\/td>\n<td>Alonso Vicario, Domingo<br \/> Tauromaquia: el toro y la fiesta nacional<br \/> Repasamos los or\u00edgenes del toro y su relaci\u00f3n con el hombre, desde que cazaba toros hasta la llamada fiesta nacional.<br \/> Federaci\u00f3n Extreme\u00f1a<\/td>\n<td>65-P<\/td>\n<\/tr>\n<tr valign=\"top\">\n<td>446-448<\/td>\n<td>Arag\u00f3n Pan\u00e9s, Jos\u00e9 Luis<br \/> Verdi y su tiempo<br \/> La vida y obra de G. Verdi y el tiempo hist\u00f3rico en el que vivi\u00f3 el compositor.<br \/> Federaci\u00f3n Andaluza<\/td>\n<td>78-V<\/td>\n<\/tr>\n<tr valign=\"top\">\n<td>449-451<\/td>\n<td>C\u00e1rdenas Torres, Miguel<br \/> Y Dios cre\u00f3 a los animales<br \/> Semblanza de la vida del hombre junto a los animales (dom\u00e9sticos y salvajes)<br \/> Federaci\u00f3n Andaluza<\/td>\n<td>71-PG<\/td>\n<\/tr>\n<tr valign=\"top\">\n<td>452-454<\/td>\n<td>Frontado Moreno, Manuel<br \/> Los toros: la gran fiesta<br \/> La fiesta de Espa\u00f1a es la gran fiesta de los toros, un recorrido por el mundo de los toros.<br \/> Federaci\u00f3n Andaluza<\/td>\n<td style=\"width: 140px;\">73-PG<\/td>\n<\/tr>\n<tr valign=\"top\">\n<td>455-457<\/td>\n<td>Ivars Ivars, Jos\u00e9<br \/> La navidad, mitos y ritos<br \/> Colecci\u00f3n que describe aspectos de la navidad, tanto religiosos, culturales, gastron\u00f3micos, etc.<br \/> Federaci\u00f3n Valenciana<\/td>\n<td>77-V<\/td>\n<\/tr>\n<tr valign=\"top\">\n<td>458-462<\/td>\n<td>Jim\u00e9nez Maqueda, Antoni<br \/> Fuerzas y Cuerpos de Seguridad<br \/> Tem\u00e1tica policial, especificando varios servicios y actuaciones de las Fuerzas y Cuerpos de Seguridad, compuesta de piezas y documentos filat\u00e9licos y monogr\u00e1ficos, acorde con el tema aludido.<br \/> Federaci\u00f3n Catalana<\/td>\n<td>82-VG<\/td>\n<\/tr>\n<tr valign=\"top\">\n<td>463-467<\/td>\n<td>Moreno P\u00e9rez, Antonio<br \/> Mitolog\u00eda cl\u00e1sica<br \/> Exposici\u00f3n de dioses y semidioses.<br \/> Federaci\u00f3n Catalana<\/td>\n<td>75-V<\/td>\n<\/tr>\n<tr valign=\"top\">\n<td>468-471<\/td>\n<td>Pastor San Miguel, Pedro<br \/> Entre lo divino y lo humano. La paloma y sus alegor\u00edas<br \/> Historia de la paloma en la zoolog\u00eda y sus alegor\u00edas.<br \/> Federaci\u00f3n Castilla y Le\u00f3n<\/td>\n<td>70-PG<\/td>\n<\/tr>\n<tr valign=\"top\">\n<td>472-474<\/td>\n<td>Plantalech Colones, Salvador<br \/> Historia postal de la Divisi\u00f3n Azul (1941-1944)<br \/> Recorrido hist\u00f3rico de lo que fue la Divisi\u00f3n Azul a trav\u00e9s de su correspondencia, marcas postales y algunos objetos originales.<br \/> Federaci\u00f3n Catalana<\/td>\n<td>60-BP<\/td>\n<\/tr>\n<tr valign=\"top\">\n<td>475-477<\/td>\n<td>Romera Donat, Francisco<br \/> Cervantes y su obra<br \/> La vida de Cervantes y su reflejo en la filatelia.<br \/> Federaci\u00f3n Centro<\/td>\n<td>60-BP<\/td>\n<\/tr>\n<tr valign=\"top\">\n<td>478-482<\/td>\n<td>Rosa Roca, Joaqu\u00edn<br \/> A Santiago desde Francia<br \/> Las cuatro rutas jacobeas de Francia convergen en Espa\u00f1a hacia Santiago por el llamado Camino franc\u00e9s. Historia, monumentos, etc.<br \/> Federaci\u00f3n Catalana<\/td>\n<td>63-BP<\/td>\n<\/tr>\n<tr valign=\"top\">\n<td>483-487<\/td>\n<td>S\u00e1nchez Fuentes, Francisco<br \/> Cabalgando fantas\u00edas<br \/> Es una breve explicaci\u00f3n ilustrada sobre la vida de Cervantes y su obra, Don Quijote de la Mancha.<br \/> Federaci\u00f3n Catalana<\/td>\n<td>85-O<\/td>\n<\/tr>\n<\/tbody>\n<\/table>\n<h4>I.2. Clase Un Cuadro<\/h4>\n<table border=\"0\">\n<tbody>\n<tr valign=\"top\">\n<td>488<\/td>\n<td>Andreu i Bartol\u00ed, Xavier<br \/> Ex\u00e8rcits francesos a les comarques gironines<br \/> Marca de las invasiones y ocupaciones francesas en las comarcas gerundenses.<br \/> Federaci\u00f3n Catalana<\/td>\n<td>75-V<\/td>\n<\/tr>\n<tr valign=\"top\">\n<td>489<\/td>\n<td>Baixauli Comes, Vicente<br \/> Desembarco franco-espa\u00f1ol en Casablanca<br \/> Hecho hist\u00f3rico poco conocido que gracias a la filatelia y el estudio de las piezas postales, permite desarrollar la investigaci\u00f3n hasta la creaci\u00f3n del Protectorado.<br \/> Federaci\u00f3n Valenciana<\/td>\n<td>66-P<\/td>\n<\/tr>\n<tr valign=\"top\">\n<td>490<\/td>\n<td>Benet Montagut, Antonio<br \/> Estudio de la serie \u201cLa Cierva\u201d emisi\u00f3n Fournier de Burgos 1939<br \/> Estudio de las caracter\u00edsticas de las piedras. Piedra I y Piedra II cotas de color y caracter\u00edsticas de los sellos.<br \/> Federaci\u00f3n Valenciana<\/td>\n<td>71-P<\/td>\n<\/tr>\n<tr valign=\"top\">\n<td>491<\/td>\n<td>Benet Montagut, Antonio<br \/> Estudio de la serie \u201cLa Cierva\u201d emisi\u00f3n Fournier de Burgos 1939<br \/> Estudio de la serie \u201cLa Cierva\u201d todo en usado, matasellos conmemorativos, especiales, mudos y marcas a\u00e9reas.<br \/> Federaci\u00f3n Valenciana<\/td>\n<td style=\"width: 140px;\">70-P<\/td>\n<\/tr>\n<tr valign=\"top\">\n<td>492<\/td>\n<td>Flores Rodr\u00edguez, Isidoro<br \/> El papel sellado durante el reinado de Felipe V<br \/> Muestra el papel sellado utilizado durante el reinado de Felipe V en distintos a\u00f1os y acontecimientos administrativos.<br \/> Federaci\u00f3n Extreme\u00f1a<\/td>\n<td>65-P<\/td>\n<\/tr>\n<tr valign=\"top\">\n<td>493<\/td>\n<td>Garc\u00eda Olivas, Jos\u00e9 Luis<br \/> Correo Graf Zeppel\u00edn relacionado con Espa\u00f1a<br \/> Estudio de la historia postal del correo zeppel\u00edn relacionado con Espa\u00f1a incluyendo marcas, fechadores, tr\u00e1nsitos y tarifas.<br \/> Federaci\u00f3n Centro<\/td>\n<td>70-P<\/td>\n<\/tr>\n<tr valign=\"top\">\n<td>494<\/td>\n<td>Girela Riazzo, Enrique<br \/> La sanidad militar en el ej\u00e9rcito austro-h\u00fangaro, primera guerra mundial 1914-1918<br \/> Muestra de cartas circuladas con marcas de las unidades de sanidad militar austro-h\u00fangaras de la primera guerra mundial.<br \/> Federaci\u00f3n Andaluza<\/td>\n<td>65-P<\/td>\n<\/tr>\n<tr valign=\"top\">\n<td>495<\/td>\n<td>Grandela Dur\u00e1n, Jos\u00e9 Manuel<br \/> Cohetes lanza-mensajes en la guerra civil espa\u00f1ola (1936-1939)<br \/> Esta colecci\u00f3n muestra y evidencia la existencia de desconocidos \u201ccohetes lanza-mensajes\u201d usados por ambos Ej\u00e9rcitos contendientes (Republicano y Nacional) en la guerra civil espa\u00f1ola (1936-1939)<br \/> Federaci\u00f3n Centro<\/td>\n<td>75-V<\/td>\n<\/tr>\n<tr valign=\"top\">\n<td>496<\/td>\n<td>Jim\u00e9nez Mombiedro, Jos\u00e9 Carlos<br \/> \u201cMachin\u2019s\u201d B\u00e1sica de Gran Breta\u00f1a<br \/> Representaci\u00f3n de la serie b\u00e1sica de Gran Breta\u00f1a, serie predecimal, impresiones, colores y doble busto.<br \/> Federaci\u00f3n Andaluza<\/td>\n<td>60-B<\/td>\n<\/tr>\n<tr valign=\"top\">\n<td>497<\/td>\n<td>L\u00f3pez S\u00e1ez, Ram\u00f3n<br \/> Historia postal de Ceuta<br \/> Documentos postales siglos XVIII y XIX, marcas prefilat\u00e9licas, cartas con sellos espa\u00f1oles, matasellos y fechadores de varios tipos.<br \/> Federaci\u00f3n Andaluza<\/td>\n<td>73-P<\/td>\n<\/tr>\n<tr valign=\"top\">\n<td>498<\/td>\n<td>L\u00f3pez S\u00e1ez, Ram\u00f3n<br \/> Oficinas espa\u00f1olas en el Norte de Africa<br \/> Documentos filat\u00e9licos de distintas estafetas en ciudades de posterior influencia francesa y Tetu\u00e1n y Melilla<br \/> Federaci\u00f3n Andaluza<\/td>\n<td>71-P<\/td>\n<\/tr>\n<tr valign=\"top\">\n<td>499<\/td>\n<td>M. Reis Almeida, Jorge<br \/> Congo portugu\u00e9s, emisiones del rey D. Carlos I (1896-1915) en hojas completas<br \/> O Congo foi un distrito de Angola que utilizou selos propios entre 1894 e 1920. Esta participac\u00e1o pretende apresentar selos en folhas completas (4&#215;7) desse distrito, sem sobrecargas e com sobrecargas \u201clocal\u201d e da \u201cCasa de Moda\u201d do reinado de D. Carlos I.<br \/> Federaci\u00f3n Portuguesa<\/td>\n<td>60-B<\/td>\n<\/tr>\n<tr valign=\"top\">\n<td>500<\/td>\n<td>Mateo y D\u00edaz, Pablo Jes\u00fas<br \/> Los lobatos en el escultismo<br \/> Desarrollo del m\u00e9todo educativo para los ni\u00f1os de ocho y once a\u00f1os dentro del escultismo.<br \/> Federaci\u00f3n Centro<\/td>\n<td>60-B<\/td>\n<\/tr>\n<tr valign=\"top\">\n<td>501<\/td>\n<td>Miguel Mart\u00ednez, Alfredo<br \/> Emisiones desmonetizadas<br \/> An\u00e1lisis de emisiones desmonetizadas en Espa\u00f1a durante los primeros veinticinco a\u00f1os.<br \/> Federaci\u00f3n Castilla y Le\u00f3n<\/td>\n<td>75-V<\/td>\n<\/tr>\n<tr valign=\"top\">\n<td>502<\/td>\n<td>Rodr\u00edguez Doforno, Daniel<br \/> Tras las huellas del lince<br \/> Tratamiento de las cuatro especies de lince, con especial trato al lince ib\u00e9rico.<br \/> Federaci\u00f3n Gallega<\/td>\n<td>68-P<\/td>\n<\/tr>\n<tr valign=\"top\">\n<td>503<\/td>\n<td>Rubio Rodr\u00edguez, Jos\u00e9 Luis<br \/> Primeros Presidentes de los Estados Unidos<br \/> Representaci\u00f3n documental de los primeros Presidentes de los Estados Unidos de Am\u00e9rica, con documentos postales y sellos relacionados con sus mandatos.<br \/> Federaci\u00f3n Andaluza<\/td>\n<td>62-B<\/td>\n<\/tr>\n<tr valign=\"top\">\n<td>504<\/td>\n<td>Su\u00e1rez Alonso, Carlos<br \/> SVV 1993.001 siluetas, estudio<br \/> Estudio de este sello de valor variable de 1993<br \/> Federaci\u00f3n Asturiana<\/td>\n<td>65-P<\/td>\n<\/tr>\n<\/tbody>\n<\/table>\n","protected":false},"excerpt":{"rendered":"<p>Trofeos 1.- Excmo. Ayuntamiento de Algeciras 2.- Correos 3.- FESOFI 4.- Centro Comercial Bah\u00eda de Algeciras, Hipercor-Tiendas El Corte Ingl\u00e9s 5.- R.C.M. &#8211; F.N.M.T. 6.- FEFIAN 7.- Grupo Filat\u00e9lico y Numism\u00e1tico de Algeciras 8.- FESOFI \u2013Antonio Castellano- 9.- Radio Algeciras SER 10.- ANFIL 11.- Federaci\u00f3n Portuguesa de Filatelia APD 12.- Embajada del Reino de Marruecos [&hellip;]<\/p>\n","protected":false},"author":1,"featured_media":0,"comment_status":"closed","ping_status":"open","sticky":false,"template":"","format":"standard","meta":{"footnotes":""},"categories":[31],"tags":[],"class_list":["post-1479","post","type-post","status-publish","format-standard","hentry","category-palmares"],"_links":{"self":[{"href":"http:\/\/www.grupo-algeciras.com\/index.php\/wp-json\/wp\/v2\/posts\/1479","targetHints":{"allow":["GET"]}}],"collection":[{"href":"http:\/\/www.grupo-algeciras.com\/index.php\/wp-json\/wp\/v2\/posts"}],"about":[{"href":"http:\/\/www.grupo-algeciras.com\/index.php\/wp-json\/wp\/v2\/types\/post"}],"author":[{"embeddable":true,"href":"http:\/\/www.grupo-algeciras.com\/index.php\/wp-json\/wp\/v2\/users\/1"}],"replies":[{"embeddable":true,"href":"http:\/\/www.grupo-algeciras.com\/index.php\/wp-json\/wp\/v2\/comments?post=1479"}],"version-history":[{"count":10,"href":"http:\/\/www.grupo-algeciras.com\/index.php\/wp-json\/wp\/v2\/posts\/1479\/revisions"}],"predecessor-version":[{"id":1490,"href":"http:\/\/www.grupo-algeciras.com\/index.php\/wp-json\/wp\/v2\/posts\/1479\/revisions\/1490"}],"wp:attachment":[{"href":"http:\/\/www.grupo-algeciras.com\/index.php\/wp-json\/wp\/v2\/media?parent=1479"}],"wp:term":[{"taxonomy":"category","embeddable":true,"href":"http:\/\/www.grupo-algeciras.com\/index.php\/wp-json\/wp\/v2\/categories?post=1479"},{"taxonomy":"post_tag","embeddable":true,"href":"http:\/\/www.grupo-algeciras.com\/index.php\/wp-json\/wp\/v2\/tags?post=1479"}],"curies":[{"name":"wp","href":"https:\/\/api.w.org\/{rel}","templated":true}]}}