{"id":1476,"date":"2014-03-21T11:37:13","date_gmt":"2014-03-21T11:37:13","guid":{"rendered":"http:\/\/www.grupo-algeciras.com\/wpress\/?p=1476"},"modified":"2014-03-21T11:37:13","modified_gmt":"2014-03-21T11:37:13","slug":"actos","status":"publish","type":"post","link":"http:\/\/www.grupo-algeciras.com\/index.php\/2014\/03\/21\/actos\/","title":{"rendered":"Actos"},"content":{"rendered":"<h4><strong>Programa de Actos (provisional)<\/strong><\/h4>\n<table style=\"width: 95%;\" border=\"0\" align=\"center\">\n<tbody>\n<tr valign=\"top\">\n<td colspan=\"2\"><strong>Mi\u00e9rcoles, 3 de mayo<\/strong><\/td>\n<\/tr>\n<tr valign=\"top\">\n<td width=\"70\">11,00<\/td>\n<td>Rueda de prensa en el Centro Comercial Bah\u00eda de Algeciras.<\/td>\n<\/tr>\n<tr valign=\"top\">\n<td colspan=\"2\"><strong>Jueves 4 de mayo<\/strong><\/td>\n<\/tr>\n<tr valign=\"top\">\n<td>\u00a0<\/td>\n<td>Llegada de los Comisarios<\/td>\n<\/tr>\n<tr valign=\"top\">\n<td>\u00a0<\/td>\n<td>Montaje de colecciones<\/td>\n<\/tr>\n<tr>\n<td colspan=\"2\"><strong>Viernes, 5 de mayo<\/strong><\/td>\n<\/tr>\n<tr valign=\"top\">\n<td>11,00<\/td>\n<td>Presentaci\u00f3n de la Hoja Bloque conmemorativa de la EXFILNA 2006 en el Sal\u00f3n de Plenos del Excmo. Ayuntamiento de Algeciras. Por invitaci\u00f3n.<\/td>\n<\/tr>\n<tr valign=\"top\">\n<td>12,00<\/td>\n<td>Inauguraci\u00f3n oficial de la Exposici\u00f3n Filat\u00e9lica Nacional EXFILNA 2006 en la planta \u00e1tico del Centro Comercial Bah\u00eda de Algeciras \u201cEl Corte Ingl\u00e9s\u201d. Matasellos especiales de primer d\u00eda de circulaci\u00f3n y general de EXFILNA 2006.<\/td>\n<\/tr>\n<tr valign=\"top\">\n<td>12,30<\/td>\n<td>C\u00f3ctel de inauguraci\u00f3n. Por invitaci\u00f3n.<\/td>\n<\/tr>\n<tr valign=\"top\">\n<td colspan=\"2\"><strong>S\u00e1bado, 6 de mayo<\/strong><\/td>\n<\/tr>\n<tr valign=\"top\">\n<td>10,00<\/td>\n<td>Apertura de la Exposici\u00f3n.<br \/> Matasello general de EXFILNA 2006.<\/td>\n<\/tr>\n<tr valign=\"top\">\n<td colspan=\"2\"><strong>Domingo, 7 de mayo<\/strong><\/td>\n<\/tr>\n<tr valign=\"top\">\n<td>11,00<\/td>\n<td>Excursi\u00f3n a Tarifa y Baelo Claudia (particular).<br \/> Llegada de Jurados.<\/td>\n<\/tr>\n<tr valign=\"top\">\n<td colspan=\"2\"><strong>Lunes, 8 de mayo<\/strong><\/td>\n<\/tr>\n<tr valign=\"top\">\n<td>10,00<\/td>\n<td>Apertura de la Exposici\u00f3n.<br \/> Matasello general de EXFILNA 2006.<\/td>\n<\/tr>\n<tr valign=\"top\">\n<td>10,00<\/td>\n<td>Constituci\u00f3n del Jurado Calificador.<\/td>\n<\/tr>\n<tr valign=\"top\">\n<td>10,00<\/td>\n<td>Visita guiada de escolares<\/td>\n<\/tr>\n<tr valign=\"top\">\n<td>10,30<\/td>\n<td>Matasello especial conmemorativo dedicado al Sal\u00f3n de Exposiciones \u201cEl Corte Ingl\u00e9s\u201d.<\/td>\n<\/tr>\n<tr valign=\"top\">\n<td>11,00<\/td>\n<td>Visita guiada al Museo Municipal, Museo de Arte Sacro, Murallas merin\u00edes y centro hist\u00f3rico ciudad.<\/td>\n<\/tr>\n<tr valign=\"top\">\n<td>11,00<\/td>\n<td>Primera actuaci\u00f3n del Jurado.<\/td>\n<\/tr>\n<tr valign=\"top\">\n<td>16,00<\/td>\n<td>Segunda actuaci\u00f3n del Jurado.<\/td>\n<\/tr>\n<tr valign=\"top\">\n<td>17,00<\/td>\n<td>Visitas guiadas de escolares.<\/td>\n<\/tr>\n<tr valign=\"top\">\n<td colspan=\"2\"><strong>Martes, 9 de mayo<\/strong><\/td>\n<\/tr>\n<tr valign=\"top\">\n<td>10,00<\/td>\n<td>Apertura de la Exposici\u00f3n.<br \/> Matasello general de EXFILNA 2006.<\/td>\n<\/tr>\n<tr valign=\"top\">\n<td>10,00<\/td>\n<td>Tercera actuaci\u00f3n del Jurado.<\/td>\n<\/tr>\n<tr valign=\"top\">\n<td>10,00<\/td>\n<td>Visita guiada de escolares.<\/td>\n<\/tr>\n<tr valign=\"top\">\n<td>10,30<\/td>\n<td>Matasello especial conmemorativo dedicado a Radio Algeciras de la Cadena SER.<\/td>\n<\/tr>\n<tr valign=\"top\">\n<td>11,00<\/td>\n<td>Visita al Parque Natural de los Alcornocales, curso del r\u00edo de La Miel y visita al molino de agua.<\/td>\n<\/tr>\n<tr valign=\"top\">\n<td>16,00<\/td>\n<td>Cuarta actuaci\u00f3n del Jurado.<\/td>\n<\/tr>\n<tr valign=\"top\">\n<td>17,00<\/td>\n<td>Visita guiada de escolares.<\/td>\n<\/tr>\n<tr valign=\"top\">\n<td colspan=\"2\"><strong>Mi\u00e9rcoles, 10 de mayo<\/strong><\/td>\n<\/tr>\n<tr valign=\"top\">\n<td>10,00<\/td>\n<td>Apertura de la Exposici\u00f3n.<br \/> Matasello general de EXFILNA 2006.<\/td>\n<\/tr>\n<tr valign=\"top\">\n<td>10,00<\/td>\n<td>Quinta y \u00faltima actuaci\u00f3n del Jurado.<\/td>\n<\/tr>\n<tr valign=\"top\">\n<td>10,00<\/td>\n<td>Visita guiada de escolares.<\/td>\n<\/tr>\n<tr valign=\"top\">\n<td>10,30<\/td>\n<td>Matasello especial conmemorativo dedicado al Centenario de la Conferencia Internacional de Algeciras 1906-2006.<\/td>\n<\/tr>\n<tr valign=\"top\">\n<td>11,00<\/td>\n<td>Visita a la Autoridad portuaria del Puerto Bah\u00eda de Algeciras y recorrido tur\u00edstico en barco por la Bah\u00eda de Algeciras y el Estrecho de Gibraltar y avistamiento de cet\u00e1ceos. Por invitaci\u00f3n.<\/td>\n<\/tr>\n<tr valign=\"top\">\n<td>17,00<\/td>\n<td>Visita guiada de escolares y del Centro de mayores.<\/td>\n<\/tr>\n<tr valign=\"top\">\n<td>21,30<\/td>\n<td>Cena de Comisarios y Jurados.<\/td>\n<\/tr>\n<tr valign=\"top\">\n<td colspan=\"2\"><strong>Jueves, 11 de mayo<\/strong><\/td>\n<\/tr>\n<tr valign=\"top\">\n<td>9,00<\/td>\n<td>Excursi\u00f3n a Ceuta (murallas, playas y centro comercial), T\u00e1nger y Tetu\u00e1n (visita al Zoco, barrio espa\u00f1ol y comida). Por invitaci\u00f3n.<strong> Es imprescindible el pasaporte.<\/strong><\/td>\n<\/tr>\n<tr valign=\"top\">\n<td>10,00<\/td>\n<td>Apertura de la Exposici\u00f3n.<br \/> Matasello general de EXFILNA 2006.<\/td>\n<\/tr>\n<tr valign=\"top\">\n<td>10,00<\/td>\n<td>Visita guiada de escolares.<\/td>\n<\/tr>\n<tr valign=\"top\">\n<td>17,00<\/td>\n<td>Visita guiada de escolares.<\/td>\n<\/tr>\n<tr valign=\"top\">\n<td colspan=\"2\"><strong>Viernes, 12 de mayo<\/strong><\/td>\n<\/tr>\n<tr valign=\"top\">\n<td>9,00<\/td>\n<td>Excursi\u00f3n a Gibraltar, con visita al Faro de Europa, Cuevas de San Miguel y las Galer\u00edas. Almuerzo en La L\u00ednea de la Concepci\u00f3n. Por invitaci\u00f3n.<\/td>\n<\/tr>\n<tr valign=\"top\">\n<td>10,00<\/td>\n<td>Apertura de la Exposici\u00f3n.<br \/> Matasello general de EXFILNA 2006.<\/td>\n<\/tr>\n<tr valign=\"top\">\n<td>18,00<\/td>\n<td>Presentaci\u00f3n del sello V Centenario de la llegada de la familia Tassis a Espa\u00f1a, en el Sal\u00f3n de Actos de la C\u00e1mara de Comercio del Campo de Gibraltar, Algeciras.<\/td>\n<\/tr>\n<tr valign=\"top\">\n<td>19,00<\/td>\n<td>Conferencia sobre el tema, impartida por D. Leoncio Mayo.<\/td>\n<\/tr>\n<tr valign=\"top\">\n<td colspan=\"2\"><strong>S\u00e1bado, 13 de mayo<\/strong><\/td>\n<\/tr>\n<tr valign=\"top\">\n<td>10,00<\/td>\n<td>Apertura de la Exposici\u00f3n.<br \/> Matasello general de EXFILNA 2006.<\/td>\n<\/tr>\n<tr valign=\"top\">\n<td>10,30<\/td>\n<td>Atenci\u00f3n a los coleccionistas por el Jurado Calificador.<\/td>\n<\/tr>\n<tr valign=\"top\">\n<td>12,30<\/td>\n<td>Presentaci\u00f3n de EXFILNA 2007 de Palma de Mallorca, en el Sal\u00f3n de Exposiciones de CAJASUR (C\/ Alfonso XI, 16). Por invitaci\u00f3n.<\/td>\n<\/tr>\n<tr valign=\"top\">\n<td>20,30<\/td>\n<td>Clausura de la Exposici\u00f3n Filat\u00e9lica.<\/td>\n<\/tr>\n<tr valign=\"top\">\n<td>21,30<\/td>\n<td>Cena de Palmar\u00e9s. Clausura oficial de EXFILNA 2006.<br \/> Entrega de la Medalla a la mejor colecci\u00f3n del a\u00f1o 2005 a D. Miguel Gonz\u00e1lez Saucedo.<br \/> Hotel Reina Cristina.<\/td>\n<\/tr>\n<\/tbody>\n<\/table>\n<p style=\"text-align: center;\"><a href=\"http:\/\/www.grupo-algeciras.com\/wpress\/wp-content\/uploads\/Exfilna 2006\/ReinaCristina.jpg\"><img loading=\"lazy\" decoding=\"async\" class=\"aligncenter size-full wp-image-1426\" title=\"ReinaCristina\" alt=\"\" src=\"http:\/\/www.grupo-algeciras.com\/wpress\/wp-content\/uploads\/Exfilna 2006\/ReinaCristina.jpg\" width=\"600\" height=\"374\" srcset=\"http:\/\/www.grupo-algeciras.com\/wpress\/wp-content\/uploads\/Exfilna%202006\/ReinaCristina.jpg 600w, http:\/\/www.grupo-algeciras.com\/wpress\/wp-content\/uploads\/Exfilna%202006\/ReinaCristina-300x187.jpg 300w\" sizes=\"auto, (max-width: 600px) 100vw, 600px\" \/><\/a>Horario ininterrumpido desde las 10,00 hasta las 22,00 horas (Horario del Centro Comercial)<\/p>\n","protected":false},"excerpt":{"rendered":"<p>Programa de Actos (provisional) Mi\u00e9rcoles, 3 de mayo 11,00 Rueda de prensa en el Centro Comercial Bah\u00eda de Algeciras. Jueves 4 de mayo \u00a0 Llegada de los Comisarios \u00a0 Montaje de colecciones Viernes, 5 de mayo 11,00 Presentaci\u00f3n de la Hoja Bloque conmemorativa de la EXFILNA 2006 en el Sal\u00f3n de Plenos del Excmo. Ayuntamiento [&hellip;]<\/p>\n","protected":false},"author":1,"featured_media":0,"comment_status":"closed","ping_status":"open","sticky":false,"template":"","format":"standard","meta":{"footnotes":""},"categories":[28],"tags":[],"class_list":["post-1476","post","type-post","status-publish","format-standard","hentry","category-actos"],"_links":{"self":[{"href":"http:\/\/www.grupo-algeciras.com\/index.php\/wp-json\/wp\/v2\/posts\/1476","targetHints":{"allow":["GET"]}}],"collection":[{"href":"http:\/\/www.grupo-algeciras.com\/index.php\/wp-json\/wp\/v2\/posts"}],"about":[{"href":"http:\/\/www.grupo-algeciras.com\/index.php\/wp-json\/wp\/v2\/types\/post"}],"author":[{"embeddable":true,"href":"http:\/\/www.grupo-algeciras.com\/index.php\/wp-json\/wp\/v2\/users\/1"}],"replies":[{"embeddable":true,"href":"http:\/\/www.grupo-algeciras.com\/index.php\/wp-json\/wp\/v2\/comments?post=1476"}],"version-history":[{"count":2,"href":"http:\/\/www.grupo-algeciras.com\/index.php\/wp-json\/wp\/v2\/posts\/1476\/revisions"}],"predecessor-version":[{"id":1478,"href":"http:\/\/www.grupo-algeciras.com\/index.php\/wp-json\/wp\/v2\/posts\/1476\/revisions\/1478"}],"wp:attachment":[{"href":"http:\/\/www.grupo-algeciras.com\/index.php\/wp-json\/wp\/v2\/media?parent=1476"}],"wp:term":[{"taxonomy":"category","embeddable":true,"href":"http:\/\/www.grupo-algeciras.com\/index.php\/wp-json\/wp\/v2\/categories?post=1476"},{"taxonomy":"post_tag","embeddable":true,"href":"http:\/\/www.grupo-algeciras.com\/index.php\/wp-json\/wp\/v2\/tags?post=1476"}],"curies":[{"name":"wp","href":"https:\/\/api.w.org\/{rel}","templated":true}]}}