{"id":1404,"date":"2014-03-21T08:32:52","date_gmt":"2014-03-21T08:32:52","guid":{"rendered":"http:\/\/www.grupo-algeciras.com\/wpress\/?p=1404"},"modified":"2014-03-21T08:43:44","modified_gmt":"2014-03-21T08:43:44","slug":"exfilna-2006","status":"publish","type":"post","link":"http:\/\/www.grupo-algeciras.com\/index.php\/2014\/03\/21\/exfilna-2006\/","title":{"rendered":"Exfilna 2006"},"content":{"rendered":"<table id=\"Felix-Taula-Top\" style=\"width: 90%;\" border=\"0\">\n<tbody>\n<tr>\n<td><a href=\"http:\/\/www.grupo-algeciras.com\/wpress\/wp-content\/uploads\/Exfilna 2006\/Portada-Reglamento.jpg\"><img loading=\"lazy\" decoding=\"async\" class=\"alignright size-full wp-image-1406\" title=\"Portada-Reglamento\" alt=\"\" src=\"http:\/\/www.grupo-algeciras.com\/wpress\/wp-content\/uploads\/Exfilna 2006\/Portada-Reglamento.jpg\" width=\"300\" height=\"427\" srcset=\"http:\/\/www.grupo-algeciras.com\/wpress\/wp-content\/uploads\/Exfilna%202006\/Portada-Reglamento.jpg 300w, http:\/\/www.grupo-algeciras.com\/wpress\/wp-content\/uploads\/Exfilna%202006\/Portada-Reglamento-210x300.jpg 210w\" sizes=\"auto, (max-width: 300px) 100vw, 300px\" \/><\/a><\/td>\n<td style=\"padding-left: 10px;\"><strong>Bienvenidos a la 44\u00aa Exposici\u00f3n Filat\u00e9lica Nacional<\/strong><\/p>\n<p style=\"text-align: justify;\">\u00a0<\/p>\n<p style=\"text-align: justify;\">Entre los d\u00edas 5 al 13 de mayo de 2006, los aficionados a la filatelia tenemos una cita: la Exfilna 2006 de Algeciras.<\/p>\n<p style=\"text-align: justify;\">\u00a0<\/p>\n<p style=\"text-align: justify;\">La pintora algecire\u00f1a Esther L\u00f3pez Berenguer ha dise\u00f1ado para la filatelia nacional la portada del REGLAMENTO, mezclando los motivos filat\u00e9licos con los hist\u00f3ricos.<\/p>\n<p style=\"text-align: justify;\">\u00a0<\/p>\n<p style=\"text-align: justify;\">La Conferencia Internacional de Algeciras con su importancia filat\u00e9lica, se conmemora en su Centenario con esta magna Exposici\u00f3n nacional, EXFILNA 2006.<\/p>\n<p>&nbsp;<\/p>\n<\/td>\n<\/tr>\n<\/tbody>\n<\/table>\n<p style=\"text-align: justify;\">El lugar elegido, como no pod\u00eda ser de otra manera, est\u00e1 en consonancia con la vocaci\u00f3n marinera de Algeciras: la tercera planta del Centro Comercial Bah\u00eda de Algeciras (El Corte Ingl\u00e9s) alojar\u00e1 la XLIV edici\u00f3n de la Exposici\u00f3n Filat\u00e9lica Nacional.<\/p>\n<p style=\"text-align: center;\"><a href=\"http:\/\/www.grupo-algeciras.com\/wpress\/wp-content\/uploads\/Exfilna 2006\/CentroComercial.jpg\"><img loading=\"lazy\" decoding=\"async\" class=\"aligncenter size-full wp-image-1405\" title=\"CentroComercial\" alt=\"\" src=\"http:\/\/www.grupo-algeciras.com\/wpress\/wp-content\/uploads\/Exfilna 2006\/CentroComercial.jpg\" width=\"600\" height=\"376\" srcset=\"http:\/\/www.grupo-algeciras.com\/wpress\/wp-content\/uploads\/Exfilna%202006\/CentroComercial.jpg 600w, http:\/\/www.grupo-algeciras.com\/wpress\/wp-content\/uploads\/Exfilna%202006\/CentroComercial-300x188.jpg 300w\" sizes=\"auto, (max-width: 600px) 100vw, 600px\" \/><\/a><\/p>\n","protected":false},"excerpt":{"rendered":"<p>Bienvenidos a la 44\u00aa Exposici\u00f3n Filat\u00e9lica Nacional \u00a0 Entre los d\u00edas 5 al 13 de mayo de 2006, los aficionados a la filatelia tenemos una cita: la Exfilna 2006 de Algeciras. \u00a0 La pintora algecire\u00f1a Esther L\u00f3pez Berenguer ha dise\u00f1ado para la filatelia nacional la portada del REGLAMENTO, mezclando los motivos filat\u00e9licos con los hist\u00f3ricos. [&hellip;]<\/p>\n","protected":false},"author":1,"featured_media":0,"comment_status":"closed","ping_status":"open","sticky":false,"template":"","format":"standard","meta":{"footnotes":""},"categories":[10],"tags":[],"class_list":["post-1404","post","type-post","status-publish","format-standard","hentry","category-exfilna2006"],"_links":{"self":[{"href":"http:\/\/www.grupo-algeciras.com\/index.php\/wp-json\/wp\/v2\/posts\/1404","targetHints":{"allow":["GET"]}}],"collection":[{"href":"http:\/\/www.grupo-algeciras.com\/index.php\/wp-json\/wp\/v2\/posts"}],"about":[{"href":"http:\/\/www.grupo-algeciras.com\/index.php\/wp-json\/wp\/v2\/types\/post"}],"author":[{"embeddable":true,"href":"http:\/\/www.grupo-algeciras.com\/index.php\/wp-json\/wp\/v2\/users\/1"}],"replies":[{"embeddable":true,"href":"http:\/\/www.grupo-algeciras.com\/index.php\/wp-json\/wp\/v2\/comments?post=1404"}],"version-history":[{"count":15,"href":"http:\/\/www.grupo-algeciras.com\/index.php\/wp-json\/wp\/v2\/posts\/1404\/revisions"}],"predecessor-version":[{"id":1461,"href":"http:\/\/www.grupo-algeciras.com\/index.php\/wp-json\/wp\/v2\/posts\/1404\/revisions\/1461"}],"wp:attachment":[{"href":"http:\/\/www.grupo-algeciras.com\/index.php\/wp-json\/wp\/v2\/media?parent=1404"}],"wp:term":[{"taxonomy":"category","embeddable":true,"href":"http:\/\/www.grupo-algeciras.com\/index.php\/wp-json\/wp\/v2\/categories?post=1404"},{"taxonomy":"post_tag","embeddable":true,"href":"http:\/\/www.grupo-algeciras.com\/index.php\/wp-json\/wp\/v2\/tags?post=1404"}],"curies":[{"name":"wp","href":"https:\/\/api.w.org\/{rel}","templated":true}]}}