{"id":1390,"date":"2014-03-20T16:49:15","date_gmt":"2014-03-20T16:49:15","guid":{"rendered":"http:\/\/www.grupo-algeciras.com\/wpress\/?p=1390"},"modified":"2024-01-16T21:03:01","modified_gmt":"2024-01-16T19:03:01","slug":"como-llegar","status":"publish","type":"post","link":"http:\/\/www.grupo-algeciras.com\/index.php\/2014\/03\/20\/como-llegar\/","title":{"rendered":"C\u00f3mo llegar"},"content":{"rendered":"<p><strong>Comunicaciones<\/strong><\/p>\n<table id=\"Felix-Taula-Top\" border=\"0\">\n<tbody>\n<tr>\n<td style=\"width: 120px; text-align: right;\"><strong>Avi\u00f3n<\/strong><\/td>\n<td colspan=\"2\">A 18 km se encuentra el Aeropuerto de\u00a0Gibraltar. Enlaza con Madrid y Londres.<br \/>\nA 100 km se encuentra el Aeropuerto de Jerez de la Frontera.<br \/>\nA 125 km se encuentra el Aeropuerto Internacional de M\u00e1laga<\/td>\n<\/tr>\n<tr>\n<td style=\"width: 120px; text-align: right;\"><strong>Ferrocarril<\/strong><\/td>\n<td colspan=\"2\">Enlaza con Madrid a trav\u00e9s de la red Algeciras-Bobadilla-C\u00f3rdoba.<br \/>\nActualmente la l\u00ednea f\u00e9rrea enlaza en Antequera con la Alta Velocidad. Existe un tren Altaria que unen la ciudad con Madrid, en horario de tarde. Adem\u00e1s los trenes regionales que enlazan con Ronda y Granada a trav\u00e9s de Antequera, donde se puede enlazar con el AVE de M\u00e1laga a Madrid.<\/td>\n<\/tr>\n<tr>\n<td style=\"width: 120px; text-align: right;\"><strong>Autob\u00fas<\/strong><\/td>\n<td colspan=\"2\">Se enlaza con casi todas las capitales de provincia de Espa\u00f1a.<\/td>\n<\/tr>\n<tr>\n<td style=\"width: 120px; text-align: right;\"><strong>Autom\u00f3vil<\/strong><\/td>\n<td style=\"width: 90px;\" align=\"right\" valign=\"top\">Desde C\u00e1diz<\/td>\n<td>Autov\u00eda desde C\u00e1diz hasta Chiclana, nacional A7 pasando por Chiclana, Conil de la Frontera, Vejer de la Frontera, Tarifa, Pelayo y llegada a Algeciras.<\/td>\n<\/tr>\n<tr>\n<td><\/td>\n<td style=\"width: 90px;\" align=\"right\" valign=\"top\">Desde Sevilla<\/td>\n<td>Autopista Sevilla-C\u00e1diz, girar a la derecha en la salida a Jerez de la Frontera y posteriormente direcci\u00f3n Los Barrios por autov\u00eda Jerez-Los Barrios, saliendo a la A7 C\u00e1diz-M\u00e1laga, giramos hacia la derecha direcci\u00f3n Algeciras. Hemos pasado por las afueras de Medina Sidonia, Alcal\u00e1 de los Gazules y Los Barrios.<\/td>\n<\/tr>\n<tr>\n<td><\/td>\n<td style=\"width: 90px;\" align=\"right\" valign=\"top\">Desde M\u00e1laga<\/td>\n<td>Existen dos v\u00edas de comunicaci\u00f3n, una es la autopista de peaje M\u00e1laga-Guadiaro (con tres peajes) y la segunda la autov\u00eda A7 M\u00e1laga-Algeciras (recorre los pueblos de la Costa del Sol).<\/td>\n<\/tr>\n<\/tbody>\n<\/table>\n<p>M\u00e1s informaci\u00f3n en la p\u00e1gina del <a href=\"https:\/\/www.algeciras.es\/es\/index.html\" target=\"_blank\" rel=\"noopener\">Ayuntamiento<\/a><\/p>\n<p>&nbsp;<\/p>\n<p><strong>Tel\u00e9fonos de inter\u00e9s<\/strong><\/p>\n<table border=\"0\" cellspacing=\"3\" cellpadding=\"1\">\n<tbody>\n<tr>\n<td style=\"width: 150px;\">Ayuntamiento<\/td>\n<td align=\"left\">956 67 27 00<\/td>\n<\/tr>\n<tr>\n<td style=\"width: 150px;\">Protecci\u00f3n Civil<\/td>\n<td align=\"left\">956 63 30 13<\/td>\n<\/tr>\n<tr>\n<td style=\"width: 150px;\">Polic\u00eda Local<\/td>\n<td align=\"left\">956 66 01 55<\/td>\n<\/tr>\n<tr>\n<td style=\"width: 150px;\">Oficina de Turismo<\/td>\n<td align=\"left\">956 57 26 36<\/td>\n<\/tr>\n<tr>\n<td colspan=\"2\">M\u00e1s tel\u00e9fonos en la p\u00e1gina del <a href=\"https:\/\/www.algeciras.es\/es\/index.html\" target=\"_blank\" rel=\"noopener\">Ayuntamiento<\/a><\/td>\n<\/tr>\n<\/tbody>\n<\/table>\n<p>&nbsp;<\/p>\n<p><strong>Historia<\/strong><\/p>\n<p>Informaci\u00f3n detallada de la historia de nuestra ciudad la podemos encontrar <a href=\"https:\/\/www.algeciras.es\/es\/ciudad\/historia\/\" target=\"_blank\" rel=\"noopener\">aqu\u00ed<\/a>.<\/p>\n<p>&nbsp;<\/p>\n<p><strong>Lugares emblem\u00e1ticos<\/strong><\/p>\n<p>Hornos romanos, Ba\u00f1os andalus\u00eds, Capilla de Ntra. Sra. de Europa, las Murallas Merin\u00edes, la Plaza Alta, el Mercado del Ingeniero Torroja, Faro de Punta Carnero, etc\u2026 M\u00e1s informaci\u00f3n sobre estos lugares <a href=\"http:\/\/www.algeciras.es\/Ciudad\/algeciras_lugares.php\" target=\"_blank\" rel=\"noopener\">aqu\u00ed<\/a>.<\/p>\n<p>&nbsp;<\/p>\n<p><strong>Playas<\/strong><\/p>\n<p>Ya en el casco urbano y la Bah\u00eda se encuentra la playa de \u201cEl Rinconcillo\u201d. En la ciudad, a 2 Km. del centro urbano se encuentra la playa de \u201cGetares\u201d.<\/p>\n<table id=\"Felix-Taula-Top\" border=\"0\">\n<tbody>\n<tr>\n<td>\n<p><div id=\"attachment_1391\" style=\"width: 269px\" class=\"wp-caption alignright\"><a href=\"http:\/\/www.grupo-algeciras.com\/wpress\/wp-content\/uploads\/Algeciras\/PlayaGetares.jpg\"><img loading=\"lazy\" decoding=\"async\" aria-describedby=\"caption-attachment-1391\" class=\"size-full wp-image-1391\" title=\"PlayaGetares\" src=\"http:\/\/www.grupo-algeciras.com\/wpress\/wp-content\/uploads\/Algeciras\/PlayaGetares.jpg\" alt=\"\" width=\"259\" height=\"175\" \/><\/a><p id=\"caption-attachment-1391\" class=\"wp-caption-text\">Playa de Getares<\/p><\/div><\/td>\n<td>\n<p><div id=\"attachment_1392\" style=\"width: 243px\" class=\"wp-caption alignleft\"><a href=\"http:\/\/www.grupo-algeciras.com\/wpress\/wp-content\/uploads\/Algeciras\/PlayaElRinconcillo.jpg\"><img loading=\"lazy\" decoding=\"async\" aria-describedby=\"caption-attachment-1392\" class=\"size-full wp-image-1392\" title=\"PlayaElRinconcillo\" src=\"http:\/\/www.grupo-algeciras.com\/wpress\/wp-content\/uploads\/Algeciras\/PlayaElRinconcillo.jpg\" alt=\"\" width=\"233\" height=\"175\" \/><\/a><p id=\"caption-attachment-1392\" class=\"wp-caption-text\">El Rinconcillo<\/p><\/div><\/td>\n<\/tr>\n<\/tbody>\n<\/table>\n","protected":false},"excerpt":{"rendered":"<p>Comunicaciones Avi\u00f3n A 18 km se encuentra el Aeropuerto de\u00a0Gibraltar. Enlaza con Madrid y Londres. A 100 km se encuentra el Aeropuerto de Jerez de la Frontera. A 125 km se encuentra el Aeropuerto Internacional de M\u00e1laga Ferrocarril Enlaza con Madrid a trav\u00e9s de la red Algeciras-Bobadilla-C\u00f3rdoba. Actualmente la l\u00ednea f\u00e9rrea enlaza en Antequera con [&hellip;]<\/p>\n","protected":false},"author":1,"featured_media":0,"comment_status":"closed","ping_status":"open","sticky":false,"template":"","format":"standard","meta":{"footnotes":""},"categories":[22],"tags":[],"class_list":["post-1390","post","type-post","status-publish","format-standard","hentry","category-como-llegar"],"_links":{"self":[{"href":"http:\/\/www.grupo-algeciras.com\/index.php\/wp-json\/wp\/v2\/posts\/1390","targetHints":{"allow":["GET"]}}],"collection":[{"href":"http:\/\/www.grupo-algeciras.com\/index.php\/wp-json\/wp\/v2\/posts"}],"about":[{"href":"http:\/\/www.grupo-algeciras.com\/index.php\/wp-json\/wp\/v2\/types\/post"}],"author":[{"embeddable":true,"href":"http:\/\/www.grupo-algeciras.com\/index.php\/wp-json\/wp\/v2\/users\/1"}],"replies":[{"embeddable":true,"href":"http:\/\/www.grupo-algeciras.com\/index.php\/wp-json\/wp\/v2\/comments?post=1390"}],"version-history":[{"count":12,"href":"http:\/\/www.grupo-algeciras.com\/index.php\/wp-json\/wp\/v2\/posts\/1390\/revisions"}],"predecessor-version":[{"id":2498,"href":"http:\/\/www.grupo-algeciras.com\/index.php\/wp-json\/wp\/v2\/posts\/1390\/revisions\/2498"}],"wp:attachment":[{"href":"http:\/\/www.grupo-algeciras.com\/index.php\/wp-json\/wp\/v2\/media?parent=1390"}],"wp:term":[{"taxonomy":"category","embeddable":true,"href":"http:\/\/www.grupo-algeciras.com\/index.php\/wp-json\/wp\/v2\/categories?post=1390"},{"taxonomy":"post_tag","embeddable":true,"href":"http:\/\/www.grupo-algeciras.com\/index.php\/wp-json\/wp\/v2\/tags?post=1390"}],"curies":[{"name":"wp","href":"https:\/\/api.w.org\/{rel}","templated":true}]}}