{"id":1331,"date":"2014-03-20T09:17:32","date_gmt":"2014-03-20T09:17:32","guid":{"rendered":"http:\/\/www.grupo-algeciras.com\/wpress\/?p=1331"},"modified":"2014-03-20T09:17:32","modified_gmt":"2014-03-20T09:17:32","slug":"insignia-de-oro-del-grupo","status":"publish","type":"post","link":"http:\/\/www.grupo-algeciras.com\/index.php\/2014\/03\/20\/insignia-de-oro-del-grupo\/","title":{"rendered":"Insignia de ORO del Grupo"},"content":{"rendered":"<p style=\"text-align: justify;\" align=\"center\">El d\u00eda 29 de septiembre tuvo lugar en un c\u00e9ntrico restaurante de la ciudad, la entrega de la primera insignia de ORO de nuestro Grupo a D. Francisco P\u00e9rez Medina. Ante un nutrido n\u00famero de socios se le hizo entrega a nuestro amigo, muy emocionado por un galard\u00f3n muy merecido.\u00a0\u00a0\u00a0<\/p>\n<table border=\"0\">\n<tbody>\n<tr>\n<td><a href=\"http:\/\/www.grupo-algeciras.com\/wpress\/wp-content\/uploads\/Noticias\/Comidamedalla2.jpg\"><img decoding=\"async\" class=\" wp-image-1295 alignright\" title=\"Comidamedalla2\" alt=\"\" src=\"http:\/\/www.grupo-algeciras.com\/wpress\/wp-content\/uploads\/Noticias\/Comidamedalla2.jpg\" width=\"375\" srcset=\"http:\/\/www.grupo-algeciras.com\/wpress\/wp-content\/uploads\/Noticias\/Comidamedalla2.jpg 960w, http:\/\/www.grupo-algeciras.com\/wpress\/wp-content\/uploads\/Noticias\/Comidamedalla2-300x225.jpg 300w, http:\/\/www.grupo-algeciras.com\/wpress\/wp-content\/uploads\/Noticias\/Comidamedalla2-680x510.jpg 680w, http:\/\/www.grupo-algeciras.com\/wpress\/wp-content\/uploads\/Noticias\/Comidamedalla2-624x468.jpg 624w\" sizes=\"(max-width: 960px) 100vw, 960px\" \/><\/a><\/td>\n<td><a href=\"http:\/\/www.grupo-algeciras.com\/wpress\/wp-content\/uploads\/Noticias\/Comidamedalla1.jpg\"><img decoding=\"async\" class=\"alignleft  wp-image-1294\" title=\"Comidamedalla1\" alt=\"\" src=\"http:\/\/www.grupo-algeciras.com\/wpress\/wp-content\/uploads\/Noticias\/Comidamedalla1.jpg\" width=\"375\" srcset=\"http:\/\/www.grupo-algeciras.com\/wpress\/wp-content\/uploads\/Noticias\/Comidamedalla1.jpg 960w, http:\/\/www.grupo-algeciras.com\/wpress\/wp-content\/uploads\/Noticias\/Comidamedalla1-300x225.jpg 300w, http:\/\/www.grupo-algeciras.com\/wpress\/wp-content\/uploads\/Noticias\/Comidamedalla1-680x510.jpg 680w, http:\/\/www.grupo-algeciras.com\/wpress\/wp-content\/uploads\/Noticias\/Comidamedalla1-624x468.jpg 624w\" sizes=\"(max-width: 960px) 100vw, 960px\" \/><\/a><\/td>\n<\/tr>\n<\/tbody>\n<\/table>\n","protected":false},"excerpt":{"rendered":"<p>El d\u00eda 29 de septiembre tuvo lugar en un c\u00e9ntrico restaurante de la ciudad, la entrega de la primera insignia de ORO de nuestro Grupo a D. Francisco P\u00e9rez Medina. Ante un nutrido n\u00famero de socios se le hizo entrega a nuestro amigo, muy emocionado por un galard\u00f3n muy merecido.\u00a0\u00a0\u00a0<\/p>\n","protected":false},"author":1,"featured_media":0,"comment_status":"closed","ping_status":"open","sticky":false,"template":"","format":"standard","meta":{"footnotes":""},"categories":[8],"tags":[],"class_list":["post-1331","post","type-post","status-publish","format-standard","hentry","category-noticias"],"_links":{"self":[{"href":"http:\/\/www.grupo-algeciras.com\/index.php\/wp-json\/wp\/v2\/posts\/1331","targetHints":{"allow":["GET"]}}],"collection":[{"href":"http:\/\/www.grupo-algeciras.com\/index.php\/wp-json\/wp\/v2\/posts"}],"about":[{"href":"http:\/\/www.grupo-algeciras.com\/index.php\/wp-json\/wp\/v2\/types\/post"}],"author":[{"embeddable":true,"href":"http:\/\/www.grupo-algeciras.com\/index.php\/wp-json\/wp\/v2\/users\/1"}],"replies":[{"embeddable":true,"href":"http:\/\/www.grupo-algeciras.com\/index.php\/wp-json\/wp\/v2\/comments?post=1331"}],"version-history":[{"count":1,"href":"http:\/\/www.grupo-algeciras.com\/index.php\/wp-json\/wp\/v2\/posts\/1331\/revisions"}],"predecessor-version":[{"id":1332,"href":"http:\/\/www.grupo-algeciras.com\/index.php\/wp-json\/wp\/v2\/posts\/1331\/revisions\/1332"}],"wp:attachment":[{"href":"http:\/\/www.grupo-algeciras.com\/index.php\/wp-json\/wp\/v2\/media?parent=1331"}],"wp:term":[{"taxonomy":"category","embeddable":true,"href":"http:\/\/www.grupo-algeciras.com\/index.php\/wp-json\/wp\/v2\/categories?post=1331"},{"taxonomy":"post_tag","embeddable":true,"href":"http:\/\/www.grupo-algeciras.com\/index.php\/wp-json\/wp\/v2\/tags?post=1331"}],"curies":[{"name":"wp","href":"https:\/\/api.w.org\/{rel}","templated":true}]}}