{"id":1285,"date":"2014-03-20T08:47:19","date_gmt":"2014-03-20T08:47:19","guid":{"rendered":"http:\/\/www.grupo-algeciras.com\/wpress\/?p=1285"},"modified":"2020-04-01T18:04:49","modified_gmt":"2020-04-01T16:04:49","slug":"noticias","status":"publish","type":"post","link":"http:\/\/www.grupo-algeciras.com\/index.php\/2014\/03\/20\/noticias\/","title":{"rendered":"Noticias"},"content":{"rendered":"<p style=\"text-align: justify;\">En esta secci\u00f3n daremos a conocer las \u00faltimas actividades relacionadas con el Grupo.<\/p>\n<p style=\"text-align: justify;\">Novedades sobre el material realizado, nuevo material aportado, material de nueva creaci\u00f3n y realizaciones del Grupo con un especial inter\u00e9s por todo lo relacionado con nuestra ciudad y el coleccionismo.<\/p>\n<p style=\"text-align: justify;\">Nuevas piezas de historia postal del Campo de Gibraltar y con motivos de Algeciras.<\/p>\n<p style=\"text-align: justify;\">Ahora la gran novedad es el dise\u00f1o de los sellos personalizados <a title=\"Fesofi\" href=\"http:\/\/www.fesofi.es\" target=\"_blank\" rel=\"noopener noreferrer\">www.fesofi.es<\/a> (ver noticias) con los que estaremos m\u00e1s o menos en desacuerdo, pero que est\u00e1 revitalizando algunos Grupos.<\/p>\n<h1 style=\"text-align: center;\"><a href=\"http:\/\/www.doopaper.com\/visor_html5\/ecofilatelico\/elecofilatelico#page\/1\">El Eco Filat\u00e9lico y Numism\u00e1tico<\/a> y <a href=\"http:\/\/www.edifil.es\/revista_abril\/mobile\/index.html#p=1\">Revista de Filatelia RF<\/a><\/h1>\n<h1 style=\"text-align: center;\"><span style=\"color: #0000ff;\">NOVENA ERIZADA<\/span><\/h1>\n<p style=\"text-align: justify;\">El 9 de febrero y siguiendo con la tradici\u00f3n, celebramos en esta ocasi\u00f3n tambien, en el Pinar del Rey nuesstrta ya famosa ERIZADA. Adem\u00e1s de este rico manjar de nuestra tierra (que es un lujo comerlo en este lugar) nuestro chef Manuel Riscart nos deleit\u00f3 con su famosa paella, carne a la barbacoa, pinchitos y otros entremeses, regados con vino tinto y blanco junto a las normales cervezas y refrescos.<\/p>\n<p>Un dia inolvidable pues nos acompa\u00f3 el buen tiempo y muchos amigos que no quisieron perderse nuestra tradicional fiesta.<\/p>\n<p><img loading=\"lazy\" decoding=\"async\" class=\"alignnone size-medium wp-image-2206\" style=\"font-size: 1rem;\" src=\"http:\/\/www.grupo-algeciras.com\/wpress\/wp-content\/uploads\/IMG-20200209-WA0010-225x300.jpg\" width=\"300\" height=\"400\" srcset=\"http:\/\/www.grupo-algeciras.com\/wpress\/wp-content\/uploads\/IMG-20200209-WA0010-225x300.jpg 225w, http:\/\/www.grupo-algeciras.com\/wpress\/wp-content\/uploads\/IMG-20200209-WA0010-768x1024.jpg 768w, http:\/\/www.grupo-algeciras.com\/wpress\/wp-content\/uploads\/IMG-20200209-WA0010-680x907.jpg 680w, http:\/\/www.grupo-algeciras.com\/wpress\/wp-content\/uploads\/IMG-20200209-WA0010-624x832.jpg 624w, http:\/\/www.grupo-algeciras.com\/wpress\/wp-content\/uploads\/IMG-20200209-WA0010.jpg 1200w\" sizes=\"auto, (max-width: 300px) 100vw, 300px\" \/><span style=\"font-size: 1rem;\">\u00a0 \u00a0\u00a0<\/span><img loading=\"lazy\" decoding=\"async\" class=\"alignnone wp-image-2205 size-medium\" style=\"font-size: 1rem;\" src=\"http:\/\/www.grupo-algeciras.com\/wpress\/wp-content\/uploads\/20200209_151152-e1581852847765-169x300.jpg\" width=\"225\" height=\"400\" srcset=\"http:\/\/www.grupo-algeciras.com\/wpress\/wp-content\/uploads\/20200209_151152-e1581852847765-169x300.jpg 169w, http:\/\/www.grupo-algeciras.com\/wpress\/wp-content\/uploads\/20200209_151152-e1581852847765-768x1365.jpg 768w, http:\/\/www.grupo-algeciras.com\/wpress\/wp-content\/uploads\/20200209_151152-e1581852847765-576x1024.jpg 576w, http:\/\/www.grupo-algeciras.com\/wpress\/wp-content\/uploads\/20200209_151152-e1581852847765-624x1109.jpg 624w\" sizes=\"auto, (max-width: 225px) 100vw, 225px\" \/><img loading=\"lazy\" decoding=\"async\" class=\"alignnone wp-image-2208 size-large\" style=\"font-size: 1rem;\" src=\"http:\/\/www.grupo-algeciras.com\/wpress\/wp-content\/uploads\/IMG-20200209-WA0016-680x383.jpg\" alt=\"\" width=\"625\" height=\"352\" srcset=\"http:\/\/www.grupo-algeciras.com\/wpress\/wp-content\/uploads\/IMG-20200209-WA0016-680x383.jpg 680w, http:\/\/www.grupo-algeciras.com\/wpress\/wp-content\/uploads\/IMG-20200209-WA0016-300x169.jpg 300w, http:\/\/www.grupo-algeciras.com\/wpress\/wp-content\/uploads\/IMG-20200209-WA0016-768x432.jpg 768w, http:\/\/www.grupo-algeciras.com\/wpress\/wp-content\/uploads\/IMG-20200209-WA0016-624x351.jpg 624w, http:\/\/www.grupo-algeciras.com\/wpress\/wp-content\/uploads\/IMG-20200209-WA0016.jpg 1600w\" sizes=\"auto, (max-width: 625px) 100vw, 625px\" \/><span style=\"font-size: 1rem;\">\u00a0<\/span><img loading=\"lazy\" decoding=\"async\" class=\"alignnone size-medium wp-image-2207\" style=\"font-size: 1rem;\" src=\"http:\/\/www.grupo-algeciras.com\/wpress\/wp-content\/uploads\/IMG-20200209-WA0012-300x225.jpg\" width=\"400\" height=\"300\" srcset=\"http:\/\/www.grupo-algeciras.com\/wpress\/wp-content\/uploads\/IMG-20200209-WA0012-300x225.jpg 300w, http:\/\/www.grupo-algeciras.com\/wpress\/wp-content\/uploads\/IMG-20200209-WA0012-768x576.jpg 768w, http:\/\/www.grupo-algeciras.com\/wpress\/wp-content\/uploads\/IMG-20200209-WA0012-680x510.jpg 680w, http:\/\/www.grupo-algeciras.com\/wpress\/wp-content\/uploads\/IMG-20200209-WA0012-624x468.jpg 624w, http:\/\/www.grupo-algeciras.com\/wpress\/wp-content\/uploads\/IMG-20200209-WA0012.jpg 1600w\" sizes=\"auto, (max-width: 400px) 100vw, 400px\" \/><img loading=\"lazy\" decoding=\"async\" class=\"alignnone size-medium wp-image-2209\" style=\"font-size: 1rem;\" src=\"http:\/\/www.grupo-algeciras.com\/wpress\/wp-content\/uploads\/IMG-20200209-WA0021-225x300.jpg\" width=\"225\" height=\"300\" srcset=\"http:\/\/www.grupo-algeciras.com\/wpress\/wp-content\/uploads\/IMG-20200209-WA0021-225x300.jpg 225w, http:\/\/www.grupo-algeciras.com\/wpress\/wp-content\/uploads\/IMG-20200209-WA0021-768x1024.jpg 768w, http:\/\/www.grupo-algeciras.com\/wpress\/wp-content\/uploads\/IMG-20200209-WA0021-680x907.jpg 680w, http:\/\/www.grupo-algeciras.com\/wpress\/wp-content\/uploads\/IMG-20200209-WA0021-624x832.jpg 624w, http:\/\/www.grupo-algeciras.com\/wpress\/wp-content\/uploads\/IMG-20200209-WA0021.jpg 1200w\" sizes=\"auto, (max-width: 225px) 100vw, 225px\" \/> <img loading=\"lazy\" decoding=\"async\" class=\"alignnone size-medium wp-image-2210\" style=\"font-size: 1rem;\" src=\"http:\/\/www.grupo-algeciras.com\/wpress\/wp-content\/uploads\/IMG-20200209-WA0029-225x300.jpg\" width=\"225\" height=\"300\" srcset=\"http:\/\/www.grupo-algeciras.com\/wpress\/wp-content\/uploads\/IMG-20200209-WA0029-225x300.jpg 225w, http:\/\/www.grupo-algeciras.com\/wpress\/wp-content\/uploads\/IMG-20200209-WA0029-768x1024.jpg 768w, http:\/\/www.grupo-algeciras.com\/wpress\/wp-content\/uploads\/IMG-20200209-WA0029-680x907.jpg 680w, http:\/\/www.grupo-algeciras.com\/wpress\/wp-content\/uploads\/IMG-20200209-WA0029-624x832.jpg 624w, http:\/\/www.grupo-algeciras.com\/wpress\/wp-content\/uploads\/IMG-20200209-WA0029.jpg 1200w\" sizes=\"auto, (max-width: 225px) 100vw, 225px\" \/><img loading=\"lazy\" decoding=\"async\" class=\"alignnone size-medium wp-image-2213\" src=\"http:\/\/www.grupo-algeciras.com\/wpress\/wp-content\/uploads\/IMG-20200209-WA0026-225x300.jpg\" width=\"225\" height=\"300\" srcset=\"http:\/\/www.grupo-algeciras.com\/wpress\/wp-content\/uploads\/IMG-20200209-WA0026-225x300.jpg 225w, http:\/\/www.grupo-algeciras.com\/wpress\/wp-content\/uploads\/IMG-20200209-WA0026-768x1024.jpg 768w, http:\/\/www.grupo-algeciras.com\/wpress\/wp-content\/uploads\/IMG-20200209-WA0026-680x907.jpg 680w, http:\/\/www.grupo-algeciras.com\/wpress\/wp-content\/uploads\/IMG-20200209-WA0026-624x832.jpg 624w, http:\/\/www.grupo-algeciras.com\/wpress\/wp-content\/uploads\/IMG-20200209-WA0026.jpg 1200w\" sizes=\"auto, (max-width: 225px) 100vw, 225px\" \/><\/p>\n<h1 style=\"text-align: center;\"><span style=\"color: #0000ff;\">Exposici\u00f3n de Notafilia \u00abBilletes de Espa\u00f1a\u00bb<\/span><\/h1>\n<p>El viernes 7 de febrero en nuestro local social tuvo lugar la inauguraci\u00f3n de la Exposici\u00f3n de Billetes del Espa\u00f1a de nuestro socio D. Manuel Riscard Delgado.<\/p>\n<p>La Muestra hace un recorrido de los billetes emitidos por nuestro pais a trav\u00e9s del tiempo hasta terminar con los billetes comunitgarios de \u20acuros.<\/p>\n<p>El Grupo ha enviado a todos los socios una tarjeta en invitaci\u00f3n con el matasellos tur\u00edstico, para recordarles el Evento y que puedan visitar esta Muestra de nuestro querido socio. Por los doce cuadros de los que se compone la colecci\u00f3n de billetes se hace un recorrido de los billetes de los \u00faltimos doscientos a\u00f1os, con una esmerada presentaci\u00f3n que la hace muy atgractiva al visitante.<\/p>\n<p>La Muestra estar\u00e1 expuesta hasta primeros de marzo.<\/p>\n<p><img loading=\"lazy\" decoding=\"async\" class=\"alignnone wp-image-2190 size-large\" src=\"http:\/\/www.grupo-algeciras.com\/wpress\/wp-content\/uploads\/20200204_191838-680x383.jpg\" alt=\"\" width=\"625\" height=\"352\" srcset=\"http:\/\/www.grupo-algeciras.com\/wpress\/wp-content\/uploads\/20200204_191838-680x383.jpg 680w, http:\/\/www.grupo-algeciras.com\/wpress\/wp-content\/uploads\/20200204_191838-300x169.jpg 300w, http:\/\/www.grupo-algeciras.com\/wpress\/wp-content\/uploads\/20200204_191838-768x432.jpg 768w, http:\/\/www.grupo-algeciras.com\/wpress\/wp-content\/uploads\/20200204_191838-624x351.jpg 624w\" sizes=\"auto, (max-width: 625px) 100vw, 625px\" \/> <img loading=\"lazy\" decoding=\"async\" class=\"alignnone size-medium wp-image-2191\" src=\"http:\/\/www.grupo-algeciras.com\/wpress\/wp-content\/uploads\/20200207_204530-300x169.jpg\" width=\"310\" height=\"174\" srcset=\"http:\/\/www.grupo-algeciras.com\/wpress\/wp-content\/uploads\/20200207_204530-300x169.jpg 300w, http:\/\/www.grupo-algeciras.com\/wpress\/wp-content\/uploads\/20200207_204530-768x432.jpg 768w, http:\/\/www.grupo-algeciras.com\/wpress\/wp-content\/uploads\/20200207_204530-680x383.jpg 680w, http:\/\/www.grupo-algeciras.com\/wpress\/wp-content\/uploads\/20200207_204530-624x351.jpg 624w\" sizes=\"auto, (max-width: 310px) 100vw, 310px\" \/> <img loading=\"lazy\" decoding=\"async\" class=\"alignnone size-medium wp-image-2192\" src=\"http:\/\/www.grupo-algeciras.com\/wpress\/wp-content\/uploads\/IMG-20200207-WA0015-300x166.jpg\" width=\"310\" height=\"171\" srcset=\"http:\/\/www.grupo-algeciras.com\/wpress\/wp-content\/uploads\/IMG-20200207-WA0015-300x166.jpg 300w, http:\/\/www.grupo-algeciras.com\/wpress\/wp-content\/uploads\/IMG-20200207-WA0015-768x424.jpg 768w, http:\/\/www.grupo-algeciras.com\/wpress\/wp-content\/uploads\/IMG-20200207-WA0015-680x376.jpg 680w, http:\/\/www.grupo-algeciras.com\/wpress\/wp-content\/uploads\/IMG-20200207-WA0015-624x345.jpg 624w, http:\/\/www.grupo-algeciras.com\/wpress\/wp-content\/uploads\/IMG-20200207-WA0015.jpg 1600w\" sizes=\"auto, (max-width: 310px) 100vw, 310px\" \/><\/p>\n<h1 style=\"text-align: center;\"><span style=\"color: #0000ff;\">Revista Almoraima n\u00ba 51<\/span><\/h1>\n<p>Editada por el Instituto de Estudios Campogibraltare\u00f1os, podemos enriquecernos con varios estudios sobre el Campo de Gibraltar, el \u00edndice se encuentra en la portada y se puede conseguir en las oficinas de la Mancomunidad de Municipios en el parque de las Acacias entrada por la calle Emilio Burgos.<\/p>\n<p style=\"text-align: justify;\"><img loading=\"lazy\" decoding=\"async\" class=\" wp-image-2184 aligncenter\" src=\"http:\/\/www.grupo-algeciras.com\/wpress\/wp-content\/uploads\/Almoraima-213x300.jpg\" alt=\"\" width=\"265\" height=\"376\" \/><\/p>\n<p>Entre los art\u00edculos se encuentran:<\/p>\n<p>Mariano Bertuchi y el campo de Gibraltar de Jos\u00e9 Antonio Pleguezuelos S\u00e1nchez,\u00a0 Excavaci\u00f3n arqueol\u00f3gica en el parque de las Acacias de Rafael Jim\u00e9nez e historia de los ferrocarriles (frustados) del Campo de Gibraltar de Antonio Benitez, entre otros.<\/p>\n<h1 style=\"text-align: center;\"><span style=\"color: #0000ff;\">Exposici\u00f3n Filat\u00e9lica. <\/span><\/h1>\n<h1 style=\"text-align: center;\"><span style=\"color: #0000ff;\">Carnets de Prestigio de Gran Breta\u00f1a, siglo XX<\/span><\/h1>\n<p style=\"text-align: justify;\">El d\u00eda 12 de noviembre se inaugur\u00f3 la Exposici\u00f3n Filat\u00e9lica de nuestro socio Jos\u00e9 Carlos Jim\u00e9nez Mombiedro, dedicada a los carnets de prestigio de Gran Breta\u00f1a siglo XX.<\/p>\n<p style=\"text-align: justify;\">La Muestra estar\u00e1 abierta hasta el d\u00eda 20 de diciembre, dando por finalizada el siglo de Exposiciones que el Grupo Filat\u00e9lico ha venido presentando en este a\u00f1o 2019.<\/p>\n<p style=\"text-align: justify;\">Jos\u00e9 Carlos, gran coleccionista del tema Gran Breta\u00f1a, nos presenta los carnets Prestigio (Prestige Books) en nuevo y en sus respectivos sobres primer d\u00eda, haciendo una Exposici\u00f3n vistosa y agradable de ver.<\/p>\n<p style=\"text-align: justify;\">El anuncio de la Muestra lo ha publicitado el Grupo a trav\u00e9s de una tarjeta postal con la imagen del expositor, enviada a todos los socios y amigos de nuestro Grupo Filat\u00e9lico, con el matasellos tur\u00edstico de la ciudad.<\/p>\n<p><img loading=\"lazy\" decoding=\"async\" class=\"alignnone size-medium wp-image-2163\" src=\"http:\/\/www.grupo-algeciras.com\/wpress\/wp-content\/uploads\/IMG-20191112-WA0059-300x129.jpg\" width=\"550\" height=\"237\" srcset=\"http:\/\/www.grupo-algeciras.com\/wpress\/wp-content\/uploads\/IMG-20191112-WA0059-300x129.jpg 300w, http:\/\/www.grupo-algeciras.com\/wpress\/wp-content\/uploads\/IMG-20191112-WA0059-768x332.jpg 768w, http:\/\/www.grupo-algeciras.com\/wpress\/wp-content\/uploads\/IMG-20191112-WA0059-680x294.jpg 680w, http:\/\/www.grupo-algeciras.com\/wpress\/wp-content\/uploads\/IMG-20191112-WA0059-624x269.jpg 624w, http:\/\/www.grupo-algeciras.com\/wpress\/wp-content\/uploads\/IMG-20191112-WA0059.jpg 2048w\" sizes=\"auto, (max-width: 550px) 100vw, 550px\" \/><\/p>\n<p><img loading=\"lazy\" decoding=\"async\" class=\"alignnone size-medium wp-image-2162\" src=\"http:\/\/www.grupo-algeciras.com\/wpress\/wp-content\/uploads\/IMG-20191112-WA0056-300x162.jpg\" width=\"300\" height=\"162\" srcset=\"http:\/\/www.grupo-algeciras.com\/wpress\/wp-content\/uploads\/IMG-20191112-WA0056-300x162.jpg 300w, http:\/\/www.grupo-algeciras.com\/wpress\/wp-content\/uploads\/IMG-20191112-WA0056-768x415.jpg 768w, http:\/\/www.grupo-algeciras.com\/wpress\/wp-content\/uploads\/IMG-20191112-WA0056-680x367.jpg 680w, http:\/\/www.grupo-algeciras.com\/wpress\/wp-content\/uploads\/IMG-20191112-WA0056-624x337.jpg 624w, http:\/\/www.grupo-algeciras.com\/wpress\/wp-content\/uploads\/IMG-20191112-WA0056.jpg 1664w\" sizes=\"auto, (max-width: 300px) 100vw, 300px\" \/> <img loading=\"lazy\" decoding=\"async\" class=\"alignnone size-medium wp-image-2165\" src=\"http:\/\/www.grupo-algeciras.com\/wpress\/wp-content\/uploads\/IMG-20191112-WA0061-300x146.jpg\" width=\"319\" height=\"155\" srcset=\"http:\/\/www.grupo-algeciras.com\/wpress\/wp-content\/uploads\/IMG-20191112-WA0061-300x146.jpg 300w, http:\/\/www.grupo-algeciras.com\/wpress\/wp-content\/uploads\/IMG-20191112-WA0061-768x373.jpg 768w, http:\/\/www.grupo-algeciras.com\/wpress\/wp-content\/uploads\/IMG-20191112-WA0061-680x330.jpg 680w, http:\/\/www.grupo-algeciras.com\/wpress\/wp-content\/uploads\/IMG-20191112-WA0061-624x303.jpg 624w, http:\/\/www.grupo-algeciras.com\/wpress\/wp-content\/uploads\/IMG-20191112-WA0061.jpg 2048w\" sizes=\"auto, (max-width: 319px) 100vw, 319px\" \/> <img loading=\"lazy\" decoding=\"async\" class=\"alignnone size-medium wp-image-2164\" src=\"http:\/\/www.grupo-algeciras.com\/wpress\/wp-content\/uploads\/IMG-20191112-WA0060-300x146.jpg\" width=\"298\" height=\"145\" srcset=\"http:\/\/www.grupo-algeciras.com\/wpress\/wp-content\/uploads\/IMG-20191112-WA0060-300x146.jpg 300w, http:\/\/www.grupo-algeciras.com\/wpress\/wp-content\/uploads\/IMG-20191112-WA0060-768x373.jpg 768w, http:\/\/www.grupo-algeciras.com\/wpress\/wp-content\/uploads\/IMG-20191112-WA0060-680x330.jpg 680w, http:\/\/www.grupo-algeciras.com\/wpress\/wp-content\/uploads\/IMG-20191112-WA0060-624x303.jpg 624w, http:\/\/www.grupo-algeciras.com\/wpress\/wp-content\/uploads\/IMG-20191112-WA0060.jpg 2048w\" sizes=\"auto, (max-width: 298px) 100vw, 298px\" \/>\u00a0\u00a0<img loading=\"lazy\" decoding=\"async\" class=\"alignnone size-medium wp-image-2168\" src=\"http:\/\/www.grupo-algeciras.com\/wpress\/wp-content\/uploads\/IMG-20191112-WA0058-300x146.jpg\" width=\"298\" height=\"145\" srcset=\"http:\/\/www.grupo-algeciras.com\/wpress\/wp-content\/uploads\/IMG-20191112-WA0058-300x146.jpg 300w, http:\/\/www.grupo-algeciras.com\/wpress\/wp-content\/uploads\/IMG-20191112-WA0058-768x373.jpg 768w, http:\/\/www.grupo-algeciras.com\/wpress\/wp-content\/uploads\/IMG-20191112-WA0058-680x331.jpg 680w, http:\/\/www.grupo-algeciras.com\/wpress\/wp-content\/uploads\/IMG-20191112-WA0058-624x303.jpg 624w, http:\/\/www.grupo-algeciras.com\/wpress\/wp-content\/uploads\/IMG-20191112-WA0058.jpg 2016w\" sizes=\"auto, (max-width: 298px) 100vw, 298px\" \/><\/p>\n<h1><span style=\"color: #0000ff;\">Exposici\u00f3n Filat\u00e9lica, personajes, flora y fauna de EE.UU<\/span><\/h1>\n<p style=\"text-align: justify;\">El d\u00eda 4 se instal\u00f3 e inaugur\u00f3 la Exposici\u00f3n filat\u00e9lica cuyo titular Jos\u00e9 Luis Rubio Rodr\u00edguez, tuvo la deferencia de mostrarnos en nuestro local social de la avenida de las Fuerzas Armadas, 28-30, bajos y que estar\u00e1 instalada hasta los primeros d\u00edas del mes de octubre.<\/p>\n<p style=\"text-align: justify;\">Como no pod\u00eda ser menos, Jos\u00e9 Luis nos ha tra\u00eddo sobres primer d\u00eda, que es su especialidad, de los personajes, flora y fauna de los Estados Unidos de Norte Am\u00e9rica. Jos\u00e9 Luis con sus 8\u2026 a\u00f1os siguen muy activo y colaborando\u00a0 con el Grupo y no deja pasar los d\u00edas sin que trabaje en sus hojas para poder luego mostrarlas con mucho orgullo a todos los socios y simpatizantes que se acerquen a admirar su colecci\u00f3n.<\/p>\n<p style=\"text-align: justify;\">Como en otras ocasiones el Grupo va a enviar a todos los socios una tarjeta con el matasellos tur\u00edstico de la ciudad para recordarles y perpetuar el Evento.<\/p>\n<p><img loading=\"lazy\" decoding=\"async\" class=\"alignnone size-medium wp-image-2155\" src=\"http:\/\/www.grupo-algeciras.com\/wpress\/wp-content\/uploads\/IMG-20191004-WA0020-300x169.jpg\" width=\"320\" height=\"180\" srcset=\"http:\/\/www.grupo-algeciras.com\/wpress\/wp-content\/uploads\/IMG-20191004-WA0020-300x169.jpg 300w, http:\/\/www.grupo-algeciras.com\/wpress\/wp-content\/uploads\/IMG-20191004-WA0020-768x432.jpg 768w, http:\/\/www.grupo-algeciras.com\/wpress\/wp-content\/uploads\/IMG-20191004-WA0020-680x383.jpg 680w, http:\/\/www.grupo-algeciras.com\/wpress\/wp-content\/uploads\/IMG-20191004-WA0020-624x351.jpg 624w, http:\/\/www.grupo-algeciras.com\/wpress\/wp-content\/uploads\/IMG-20191004-WA0020.jpg 1600w\" sizes=\"auto, (max-width: 320px) 100vw, 320px\" \/>\u00a0 \u00a0<img loading=\"lazy\" decoding=\"async\" class=\"alignnone size-medium wp-image-2156\" src=\"http:\/\/www.grupo-algeciras.com\/wpress\/wp-content\/uploads\/IMG-20191004-WA0017-300x186.jpeg\" width=\"295\" height=\"183\" srcset=\"http:\/\/www.grupo-algeciras.com\/wpress\/wp-content\/uploads\/IMG-20191004-WA0017-300x186.jpeg 300w, http:\/\/www.grupo-algeciras.com\/wpress\/wp-content\/uploads\/IMG-20191004-WA0017-768x476.jpeg 768w, http:\/\/www.grupo-algeciras.com\/wpress\/wp-content\/uploads\/IMG-20191004-WA0017-680x421.jpeg 680w, http:\/\/www.grupo-algeciras.com\/wpress\/wp-content\/uploads\/IMG-20191004-WA0017-624x387.jpeg 624w\" sizes=\"auto, (max-width: 295px) 100vw, 295px\" \/><\/p>\n<p><img loading=\"lazy\" decoding=\"async\" class=\"alignnone size-medium wp-image-2154\" src=\"http:\/\/www.grupo-algeciras.com\/wpress\/wp-content\/uploads\/IMG-20191004-WA0019-300x169.jpg\" width=\"320\" height=\"180\" srcset=\"http:\/\/www.grupo-algeciras.com\/wpress\/wp-content\/uploads\/IMG-20191004-WA0019-300x169.jpg 300w, http:\/\/www.grupo-algeciras.com\/wpress\/wp-content\/uploads\/IMG-20191004-WA0019-768x432.jpg 768w, http:\/\/www.grupo-algeciras.com\/wpress\/wp-content\/uploads\/IMG-20191004-WA0019-680x383.jpg 680w, http:\/\/www.grupo-algeciras.com\/wpress\/wp-content\/uploads\/IMG-20191004-WA0019-624x351.jpg 624w, http:\/\/www.grupo-algeciras.com\/wpress\/wp-content\/uploads\/IMG-20191004-WA0019.jpg 1600w\" sizes=\"auto, (max-width: 320px) 100vw, 320px\" \/>\u00a0\u00a0<img loading=\"lazy\" decoding=\"async\" class=\"alignnone size-medium wp-image-2157\" src=\"http:\/\/www.grupo-algeciras.com\/wpress\/wp-content\/uploads\/IMG-20191004-WA0015-300x180.jpeg\" width=\"300\" height=\"180\" srcset=\"http:\/\/www.grupo-algeciras.com\/wpress\/wp-content\/uploads\/IMG-20191004-WA0015-300x180.jpeg 300w, http:\/\/www.grupo-algeciras.com\/wpress\/wp-content\/uploads\/IMG-20191004-WA0015-768x460.jpeg 768w, http:\/\/www.grupo-algeciras.com\/wpress\/wp-content\/uploads\/IMG-20191004-WA0015-680x408.jpeg 680w, http:\/\/www.grupo-algeciras.com\/wpress\/wp-content\/uploads\/IMG-20191004-WA0015-624x374.jpeg 624w\" sizes=\"auto, (max-width: 300px) 100vw, 300px\" \/><\/p>\n<h1><span style=\"color: #0000ff;\">Exposici\u00f3n Coleccionismo \u00abEtiquetas de Cervezas\u00bb<\/span><\/h1>\n<p style=\"text-align: justify;\">Reanudadas nuestras reuniones hoy d\u00eda 6 de septiembre, despu\u00e9s del par\u00e9ntesis veraniego, aunque siguen las altas temperaturas, nuestros socios siguen animados en exponer y como no pod\u00eda ser menos nuestro Grupo Filat\u00e9lico y Numism\u00e1tico de Algeciras ha comenzado este septiembre con una nueva Exposici\u00f3n.<\/p>\n<p style=\"text-align: justify;\">En esta ocasi\u00f3n le ha tocado a las \u201cEtiquetas de cerveza\u201d colecci\u00f3n de nuestro socio Manuel Riscart Delgado, quien colecciona de todo lo coleccionable. La Muestra se desarrolla muy especialmente en las etiquetas de Polonia y una peque\u00f1a parte e la Rep\u00fablica Checa.<\/p>\n<p style=\"text-align: justify;\">Se ha notado el alto inter\u00e9s en comenzar nuestras reuniones y las Exposiciones ya que han acudido a la llamada de la junta directiva para asistir a esta Muestra tan interesante.<\/p>\n<p style=\"text-align: justify;\">La Exposici\u00f3n permanecer\u00e1 abierta hasta mediados del mes de octubre, cuando se proceder\u00e1 a la pr\u00f3xima Muestra.<\/p>\n<p><img loading=\"lazy\" decoding=\"async\" class=\"alignnone wp-image-2143 \" src=\"http:\/\/www.grupo-algeciras.com\/wpress\/wp-content\/uploads\/1-680x383.jpg\" alt=\"\" width=\"598\" height=\"340\" \/>\u00a0<img loading=\"lazy\" decoding=\"async\" class=\"alignnone size-medium wp-image-2146\" style=\"font-size: 1rem;\" src=\"http:\/\/www.grupo-algeciras.com\/wpress\/wp-content\/uploads\/4-300x169.jpg\" alt=\"\" width=\"300\" height=\"169\" srcset=\"http:\/\/www.grupo-algeciras.com\/wpress\/wp-content\/uploads\/4-300x169.jpg 300w, http:\/\/www.grupo-algeciras.com\/wpress\/wp-content\/uploads\/4-768x432.jpg 768w, http:\/\/www.grupo-algeciras.com\/wpress\/wp-content\/uploads\/4-680x383.jpg 680w, http:\/\/www.grupo-algeciras.com\/wpress\/wp-content\/uploads\/4-624x351.jpg 624w\" sizes=\"auto, (max-width: 300px) 100vw, 300px\" \/><img loading=\"lazy\" decoding=\"async\" class=\"alignnone size-medium wp-image-2144\" style=\"font-size: 1rem;\" src=\"http:\/\/www.grupo-algeciras.com\/wpress\/wp-content\/uploads\/2-300x169.jpg\" alt=\"\" width=\"300\" height=\"169\" srcset=\"http:\/\/www.grupo-algeciras.com\/wpress\/wp-content\/uploads\/2-300x169.jpg 300w, http:\/\/www.grupo-algeciras.com\/wpress\/wp-content\/uploads\/2-768x432.jpg 768w, http:\/\/www.grupo-algeciras.com\/wpress\/wp-content\/uploads\/2-680x383.jpg 680w, http:\/\/www.grupo-algeciras.com\/wpress\/wp-content\/uploads\/2-624x351.jpg 624w\" sizes=\"auto, (max-width: 300px) 100vw, 300px\" \/> <img loading=\"lazy\" decoding=\"async\" class=\"alignnone size-medium wp-image-2145\" style=\"font-size: 1rem;\" src=\"http:\/\/www.grupo-algeciras.com\/wpress\/wp-content\/uploads\/3-300x146.jpg\" alt=\"\" width=\"300\" height=\"146\" srcset=\"http:\/\/www.grupo-algeciras.com\/wpress\/wp-content\/uploads\/3-300x146.jpg 300w, http:\/\/www.grupo-algeciras.com\/wpress\/wp-content\/uploads\/3-768x373.jpg 768w, http:\/\/www.grupo-algeciras.com\/wpress\/wp-content\/uploads\/3-680x330.jpg 680w, http:\/\/www.grupo-algeciras.com\/wpress\/wp-content\/uploads\/3-624x303.jpg 624w, http:\/\/www.grupo-algeciras.com\/wpress\/wp-content\/uploads\/3.jpg 1600w\" sizes=\"auto, (max-width: 300px) 100vw, 300px\" \/> <span style=\"font-size: 1rem;\">\u00a0<\/span><img loading=\"lazy\" decoding=\"async\" class=\"alignnone size-medium wp-image-2147\" style=\"font-size: 1rem;\" src=\"http:\/\/www.grupo-algeciras.com\/wpress\/wp-content\/uploads\/5-300x169.jpg\" alt=\"\" width=\"300\" height=\"169\" srcset=\"http:\/\/www.grupo-algeciras.com\/wpress\/wp-content\/uploads\/5-300x169.jpg 300w, http:\/\/www.grupo-algeciras.com\/wpress\/wp-content\/uploads\/5-768x432.jpg 768w, http:\/\/www.grupo-algeciras.com\/wpress\/wp-content\/uploads\/5-680x383.jpg 680w, http:\/\/www.grupo-algeciras.com\/wpress\/wp-content\/uploads\/5-624x351.jpg 624w\" sizes=\"auto, (max-width: 300px) 100vw, 300px\" \/><\/p>\n<h1><span style=\"color: #0000ff;\">Exposici\u00f3n Filat\u00e9lica y de Coleccionismo<\/span><\/h1>\n<p>D\u00eda 3 de mayo a las 20,00 horas se celebra la inauguraci\u00f3n de esta Exposici\u00f3n, en esta ocasi\u00f3n con ocho expositores, que nos han ense\u00f1ado \u00abalgo\u00bb de sus cosas interesantes y que normalmente no se exponen o que se ha hecho por primera vez. Para poder participar todos los socios que lo habian solicitado, se ha tenido que limitar el n\u00famero de los cuadros a exponer.<\/p>\n<p>Para esta ocasi\u00f3n el Grupo ha editado la postal conmemorativa del Evento que representa las cuatro im\u00e1genes que este a\u00f1o se plasmar\u00e1n en sellos personalizados.<\/p>\n<p>En el dorso de la tarjeta sobre un fondo de un matasellos de Algeciras sobre el cuatro cuartos, se incluyen los nombre y colecciones expuestas.<\/p>\n<p>&nbsp;<\/p>\n<p><img loading=\"lazy\" decoding=\"async\" class=\"alignnone size-medium wp-image-2113\" src=\"http:\/\/www.grupo-algeciras.com\/wpress\/wp-content\/uploads\/Juan-Y-Juan-Villegas-300x146.jpg\" alt=\"\" width=\"300\" height=\"146\" srcset=\"http:\/\/www.grupo-algeciras.com\/wpress\/wp-content\/uploads\/Juan-Y-Juan-Villegas-300x146.jpg 300w, http:\/\/www.grupo-algeciras.com\/wpress\/wp-content\/uploads\/Juan-Y-Juan-Villegas-768x373.jpg 768w, http:\/\/www.grupo-algeciras.com\/wpress\/wp-content\/uploads\/Juan-Y-Juan-Villegas-680x331.jpg 680w, http:\/\/www.grupo-algeciras.com\/wpress\/wp-content\/uploads\/Juan-Y-Juan-Villegas-624x303.jpg 624w, http:\/\/www.grupo-algeciras.com\/wpress\/wp-content\/uploads\/Juan-Y-Juan-Villegas.jpg 1080w\" sizes=\"auto, (max-width: 300px) 100vw, 300px\" \/> <img loading=\"lazy\" decoding=\"async\" class=\"alignnone size-medium wp-image-2112\" src=\"http:\/\/www.grupo-algeciras.com\/wpress\/wp-content\/uploads\/Ram\u00f3n-L\u00f3pez-copia-300x146.jpg\" alt=\"\" width=\"300\" height=\"146\" srcset=\"http:\/\/www.grupo-algeciras.com\/wpress\/wp-content\/uploads\/Ram\u00f3n-L\u00f3pez-copia-300x146.jpg 300w, http:\/\/www.grupo-algeciras.com\/wpress\/wp-content\/uploads\/Ram\u00f3n-L\u00f3pez-copia-768x373.jpg 768w, http:\/\/www.grupo-algeciras.com\/wpress\/wp-content\/uploads\/Ram\u00f3n-L\u00f3pez-copia-680x331.jpg 680w, http:\/\/www.grupo-algeciras.com\/wpress\/wp-content\/uploads\/Ram\u00f3n-L\u00f3pez-copia-624x303.jpg 624w, http:\/\/www.grupo-algeciras.com\/wpress\/wp-content\/uploads\/Ram\u00f3n-L\u00f3pez-copia.jpg 1080w\" sizes=\"auto, (max-width: 300px) 100vw, 300px\" \/> <img loading=\"lazy\" decoding=\"async\" class=\"alignnone size-medium wp-image-2111\" src=\"http:\/\/www.grupo-algeciras.com\/wpress\/wp-content\/uploads\/Manuel-Tovar-copia-300x146.jpg\" alt=\"\" width=\"300\" height=\"146\" srcset=\"http:\/\/www.grupo-algeciras.com\/wpress\/wp-content\/uploads\/Manuel-Tovar-copia-300x146.jpg 300w, http:\/\/www.grupo-algeciras.com\/wpress\/wp-content\/uploads\/Manuel-Tovar-copia-768x373.jpg 768w, http:\/\/www.grupo-algeciras.com\/wpress\/wp-content\/uploads\/Manuel-Tovar-copia-680x331.jpg 680w, http:\/\/www.grupo-algeciras.com\/wpress\/wp-content\/uploads\/Manuel-Tovar-copia-624x303.jpg 624w, http:\/\/www.grupo-algeciras.com\/wpress\/wp-content\/uploads\/Manuel-Tovar-copia.jpg 1080w\" sizes=\"auto, (max-width: 300px) 100vw, 300px\" \/> <img loading=\"lazy\" decoding=\"async\" class=\"alignnone size-medium wp-image-2110\" src=\"http:\/\/www.grupo-algeciras.com\/wpress\/wp-content\/uploads\/Juan-Pan\u00e9s-copia-300x146.jpg\" alt=\"\" width=\"300\" height=\"146\" srcset=\"http:\/\/www.grupo-algeciras.com\/wpress\/wp-content\/uploads\/Juan-Pan\u00e9s-copia-300x146.jpg 300w, http:\/\/www.grupo-algeciras.com\/wpress\/wp-content\/uploads\/Juan-Pan\u00e9s-copia-768x373.jpg 768w, http:\/\/www.grupo-algeciras.com\/wpress\/wp-content\/uploads\/Juan-Pan\u00e9s-copia-680x331.jpg 680w, http:\/\/www.grupo-algeciras.com\/wpress\/wp-content\/uploads\/Juan-Pan\u00e9s-copia-624x303.jpg 624w, http:\/\/www.grupo-algeciras.com\/wpress\/wp-content\/uploads\/Juan-Pan\u00e9s-copia.jpg 1080w\" sizes=\"auto, (max-width: 300px) 100vw, 300px\" \/> <img loading=\"lazy\" decoding=\"async\" class=\"alignnone size-medium wp-image-2109\" src=\"http:\/\/www.grupo-algeciras.com\/wpress\/wp-content\/uploads\/Juan-Montes-copia-300x146.jpg\" alt=\"\" width=\"300\" height=\"146\" srcset=\"http:\/\/www.grupo-algeciras.com\/wpress\/wp-content\/uploads\/Juan-Montes-copia-300x146.jpg 300w, http:\/\/www.grupo-algeciras.com\/wpress\/wp-content\/uploads\/Juan-Montes-copia-768x373.jpg 768w, http:\/\/www.grupo-algeciras.com\/wpress\/wp-content\/uploads\/Juan-Montes-copia-680x331.jpg 680w, http:\/\/www.grupo-algeciras.com\/wpress\/wp-content\/uploads\/Juan-Montes-copia-624x303.jpg 624w, http:\/\/www.grupo-algeciras.com\/wpress\/wp-content\/uploads\/Juan-Montes-copia.jpg 1080w\" sizes=\"auto, (max-width: 300px) 100vw, 300px\" \/> <img loading=\"lazy\" decoding=\"async\" class=\"alignnone size-medium wp-image-2108\" src=\"http:\/\/www.grupo-algeciras.com\/wpress\/wp-content\/uploads\/Jos\u00e9-Luis-Rubio-copia-300x146.jpg\" alt=\"\" width=\"300\" height=\"146\" srcset=\"http:\/\/www.grupo-algeciras.com\/wpress\/wp-content\/uploads\/Jos\u00e9-Luis-Rubio-copia-300x146.jpg 300w, http:\/\/www.grupo-algeciras.com\/wpress\/wp-content\/uploads\/Jos\u00e9-Luis-Rubio-copia-768x373.jpg 768w, http:\/\/www.grupo-algeciras.com\/wpress\/wp-content\/uploads\/Jos\u00e9-Luis-Rubio-copia-680x331.jpg 680w, http:\/\/www.grupo-algeciras.com\/wpress\/wp-content\/uploads\/Jos\u00e9-Luis-Rubio-copia-624x303.jpg 624w, http:\/\/www.grupo-algeciras.com\/wpress\/wp-content\/uploads\/Jos\u00e9-Luis-Rubio-copia.jpg 1080w\" sizes=\"auto, (max-width: 300px) 100vw, 300px\" \/> \u00a0<img loading=\"lazy\" decoding=\"async\" class=\"alignnone size-medium wp-image-2106\" src=\"http:\/\/www.grupo-algeciras.com\/wpress\/wp-content\/uploads\/Carlos-Jimenez-copia-300x146.jpg\" alt=\"\" width=\"300\" height=\"146\" srcset=\"http:\/\/www.grupo-algeciras.com\/wpress\/wp-content\/uploads\/Carlos-Jimenez-copia-300x146.jpg 300w, http:\/\/www.grupo-algeciras.com\/wpress\/wp-content\/uploads\/Carlos-Jimenez-copia-768x373.jpg 768w, http:\/\/www.grupo-algeciras.com\/wpress\/wp-content\/uploads\/Carlos-Jimenez-copia-680x331.jpg 680w, http:\/\/www.grupo-algeciras.com\/wpress\/wp-content\/uploads\/Carlos-Jimenez-copia-624x303.jpg 624w, http:\/\/www.grupo-algeciras.com\/wpress\/wp-content\/uploads\/Carlos-Jimenez-copia.jpg 1080w\" sizes=\"auto, (max-width: 300px) 100vw, 300px\" \/><img loading=\"lazy\" decoding=\"async\" class=\"alignnone size-medium wp-image-2105\" style=\"font-size: 1rem;\" src=\"http:\/\/www.grupo-algeciras.com\/wpress\/wp-content\/uploads\/Andr\u00e9s-Andrades-copia-300x146.jpg\" alt=\"\" width=\"300\" height=\"146\" srcset=\"http:\/\/www.grupo-algeciras.com\/wpress\/wp-content\/uploads\/Andr\u00e9s-Andrades-copia-300x146.jpg 300w, http:\/\/www.grupo-algeciras.com\/wpress\/wp-content\/uploads\/Andr\u00e9s-Andrades-copia-768x373.jpg 768w, http:\/\/www.grupo-algeciras.com\/wpress\/wp-content\/uploads\/Andr\u00e9s-Andrades-copia-680x331.jpg 680w, http:\/\/www.grupo-algeciras.com\/wpress\/wp-content\/uploads\/Andr\u00e9s-Andrades-copia-624x303.jpg 624w, http:\/\/www.grupo-algeciras.com\/wpress\/wp-content\/uploads\/Andr\u00e9s-Andrades-copia.jpg 1080w\" sizes=\"auto, (max-width: 300px) 100vw, 300px\" \/>\u00a0 \u00a0 \u00a0 \u00a0 \u00a0 \u00a0 \u00a0 \u00a0 \u00a0 \u00a0 \u00a0 \u00a0 \u00a0 \u00a0 \u00a0 \u00a0 \u00a0 \u00a0 \u00a0 \u00a0 \u00a0<img loading=\"lazy\" decoding=\"async\" class=\"alignnone wp-image-2107\" style=\"font-size: 1rem;\" src=\"http:\/\/www.grupo-algeciras.com\/wpress\/wp-content\/uploads\/Grupo-copia-300x146.jpg\" alt=\"\" width=\"395\" height=\"234\" \/><span style=\"font-size: 1rem;\">\u00a0 \u00a0 \u00a0 \u00a0 \u00a0 \u00a0 \u00a0 \u00a0 \u00a0 \u00a0 \u00a0 \u00a0 \u00a0 \u00a0 \u00a0 \u00a0<\/span><img loading=\"lazy\" decoding=\"async\" class=\" wp-image-2101 aligncenter\" style=\"margin-top: 0.857143rem; margin-bottom: 0.857143rem;\" src=\"http:\/\/www.grupo-algeciras.com\/wpress\/wp-content\/uploads\/Dorso-129-300x213.jpg\" alt=\"\" width=\"335\" height=\"229\" \/><\/p>\n<p>&nbsp;<\/p>\n<p>&nbsp;<\/p>\n<h1><span style=\"color: #0000ff;\">Exposici\u00f3n Filat\u00e9lica \u00abLas guerras de EE.UU\u00bb<\/span><\/h1>\n<p>El nueve de abril\u00a0 ha quedado inaugurada la Exposici\u00f3n Filat\u00e9lica de nuestro socio Jos\u00e9 Luis Rubio Rodriguez, bajo el nombre de \u201cLas guerras de EE.UU\u201d<\/p>\n<p>Jos\u00e9 Luis Rubio es uno de nuestros socios m\u00e1s activos en temas expositivos por lo que se ha convertido en un especialista en historia postal de los EE.UU. Jos\u00e9 Luis tiene todo tipos de documentos y de una gran diversidad, desde los primeros sobres primer d\u00eda hasta los m\u00e1s recientes. Especialista si los hay.<\/p>\n<p>La Muestra permanecer\u00e1 abierta hasta el pr\u00f3ximo d\u00eda 5 de mayo.<\/p>\n<p>Esta es la cuarta Muestra que realiza el Grupo Filat\u00e9lico y Numism\u00e1tico de Algeciras en este a\u00f1o que promete ser interesante por la diversidad de Exposiciones que se est\u00e1n programando. Exposiciones filat\u00e9licas, numism\u00e1ticas, vitolas y etiquetas entre otros temas.<\/p>\n<p><img loading=\"lazy\" decoding=\"async\" class=\"alignnone size-medium wp-image-2094\" src=\"http:\/\/www.grupo-algeciras.com\/wpress\/wp-content\/uploads\/IMG-20190410-WA0007-300x146.jpg\" alt=\"\" width=\"300\" height=\"146\" srcset=\"http:\/\/www.grupo-algeciras.com\/wpress\/wp-content\/uploads\/IMG-20190410-WA0007-300x146.jpg 300w, http:\/\/www.grupo-algeciras.com\/wpress\/wp-content\/uploads\/IMG-20190410-WA0007-768x373.jpg 768w, http:\/\/www.grupo-algeciras.com\/wpress\/wp-content\/uploads\/IMG-20190410-WA0007-680x330.jpg 680w, http:\/\/www.grupo-algeciras.com\/wpress\/wp-content\/uploads\/IMG-20190410-WA0007-624x303.jpg 624w, http:\/\/www.grupo-algeciras.com\/wpress\/wp-content\/uploads\/IMG-20190410-WA0007.jpg 1600w\" sizes=\"auto, (max-width: 300px) 100vw, 300px\" \/> <img loading=\"lazy\" decoding=\"async\" class=\"alignnone size-medium wp-image-2096\" src=\"http:\/\/www.grupo-algeciras.com\/wpress\/wp-content\/uploads\/IMG-20190410-WA0013-300x146.jpg\" alt=\"\" width=\"300\" height=\"146\" srcset=\"http:\/\/www.grupo-algeciras.com\/wpress\/wp-content\/uploads\/IMG-20190410-WA0013-300x146.jpg 300w, http:\/\/www.grupo-algeciras.com\/wpress\/wp-content\/uploads\/IMG-20190410-WA0013-768x373.jpg 768w, http:\/\/www.grupo-algeciras.com\/wpress\/wp-content\/uploads\/IMG-20190410-WA0013-680x330.jpg 680w, http:\/\/www.grupo-algeciras.com\/wpress\/wp-content\/uploads\/IMG-20190410-WA0013-624x303.jpg 624w, http:\/\/www.grupo-algeciras.com\/wpress\/wp-content\/uploads\/IMG-20190410-WA0013.jpg 1600w\" sizes=\"auto, (max-width: 300px) 100vw, 300px\" \/> <img loading=\"lazy\" decoding=\"async\" class=\"alignnone size-medium wp-image-2097\" src=\"http:\/\/www.grupo-algeciras.com\/wpress\/wp-content\/uploads\/IMG-20190410-WA0015-300x146.jpg\" alt=\"\" width=\"300\" height=\"146\" srcset=\"http:\/\/www.grupo-algeciras.com\/wpress\/wp-content\/uploads\/IMG-20190410-WA0015-300x146.jpg 300w, http:\/\/www.grupo-algeciras.com\/wpress\/wp-content\/uploads\/IMG-20190410-WA0015-768x373.jpg 768w, http:\/\/www.grupo-algeciras.com\/wpress\/wp-content\/uploads\/IMG-20190410-WA0015-680x330.jpg 680w, http:\/\/www.grupo-algeciras.com\/wpress\/wp-content\/uploads\/IMG-20190410-WA0015-624x303.jpg 624w, http:\/\/www.grupo-algeciras.com\/wpress\/wp-content\/uploads\/IMG-20190410-WA0015.jpg 1600w\" sizes=\"auto, (max-width: 300px) 100vw, 300px\" \/> <img loading=\"lazy\" decoding=\"async\" class=\"alignnone size-medium wp-image-2095\" src=\"http:\/\/www.grupo-algeciras.com\/wpress\/wp-content\/uploads\/IMG-20190410-WA0011-300x146.jpg\" alt=\"\" width=\"300\" height=\"146\" srcset=\"http:\/\/www.grupo-algeciras.com\/wpress\/wp-content\/uploads\/IMG-20190410-WA0011-300x146.jpg 300w, http:\/\/www.grupo-algeciras.com\/wpress\/wp-content\/uploads\/IMG-20190410-WA0011-768x373.jpg 768w, http:\/\/www.grupo-algeciras.com\/wpress\/wp-content\/uploads\/IMG-20190410-WA0011-680x330.jpg 680w, http:\/\/www.grupo-algeciras.com\/wpress\/wp-content\/uploads\/IMG-20190410-WA0011-624x303.jpg 624w, http:\/\/www.grupo-algeciras.com\/wpress\/wp-content\/uploads\/IMG-20190410-WA0011.jpg 1600w\" sizes=\"auto, (max-width: 300px) 100vw, 300px\" \/><\/p>\n<h1><span style=\"color: #0000ff;\">Exposici\u00f3n El sello en la Vitola\u00a0<\/span><\/h1>\n<p style=\"text-align: justify;\">Hoy 16 de marzo ha quedado montada e inaugurada la Exposici\u00f3n \u00abEl sello en la Vitola\u00bb de nuestro socio Manuel Tovar. La Muestra hace un recorrido por los sellos del tema Europa aplicados a las \u00abVitolas\u00bb Hemos podido apreciar el laborioso trabajo que ha tenido que realizar Manolo para hacer una Exposici\u00f3n digna y sobre todo del agrado de todos los que hemos tenido la suerte de verla esta misma tarde. Es la primera vez que Manolo expone y parece que lo ha estado haciendo toda la vida.<\/p>\n<p>La Muestra permanecer\u00e1 abierta hasta el pr\u00f3ximo d\u00eda 15 de abril.<\/p>\n<p><img loading=\"lazy\" decoding=\"async\" class=\"alignnone size-medium wp-image-2078\" src=\"http:\/\/www.grupo-algeciras.com\/wpress\/wp-content\/uploads\/IMG-20190315-WA0030-300x225.jpg\" width=\"600\" height=\"450\" srcset=\"http:\/\/www.grupo-algeciras.com\/wpress\/wp-content\/uploads\/IMG-20190315-WA0030-300x225.jpg 300w, http:\/\/www.grupo-algeciras.com\/wpress\/wp-content\/uploads\/IMG-20190315-WA0030-768x576.jpg 768w, http:\/\/www.grupo-algeciras.com\/wpress\/wp-content\/uploads\/IMG-20190315-WA0030-680x510.jpg 680w, http:\/\/www.grupo-algeciras.com\/wpress\/wp-content\/uploads\/IMG-20190315-WA0030-624x468.jpg 624w, http:\/\/www.grupo-algeciras.com\/wpress\/wp-content\/uploads\/IMG-20190315-WA0030.jpg 960w\" sizes=\"auto, (max-width: 600px) 100vw, 600px\" \/><\/p>\n<h1><span style=\"color: #0000ff;\">Presentaci\u00f3n del sello personalizado del Cristo Yacente en su 75 aniversario.<\/span><\/h1>\n<p style=\"text-align: justify;\">El d\u00eda 11 a las 19 horas en el Sal\u00f3n de Exposiciones de Cajasur, se ha celebrado el acto de presentaci\u00f3n del sello dedicado al Cristo Yacente, obra del imaginero algecire\u00f1o Jos\u00e9 Rom\u00e1n en su 75 aniversario.<\/p>\n<p style=\"text-align: justify;\">Ante el encargo de la Hermandad del Santo Entierro y Ntra. Sra. de la Soledad, el Grupo Filat\u00e9lico y Numism\u00e1tico de Algeciras solicit\u00f3 a Correos el sello personalizado. El cual a los diez d\u00edas ya estaba en poder de la Hermandad ante la sorpresa por la rapidez en su ejecuci\u00f3n.<\/p>\n<p style=\"text-align: justify;\">El acto de presentaci\u00f3n ha corrido a cargo del Hermano Mayor de la Hermandad D. C\u00e1ndido Romaguera; periodista y locutor de Radio Algeciras de la Cadena SER, presentando a continuaci\u00f3n al Sr. Alcalde de la ciudad D. Jos\u00e9 Ignacio Landaluce, al Presidente del Grupo Filat\u00e9lico local Juan Pan\u00e9s y la Directora de la Oficina Principal de Correos D\u00aa Luc\u00eda Rodr\u00edguez.<\/p>\n<p style=\"text-align: justify;\">Comenz\u00f3 la presentaci\u00f3n Juan Pan\u00e9s explicando los pormenores del sello y el m\u00e9todo a seguir para conseguir que Correos autorice la emisi\u00f3n de este sello, dedicando un espacio al coleccionismo y sobre todo a la utilizaci\u00f3n de los sellos en las cartas y tarjetas postales. A continuaci\u00f3n tom\u00f3 la palabra la Directora de la Oficina de Correos de Algeciras para dar la gracias por la invitaci\u00f3n a tan importante acto, ofreciendo los servicios de Correos a los asistentes y su disposici\u00f3n a atenderles en cuanto necesiten. Posteriomente vuelve a tomar la palabra el presidente del Grupo Filat\u00e9lico para dar las gracias a Correos y en especial al Jefe de Sector de C\u00e1diz por su predisposici\u00f3n a llevar el matasellos tur\u00edstico a la presentaci\u00f3n. Para clausurar el acto toma la palabra el Sr. Alcalde para felicitar a los organizadores\u00a0 y al Grupo Filat\u00e9lico.<\/p>\n<p style=\"text-align: justify;\">El acto finaliza con el matasellado de las tarjetas por las autoridades locales y por los diferentes Hermanos Mayores de las cofrad\u00edas de la ciudad. A continuaci\u00f3n se han regalado un centenar de tarjetas a los asistentes donadas por el Grupo Filat\u00e9lico con el sello del Cristo Yacente.<\/p>\n<p style=\"text-align: justify;\">Se ha contado entre los asistentes con el Teniente Alcalde, Delegada de Cultura, Delegado de Fomento, Delegada de Educaci\u00f3n, Delegada de los Medios de Comunicaci\u00f3n, Delegada de Igualdad y Bienestar Social, Presidente del Consejo Local de Hermandades y Cofrad\u00edas de Algeciras, Hermanos Mayores de las diferentes Hermandades de la ciudad y numeroso p\u00fablico cofrade y filat\u00e9lico.<\/p>\n<p style=\"text-align: justify;\">Los actos se han encuadrados en los varios que se est\u00e1n desarrollando con motivo de la gran Exposici\u00f3n que est\u00e1 llevando a cabo de la Hermandad en el 75 aniversario del Cristo Yacente.<\/p>\n<p><img loading=\"lazy\" decoding=\"async\" class=\"alignnone size-medium wp-image-2068\" src=\"http:\/\/www.grupo-algeciras.com\/wpress\/wp-content\/uploads\/1--300x146.jpg\" alt=\"\" width=\"300\" height=\"146\" srcset=\"http:\/\/www.grupo-algeciras.com\/wpress\/wp-content\/uploads\/1--300x146.jpg 300w, http:\/\/www.grupo-algeciras.com\/wpress\/wp-content\/uploads\/1--768x373.jpg 768w, http:\/\/www.grupo-algeciras.com\/wpress\/wp-content\/uploads\/1--680x330.jpg 680w, http:\/\/www.grupo-algeciras.com\/wpress\/wp-content\/uploads\/1--624x303.jpg 624w, http:\/\/www.grupo-algeciras.com\/wpress\/wp-content\/uploads\/1-.jpg 1600w\" sizes=\"auto, (max-width: 300px) 100vw, 300px\" \/>\u00a0\u00a0<img loading=\"lazy\" decoding=\"async\" class=\"alignnone size-medium wp-image-2069\" src=\"http:\/\/www.grupo-algeciras.com\/wpress\/wp-content\/uploads\/2--300x146.jpg\" alt=\"\" width=\"300\" height=\"146\" srcset=\"http:\/\/www.grupo-algeciras.com\/wpress\/wp-content\/uploads\/2--300x146.jpg 300w, http:\/\/www.grupo-algeciras.com\/wpress\/wp-content\/uploads\/2--768x373.jpg 768w, http:\/\/www.grupo-algeciras.com\/wpress\/wp-content\/uploads\/2--680x330.jpg 680w, http:\/\/www.grupo-algeciras.com\/wpress\/wp-content\/uploads\/2--624x303.jpg 624w, http:\/\/www.grupo-algeciras.com\/wpress\/wp-content\/uploads\/2-.jpg 1600w\" sizes=\"auto, (max-width: 300px) 100vw, 300px\" \/> <img loading=\"lazy\" decoding=\"async\" class=\"alignnone size-medium wp-image-2070\" src=\"http:\/\/www.grupo-algeciras.com\/wpress\/wp-content\/uploads\/3--300x146.jpg\" alt=\"\" width=\"300\" height=\"146\" srcset=\"http:\/\/www.grupo-algeciras.com\/wpress\/wp-content\/uploads\/3--300x146.jpg 300w, http:\/\/www.grupo-algeciras.com\/wpress\/wp-content\/uploads\/3--768x373.jpg 768w, http:\/\/www.grupo-algeciras.com\/wpress\/wp-content\/uploads\/3--680x330.jpg 680w, http:\/\/www.grupo-algeciras.com\/wpress\/wp-content\/uploads\/3--624x303.jpg 624w, http:\/\/www.grupo-algeciras.com\/wpress\/wp-content\/uploads\/3-.jpg 1600w\" sizes=\"auto, (max-width: 300px) 100vw, 300px\" \/>\u00a0\u00a0<img loading=\"lazy\" decoding=\"async\" class=\"alignnone size-medium wp-image-2071\" src=\"http:\/\/www.grupo-algeciras.com\/wpress\/wp-content\/uploads\/4--300x146.jpg\" alt=\"\" width=\"300\" height=\"146\" srcset=\"http:\/\/www.grupo-algeciras.com\/wpress\/wp-content\/uploads\/4--300x146.jpg 300w, http:\/\/www.grupo-algeciras.com\/wpress\/wp-content\/uploads\/4--768x373.jpg 768w, http:\/\/www.grupo-algeciras.com\/wpress\/wp-content\/uploads\/4--680x330.jpg 680w, http:\/\/www.grupo-algeciras.com\/wpress\/wp-content\/uploads\/4--624x303.jpg 624w, http:\/\/www.grupo-algeciras.com\/wpress\/wp-content\/uploads\/4-.jpg 1600w\" sizes=\"auto, (max-width: 300px) 100vw, 300px\" \/><\/p>\n<p><img loading=\"lazy\" decoding=\"async\" class=\"alignnone size-medium wp-image-2072\" src=\"http:\/\/www.grupo-algeciras.com\/wpress\/wp-content\/uploads\/5--300x201.jpg\" width=\"300\" height=\"201\" srcset=\"http:\/\/www.grupo-algeciras.com\/wpress\/wp-content\/uploads\/5--300x201.jpg 300w, http:\/\/www.grupo-algeciras.com\/wpress\/wp-content\/uploads\/5--768x514.jpg 768w, http:\/\/www.grupo-algeciras.com\/wpress\/wp-content\/uploads\/5--680x455.jpg 680w, http:\/\/www.grupo-algeciras.com\/wpress\/wp-content\/uploads\/5--624x418.jpg 624w, http:\/\/www.grupo-algeciras.com\/wpress\/wp-content\/uploads\/5-.jpg 1747w\" sizes=\"auto, (max-width: 300px) 100vw, 300px\" \/>\u00a0<img loading=\"lazy\" decoding=\"async\" class=\"alignnone size-medium wp-image-2073\" style=\"font-size: 1rem;\" src=\"http:\/\/www.grupo-algeciras.com\/wpress\/wp-content\/uploads\/web-del-Ayuntamiento-297x300.jpg\" alt=\"\" width=\"297\" height=\"300\" srcset=\"http:\/\/www.grupo-algeciras.com\/wpress\/wp-content\/uploads\/web-del-Ayuntamiento-297x300.jpg 297w, http:\/\/www.grupo-algeciras.com\/wpress\/wp-content\/uploads\/web-del-Ayuntamiento-768x776.jpg 768w, http:\/\/www.grupo-algeciras.com\/wpress\/wp-content\/uploads\/web-del-Ayuntamiento-680x687.jpg 680w, http:\/\/www.grupo-algeciras.com\/wpress\/wp-content\/uploads\/web-del-Ayuntamiento-624x630.jpg 624w, http:\/\/www.grupo-algeciras.com\/wpress\/wp-content\/uploads\/web-del-Ayuntamiento.jpg 921w\" sizes=\"auto, (max-width: 297px) 100vw, 297px\" \/><\/p>\n<p>Y ya la noticia en la web del Ayuntamiento de Algeciras<\/p>\n<h1 style=\"margin-top: 1.71429rem; margin-bottom: 1.71429rem;\"><span style=\"color: #0000ff;\">Exposici\u00f3n Numism\u00e1tica<\/span><\/h1>\n<p style=\"text-align: justify;\">Siguiendo la din\u00e1mica de dar vida a la Sociedad y dentro del programa anual de Exposiciones, el pasado febrero se inaugur\u00f3 la Exposici\u00f3n Numism\u00e1tica de nuestro socio Manuel Riscart Delgado.<\/p>\n<p style=\"text-align: justify;\">La Muestra que estar\u00e1 abierta durante un mes presenta todas las monedas desde el Estado espa\u00f1ol, pasando por el reinado de Juan Carlos I hasta las \u00faltimas emisiones de Felipe VI.<\/p>\n<p style=\"text-align: justify;\">La Muestra de estas monedas se desarrolla en diez cuadros, expuestas de una manera y forma diferente a las exhibiciones numism\u00e1ticas, se han expuesto de una forma divulgativa y con mucha informaci\u00f3n para todos los p\u00fablicos. La Muestra se hace amena en su visita pues Manolo ha querido que sea para todos.<\/p>\n<p style=\"text-align: justify;\">Hasta el momento el p\u00fablico est\u00e1 asistiendo de forma continuada a pesar de estar ubicado dentro de nuestro local social.<\/p>\n<p style=\"text-align: justify;\">Los socios se han animado al ver esta Muestra y esperan ansiosos el programa preparado para este a\u00f1o.<\/p>\n<p><img loading=\"lazy\" decoding=\"async\" class=\"alignnone size-medium wp-image-2046\" src=\"http:\/\/www.grupo-algeciras.com\/wpress\/wp-content\/uploads\/IMG-20190304-WA0006-300x146.jpg\" width=\"300\" height=\"146\" srcset=\"http:\/\/www.grupo-algeciras.com\/wpress\/wp-content\/uploads\/IMG-20190304-WA0006-300x146.jpg 300w, http:\/\/www.grupo-algeciras.com\/wpress\/wp-content\/uploads\/IMG-20190304-WA0006-768x373.jpg 768w, http:\/\/www.grupo-algeciras.com\/wpress\/wp-content\/uploads\/IMG-20190304-WA0006-680x330.jpg 680w, http:\/\/www.grupo-algeciras.com\/wpress\/wp-content\/uploads\/IMG-20190304-WA0006-624x303.jpg 624w, http:\/\/www.grupo-algeciras.com\/wpress\/wp-content\/uploads\/IMG-20190304-WA0006.jpg 1600w\" sizes=\"auto, (max-width: 300px) 100vw, 300px\" \/> <img loading=\"lazy\" decoding=\"async\" class=\"alignnone size-medium wp-image-2047\" src=\"http:\/\/www.grupo-algeciras.com\/wpress\/wp-content\/uploads\/IMG-20190304-WA0007-300x146.jpg\" width=\"300\" height=\"146\" srcset=\"http:\/\/www.grupo-algeciras.com\/wpress\/wp-content\/uploads\/IMG-20190304-WA0007-300x146.jpg 300w, http:\/\/www.grupo-algeciras.com\/wpress\/wp-content\/uploads\/IMG-20190304-WA0007-768x373.jpg 768w, http:\/\/www.grupo-algeciras.com\/wpress\/wp-content\/uploads\/IMG-20190304-WA0007-680x330.jpg 680w, http:\/\/www.grupo-algeciras.com\/wpress\/wp-content\/uploads\/IMG-20190304-WA0007-624x303.jpg 624w, http:\/\/www.grupo-algeciras.com\/wpress\/wp-content\/uploads\/IMG-20190304-WA0007.jpg 1600w\" sizes=\"auto, (max-width: 300px) 100vw, 300px\" \/> <img loading=\"lazy\" decoding=\"async\" class=\"alignnone size-medium wp-image-2048\" src=\"http:\/\/www.grupo-algeciras.com\/wpress\/wp-content\/uploads\/IMG-20190304-WA0008-300x146.jpg\" width=\"600\" height=\"293\" \/> <img loading=\"lazy\" decoding=\"async\" class=\"alignnone size-medium wp-image-2049\" src=\"http:\/\/www.grupo-algeciras.com\/wpress\/wp-content\/uploads\/IMG-20190304-WA0009-300x146.jpg\" width=\"600\" height=\"293\" \/><\/p>\n<h1 style=\"margin-top: 1.71429rem; margin-bottom: 1.71429rem;\"><span style=\"color: #0000ff;\">Exposici\u00f3n Filat\u00e9lica<\/span><\/h1>\n<p>En primer lugar quiero pedir disculpas por haber tenido abandonado este apartado y no poner antes esta noticia.<\/p>\n<p>Comienza el a\u00f1o y el \u00e1nimo de nuestros socios hacia exponer sus colecciones va en aumento.<\/p>\n<p>En Enero correspondi\u00f3 el turno filat\u00e9lico a sellos bajo el tema \u201cEl imaginario medieval en el arte postal franquista\u201d de nuestro socio Jos\u00e9 Carlos Jim\u00e9nez Mombiedro.<\/p>\n<p>La colecci\u00f3n realiza un recorrido a lo largo de los sellos con un repertorio de im\u00e1genes desde los a\u00f1os de la Guerra Civil\u00a0 hasta comienzos de\u00a0 la d\u00e9cada delos 70\u2019s.-<\/p>\n<p style=\"text-align: justify;\">La utilizaci\u00f3n franquista de los \u201cmitos medievales\u201d &#8211; Im\u00e1genes y s\u00edmbolos provenientes del medioevo al comparar las guerras del 36 con las llevadas a cabo anta\u00f1o, el anhelo de comparaci\u00f3n con los grandes h\u00e9roes y creadores del imperio Espa\u00f1ol como los Reyes Cat\u00f3licos, Isabel y Fernando, El Cid Campeador, Fern\u00e1n Gonzalez y la encarnaci\u00f3n de una figura hacia una cruzada nacional contra las fuerzas externas.<\/p>\n<p style=\"text-align: justify;\">El Cid estuvo presente a lo largo de toda su vida, as\u00ed lo demuestran las series de sellos emitidas con su iconograf\u00eda.<\/p>\n<p style=\"text-align: justify;\">Los Reyes Cat\u00f3licos fueron uno de los grandes mitos de la Espa\u00f1a franquista, simbolizando la unidad de Espa\u00f1a.<\/p>\n<p style=\"text-align: justify;\">Interesante muestra representativa de sellos del estado espa\u00f1ol, que consigui\u00f3 atraer durante este pasado mes tanto a socios como no socios.<\/p>\n<p style=\"text-align: justify;\">Y con el prop\u00f3sito de que nunca falten las exposiciones en nuestra sede social para mantener el esp\u00edritu del coleccionismo, amistad y entretenimiento.<\/p>\n<p><img loading=\"lazy\" decoding=\"async\" class=\"alignnone size-medium wp-image-2054\" src=\"http:\/\/www.grupo-algeciras.com\/wpress\/wp-content\/uploads\/IMG-20190306-WA0016-300x146.jpg\" width=\"600\" height=\"292\" srcset=\"http:\/\/www.grupo-algeciras.com\/wpress\/wp-content\/uploads\/IMG-20190306-WA0016-300x146.jpg 300w, http:\/\/www.grupo-algeciras.com\/wpress\/wp-content\/uploads\/IMG-20190306-WA0016-768x373.jpg 768w, http:\/\/www.grupo-algeciras.com\/wpress\/wp-content\/uploads\/IMG-20190306-WA0016-680x330.jpg 680w, http:\/\/www.grupo-algeciras.com\/wpress\/wp-content\/uploads\/IMG-20190306-WA0016-624x303.jpg 624w, http:\/\/www.grupo-algeciras.com\/wpress\/wp-content\/uploads\/IMG-20190306-WA0016.jpg 1600w\" sizes=\"auto, (max-width: 600px) 100vw, 600px\" \/> <img loading=\"lazy\" decoding=\"async\" class=\"alignnone size-medium wp-image-2055\" src=\"http:\/\/www.grupo-algeciras.com\/wpress\/wp-content\/uploads\/IMG-20190306-WA0019-300x146.jpg\" width=\"600\" height=\"292\" srcset=\"http:\/\/www.grupo-algeciras.com\/wpress\/wp-content\/uploads\/IMG-20190306-WA0019-300x146.jpg 300w, http:\/\/www.grupo-algeciras.com\/wpress\/wp-content\/uploads\/IMG-20190306-WA0019-768x373.jpg 768w, http:\/\/www.grupo-algeciras.com\/wpress\/wp-content\/uploads\/IMG-20190306-WA0019-680x330.jpg 680w, http:\/\/www.grupo-algeciras.com\/wpress\/wp-content\/uploads\/IMG-20190306-WA0019-624x303.jpg 624w, http:\/\/www.grupo-algeciras.com\/wpress\/wp-content\/uploads\/IMG-20190306-WA0019.jpg 1600w\" sizes=\"auto, (max-width: 600px) 100vw, 600px\" \/> <img loading=\"lazy\" decoding=\"async\" class=\"alignnone size-medium wp-image-2056\" src=\"http:\/\/www.grupo-algeciras.com\/wpress\/wp-content\/uploads\/IMG-20190306-WA0020-300x146.jpg\" width=\"600\" height=\"292\" srcset=\"http:\/\/www.grupo-algeciras.com\/wpress\/wp-content\/uploads\/IMG-20190306-WA0020-300x146.jpg 300w, http:\/\/www.grupo-algeciras.com\/wpress\/wp-content\/uploads\/IMG-20190306-WA0020-768x373.jpg 768w, http:\/\/www.grupo-algeciras.com\/wpress\/wp-content\/uploads\/IMG-20190306-WA0020-680x330.jpg 680w, http:\/\/www.grupo-algeciras.com\/wpress\/wp-content\/uploads\/IMG-20190306-WA0020-624x303.jpg 624w, http:\/\/www.grupo-algeciras.com\/wpress\/wp-content\/uploads\/IMG-20190306-WA0020.jpg 1600w\" sizes=\"auto, (max-width: 600px) 100vw, 600px\" \/><\/p>\n<h1><span style=\"color: #0000ff;\">La SEPTIMA Erizada<\/span><\/h1>\n<p style=\"text-align: justify;\">Como no podia ser menos este a\u00f1o tambien aunque algo tarde por las inclemencias del tiempo, al final estuvimos algunos socios y amgios en el Pinar del Rey el domingo 24 de febrero, degustando nuestros erizos, algunos manjares de la tierra y la Paella realizada por nuestro Chef particular. Gracias D. Manuel.<\/p>\n<p><img loading=\"lazy\" decoding=\"async\" class=\"alignnone size-medium wp-image-2060\" src=\"http:\/\/www.grupo-algeciras.com\/wpress\/wp-content\/uploads\/IMG-20190224-WA0010-e1551960698420-300x225.jpeg\" alt=\"\" width=\"300\" height=\"225\" srcset=\"http:\/\/www.grupo-algeciras.com\/wpress\/wp-content\/uploads\/IMG-20190224-WA0010-e1551960698420-300x225.jpeg 300w, http:\/\/www.grupo-algeciras.com\/wpress\/wp-content\/uploads\/IMG-20190224-WA0010-e1551960698420-768x576.jpeg 768w, http:\/\/www.grupo-algeciras.com\/wpress\/wp-content\/uploads\/IMG-20190224-WA0010-e1551960698420-680x510.jpeg 680w, http:\/\/www.grupo-algeciras.com\/wpress\/wp-content\/uploads\/IMG-20190224-WA0010-e1551960698420-624x468.jpeg 624w\" sizes=\"auto, (max-width: 300px) 100vw, 300px\" \/> <img loading=\"lazy\" decoding=\"async\" class=\"alignnone size-medium wp-image-2062\" src=\"http:\/\/www.grupo-algeciras.com\/wpress\/wp-content\/uploads\/IMG-20190224-WA0006-e1551960638165-300x225.jpeg\" width=\"300\" height=\"225\" srcset=\"http:\/\/www.grupo-algeciras.com\/wpress\/wp-content\/uploads\/IMG-20190224-WA0006-e1551960638165-300x225.jpeg 300w, http:\/\/www.grupo-algeciras.com\/wpress\/wp-content\/uploads\/IMG-20190224-WA0006-e1551960638165-768x576.jpeg 768w, http:\/\/www.grupo-algeciras.com\/wpress\/wp-content\/uploads\/IMG-20190224-WA0006-e1551960638165-680x510.jpeg 680w, http:\/\/www.grupo-algeciras.com\/wpress\/wp-content\/uploads\/IMG-20190224-WA0006-e1551960638165-624x468.jpeg 624w\" sizes=\"auto, (max-width: 300px) 100vw, 300px\" \/> <img loading=\"lazy\" decoding=\"async\" class=\"alignnone wp-image-2061\" src=\"http:\/\/www.grupo-algeciras.com\/wpress\/wp-content\/uploads\/IMG-20190224-WA0017-300x169.jpg\" width=\"601\" height=\"322\" \/><\/p>\n<p><img loading=\"lazy\" decoding=\"async\" class=\"alignnone size-medium wp-image-2063\" src=\"http:\/\/www.grupo-algeciras.com\/wpress\/wp-content\/uploads\/IMG-20190224-WA0015-169x300.jpg\" width=\"300\" height=\"533\" srcset=\"http:\/\/www.grupo-algeciras.com\/wpress\/wp-content\/uploads\/IMG-20190224-WA0015-169x300.jpg 169w, http:\/\/www.grupo-algeciras.com\/wpress\/wp-content\/uploads\/IMG-20190224-WA0015-576x1024.jpg 576w, http:\/\/www.grupo-algeciras.com\/wpress\/wp-content\/uploads\/IMG-20190224-WA0015-624x1109.jpg 624w, http:\/\/www.grupo-algeciras.com\/wpress\/wp-content\/uploads\/IMG-20190224-WA0015.jpg 747w\" sizes=\"auto, (max-width: 300px) 100vw, 300px\" \/>\u00a0 \u00a0 \u00a0<img loading=\"lazy\" decoding=\"async\" class=\"alignnone size-medium wp-image-2065\" src=\"http:\/\/www.grupo-algeciras.com\/wpress\/wp-content\/uploads\/IMG-20190224-WA0011-169x300.jpg\" width=\"300\" height=\"533\" srcset=\"http:\/\/www.grupo-algeciras.com\/wpress\/wp-content\/uploads\/IMG-20190224-WA0011-169x300.jpg 169w, http:\/\/www.grupo-algeciras.com\/wpress\/wp-content\/uploads\/IMG-20190224-WA0011-768x1365.jpg 768w, http:\/\/www.grupo-algeciras.com\/wpress\/wp-content\/uploads\/IMG-20190224-WA0011-576x1024.jpg 576w, http:\/\/www.grupo-algeciras.com\/wpress\/wp-content\/uploads\/IMG-20190224-WA0011-624x1109.jpg 624w, http:\/\/www.grupo-algeciras.com\/wpress\/wp-content\/uploads\/IMG-20190224-WA0011.jpg 900w\" sizes=\"auto, (max-width: 300px) 100vw, 300px\" \/><\/p>\n<p>&nbsp;<\/p>\n<h1 style=\"margin-top: 1.71429rem; margin-bottom: 1.71429rem;\"><span style=\"color: #0000ff;\">PROYECTOS para el 2019<\/span><\/h1>\n<p>Ante la eminente convocatoria de la Asamblea General de socios\u00a0 de primeros de febrero, les propongo para ese d\u00eda que nos traigan los posibles proyectos para este 2019.<\/p>\n<h1><span style=\"color: #0000ff;\">Comida de hermandad y Medalla de Oro del Gupo<\/span><\/h1>\n<p>Y para terminar el a\u00f1o con mejor sabor del que nos han dejado las tristes p\u00e9rdidas de nuestros socios. El pr\u00f3ximo d\u00eda 8 de diciembre nos vamos todos a comer al Casa Manolo en Los Barrios. Saldremos en autob\u00fas para evirtar disgustos despu\u00e9s de la comida, desde la Sociedad a las 14,00 horas y regresaremos cuando se nos antoje.<\/p>\n<p>Y sorpresa tambien habr\u00e1, SEGURO.<\/p>\n<p>Pues la hubo, se entreg\u00f3 la medalla de oro del Grupo Filat\u00e9lico y Numism\u00e1tico de Algeciras a Jos\u00e9 Luis Rubio Rodr\u00edguez. Una medalla muy merecida y creo que la ha aceptado con alegr\u00eda y sobre todo con entusiasmo. Se lo ha merecido.<\/p>\n<p><img loading=\"lazy\" decoding=\"async\" class=\"alignnone size-medium wp-image-2012\" src=\"http:\/\/www.grupo-algeciras.com\/wpress\/wp-content\/uploads\/IMG-20181208-WA0043-300x169.jpg\" alt=\"\" width=\"300\" height=\"169\" srcset=\"http:\/\/www.grupo-algeciras.com\/wpress\/wp-content\/uploads\/IMG-20181208-WA0043-300x169.jpg 300w, http:\/\/www.grupo-algeciras.com\/wpress\/wp-content\/uploads\/IMG-20181208-WA0043-768x432.jpg 768w, http:\/\/www.grupo-algeciras.com\/wpress\/wp-content\/uploads\/IMG-20181208-WA0043-680x383.jpg 680w, http:\/\/www.grupo-algeciras.com\/wpress\/wp-content\/uploads\/IMG-20181208-WA0043-624x351.jpg 624w, http:\/\/www.grupo-algeciras.com\/wpress\/wp-content\/uploads\/IMG-20181208-WA0043.jpg 1600w\" sizes=\"auto, (max-width: 300px) 100vw, 300px\" \/>\u00a0\u00a0<img loading=\"lazy\" decoding=\"async\" class=\"alignnone size-medium wp-image-2013\" src=\"http:\/\/www.grupo-algeciras.com\/wpress\/wp-content\/uploads\/IMG-20181208-WA0028-300x169.jpg\" alt=\"\" width=\"300\" height=\"169\" srcset=\"http:\/\/www.grupo-algeciras.com\/wpress\/wp-content\/uploads\/IMG-20181208-WA0028-300x169.jpg 300w, http:\/\/www.grupo-algeciras.com\/wpress\/wp-content\/uploads\/IMG-20181208-WA0028-768x432.jpg 768w, http:\/\/www.grupo-algeciras.com\/wpress\/wp-content\/uploads\/IMG-20181208-WA0028-680x383.jpg 680w, http:\/\/www.grupo-algeciras.com\/wpress\/wp-content\/uploads\/IMG-20181208-WA0028-624x351.jpg 624w, http:\/\/www.grupo-algeciras.com\/wpress\/wp-content\/uploads\/IMG-20181208-WA0028.jpg 1600w\" sizes=\"auto, (max-width: 300px) 100vw, 300px\" \/><\/p>\n<p>&nbsp;<\/p>\n<h1><span style=\"color: #0000ff;\">In memoriam<\/span><\/h1>\n<p>No debemos finalizar el a\u00f1o sin recordar a uno de nuestros socios m\u00e1s querido. Jer\u00f3nimo Morenete Villa. Nos dej\u00f3 hace dos meses pero estar\u00e1 en nuestro recuerdo siempre.<\/p>\n<p>Como no lo vamos a recordar en nuestras Exposiciones, en nuestras comidas, en nuestros viajes y en todas las actividades organizadas por nuestro Grupo.<\/p>\n<p>Junto a \u00e9l tamien se nos fu\u00e9 el socio Rafael P\u00e9rez Rodr\u00edguez de Estepona, menos conocido por algunos pero un gran amigo y expositor. Con sus tres colecciones de Espa\u00f1a represent\u00f3 a nuestro Grupo Filat\u00e9lico en todo el mundo.<\/p>\n<p>El Grupo Filat\u00e9lico y Numism\u00e1tico de Algeciras, lamenta comunicar que ha fallecido John Gonzalez, y quiere trasmitir su p\u00e9same a su viuda y querida amiga Elizabeth y a sus tres hijos.<\/p>\n<p style=\"text-align: justify;\">Los m\u00e1s j\u00f3venes tal vez no lo recuerden en nuestra Sociedad, pero todos han oido hablar del \u00abyanito\u00bb cuando acud\u00eda a nuestros encuentros, sobre todo gastron\u00f3micos, siempre nos regalaba su presencia y la de su esposa y nos obsequiaba con regalos de Gibraltar. Amigo SIEMPRE. Nunca te olvidaremos.<\/p>\n<p style=\"text-align: justify;\">Johnny, como era conocido por sus familiares y amistades, era un hombre callado y modesto. Era una persona muy familiar, leal y cari\u00f1osa con su esposa Elizabeth y sus tres hijos, Nicky, Douglas y Jonathan.<\/p>\n<p style=\"text-align: justify;\">Johnny pertenec\u00eda al club de remo Mediterranean Rowing Club adem\u00e1s de ser respetado y empleado de confianza en la empresa Lewis Stagnetto, donde trabaj\u00f3 hasta su jubilaci\u00f3n. Su pasi\u00f3n era la filatelia, en particular coleccionar sobre la historia postal de Gibraltar y art\u00edculos de escritorio. Durante muchos a\u00f1os fue consejero sobre los sellos que se iban a emitir y aconsejando al ministro de servicios postales sobre los dise\u00f1os que se emit\u00edan. Tambi\u00e9n fue socio de la sociedad filat\u00e9lica de Gibraltar, particularmente durante los a\u00f1os del cierre de la verja con Espa\u00f1a.<\/p>\n<p><img loading=\"lazy\" decoding=\"async\" class=\"alignnone size-medium wp-image-1993\" src=\"http:\/\/www.grupo-algeciras.com\/wpress\/wp-content\/uploads\/020717-080718-300x193.jpg\" alt=\"\" width=\"300\" height=\"193\" srcset=\"http:\/\/www.grupo-algeciras.com\/wpress\/wp-content\/uploads\/020717-080718-300x193.jpg 300w, http:\/\/www.grupo-algeciras.com\/wpress\/wp-content\/uploads\/020717-080718-768x494.jpg 768w, http:\/\/www.grupo-algeciras.com\/wpress\/wp-content\/uploads\/020717-080718-680x437.jpg 680w, http:\/\/www.grupo-algeciras.com\/wpress\/wp-content\/uploads\/020717-080718-624x401.jpg 624w, http:\/\/www.grupo-algeciras.com\/wpress\/wp-content\/uploads\/020717-080718.jpg 1177w\" sizes=\"auto, (max-width: 300px) 100vw, 300px\" \/>\u00a0\u00a0<img loading=\"lazy\" decoding=\"async\" class=\"alignnone size-medium wp-image-1995\" src=\"http:\/\/www.grupo-algeciras.com\/wpress\/wp-content\/uploads\/150917-080718-300x206.jpg\" alt=\"\" width=\"300\" height=\"206\" srcset=\"http:\/\/www.grupo-algeciras.com\/wpress\/wp-content\/uploads\/150917-080718-300x206.jpg 300w, http:\/\/www.grupo-algeciras.com\/wpress\/wp-content\/uploads\/150917-080718-768x528.jpg 768w, http:\/\/www.grupo-algeciras.com\/wpress\/wp-content\/uploads\/150917-080718-680x468.jpg 680w, http:\/\/www.grupo-algeciras.com\/wpress\/wp-content\/uploads\/150917-080718-624x429.jpg 624w, http:\/\/www.grupo-algeciras.com\/wpress\/wp-content\/uploads\/150917-080718.jpg 1663w\" sizes=\"auto, (max-width: 300px) 100vw, 300px\" \/><\/p>\n<p style=\"text-align: justify;\">El reconocimiento como filat\u00e9lico lleg\u00f3 cuando fue elegido socio de la (Royal) Real Sociedad Filat\u00e9lica en Londres. La actividad filat\u00e9lica de Johnny cambi\u00f3 en 1985 cuando se abri\u00f3 la verja. Johnny comenz\u00f3 a exhibir su colecci\u00f3n del correo mar\u00edtimo de Gibraltar empezando por ciudades cercanas como M\u00e1laga, C\u00e1diz, Jerez, Puerto Real, Algeciras y La L\u00ednea de la Concepci\u00f3n. Junto a Elizabeth, su esposa y constante compa\u00f1era en las exposiciones filat\u00e9licas, Johnny cre\u00f3 muchos amigos en el mundo de la filatelia.<\/p>\n<p style=\"text-align: justify;\">Mientras que su colecci\u00f3n se desarrollaba, Johnny decidi\u00f3 exhibir a nivel nacional y luego internacional. Fue constantemente galardonado con medallas de oro y oro grande por su colecci\u00f3n de correo mar\u00edtimo en exhibiciones internacionales de filatelia. El pin\u00e1culo de su realizaci\u00f3n fue el recibir el Gran Prix por la mejor colecci\u00f3n, que tuvo lugar en Sevilla en el a\u00f1o 1996 ESPAMER 96. Esta fue la primera vez que un filat\u00e9lico gibraltare\u00f1o consegu\u00eda tan alta distinci\u00f3n, adem\u00e1s fue con una colecci\u00f3n compuesta por material de Gibraltar.<\/p>\n<p style=\"text-align: justify;\">No ha habido otro gibraltare\u00f1o que haya obtenido un triunfo igual. Su colecci\u00f3n fue vista por filat\u00e9licos internacionales prominentes y alz\u00f3 el perfil de la filatelia gibraltare\u00f1a.<\/p>\n<p style=\"text-align: justify;\">La comunidad filat\u00e9lica lamenta su muerte. John Albert Gonz\u00e1lez (Johny) fue muy conocido y respetado como filat\u00e9lico en el Reino Unido, Espa\u00f1a y Gibraltar.<\/p>\n<p>\u00a0<img loading=\"lazy\" decoding=\"async\" class=\"alignnone size-medium wp-image-1994\" src=\"http:\/\/www.grupo-algeciras.com\/wpress\/wp-content\/uploads\/055816-080718-300x241.jpg\" alt=\"\" width=\"300\" height=\"241\" srcset=\"http:\/\/www.grupo-algeciras.com\/wpress\/wp-content\/uploads\/055816-080718-300x241.jpg 300w, http:\/\/www.grupo-algeciras.com\/wpress\/wp-content\/uploads\/055816-080718-768x616.jpg 768w, http:\/\/www.grupo-algeciras.com\/wpress\/wp-content\/uploads\/055816-080718-680x546.jpg 680w, http:\/\/www.grupo-algeciras.com\/wpress\/wp-content\/uploads\/055816-080718-624x501.jpg 624w, http:\/\/www.grupo-algeciras.com\/wpress\/wp-content\/uploads\/055816-080718.jpg 1444w\" sizes=\"auto, (max-width: 300px) 100vw, 300px\" \/> \u00a0<img loading=\"lazy\" decoding=\"async\" class=\"alignnone size-medium wp-image-1996\" src=\"http:\/\/www.grupo-algeciras.com\/wpress\/wp-content\/uploads\/345916-080718-300x212.jpg\" alt=\"\" width=\"300\" height=\"212\" srcset=\"http:\/\/www.grupo-algeciras.com\/wpress\/wp-content\/uploads\/345916-080718-300x212.jpg 300w, http:\/\/www.grupo-algeciras.com\/wpress\/wp-content\/uploads\/345916-080718-768x544.jpg 768w, http:\/\/www.grupo-algeciras.com\/wpress\/wp-content\/uploads\/345916-080718-680x481.jpg 680w, http:\/\/www.grupo-algeciras.com\/wpress\/wp-content\/uploads\/345916-080718-624x442.jpg 624w, http:\/\/www.grupo-algeciras.com\/wpress\/wp-content\/uploads\/345916-080718.jpg 1675w\" sizes=\"auto, (max-width: 300px) 100vw, 300px\" \/> <img loading=\"lazy\" decoding=\"async\" class=\"alignnone size-medium wp-image-1997\" src=\"http:\/\/www.grupo-algeciras.com\/wpress\/wp-content\/uploads\/380417-080718-200x300.jpg\" alt=\"\" width=\"200\" height=\"300\" srcset=\"http:\/\/www.grupo-algeciras.com\/wpress\/wp-content\/uploads\/380417-080718-200x300.jpg 200w, http:\/\/www.grupo-algeciras.com\/wpress\/wp-content\/uploads\/380417-080718-768x1149.jpg 768w, http:\/\/www.grupo-algeciras.com\/wpress\/wp-content\/uploads\/380417-080718-680x1018.jpg 680w, http:\/\/www.grupo-algeciras.com\/wpress\/wp-content\/uploads\/380417-080718-624x934.jpg 624w, http:\/\/www.grupo-algeciras.com\/wpress\/wp-content\/uploads\/380417-080718.jpg 1088w\" sizes=\"auto, (max-width: 200px) 100vw, 200px\" \/> <img loading=\"lazy\" decoding=\"async\" class=\"alignnone wp-image-1998\" src=\"http:\/\/www.grupo-algeciras.com\/wpress\/wp-content\/uploads\/400017-080718-300x208.jpg\" alt=\"\" width=\"406\" height=\"297\" \/><\/p>\n<h1 style=\"text-align: justify;\"><span style=\"color: #0000ff;\">La SEXTA Erizada<\/span><\/h1>\n<p>Y comienza el a\u00f1o filat\u00e9lico con nuestra ya famosa ERIZADA, que esta a\u00f1o celebramos ya la SEXTA. Y ha sido completa, erizos grandes y buenisimos como ya hac\u00eda algunos a\u00f1os que no veiamos, los entrantes fant\u00e1sticos y que decir de la paella, maravillosa. Creo que hemos pasado un d\u00eda de los buenos porque hasta el tiempo nos ha acompa\u00f1ado. Nos hemos acordado de algunos compa\u00f1eros y sus se\u00f1oras que no han podido venir, pero nos hemos acordado de todos. GRACIAS A TODOS POR LA JORNADA QUE HEMOS DISFRUTADO.<\/p>\n<p>&nbsp;<\/p>\n<p><img loading=\"lazy\" decoding=\"async\" class=\"alignnone size-medium wp-image-1977\" src=\"http:\/\/www.grupo-algeciras.com\/wpress\/wp-content\/uploads\/IMG-20180218-WA0021-169x300.jpg\" alt=\"\" width=\"169\" height=\"300\" srcset=\"http:\/\/www.grupo-algeciras.com\/wpress\/wp-content\/uploads\/IMG-20180218-WA0021-169x300.jpg 169w, http:\/\/www.grupo-algeciras.com\/wpress\/wp-content\/uploads\/IMG-20180218-WA0021-768x1365.jpg 768w, http:\/\/www.grupo-algeciras.com\/wpress\/wp-content\/uploads\/IMG-20180218-WA0021-576x1024.jpg 576w, http:\/\/www.grupo-algeciras.com\/wpress\/wp-content\/uploads\/IMG-20180218-WA0021-624x1109.jpg 624w, http:\/\/www.grupo-algeciras.com\/wpress\/wp-content\/uploads\/IMG-20180218-WA0021.jpg 900w\" sizes=\"auto, (max-width: 169px) 100vw, 169px\" \/>\u00a0<img loading=\"lazy\" decoding=\"async\" class=\"alignnone size-medium wp-image-1980\" style=\"font-size: 1rem;\" src=\"http:\/\/www.grupo-algeciras.com\/wpress\/wp-content\/uploads\/IMG-20180218-WA0034-300x169.jpg\" alt=\"\" width=\"300\" height=\"169\" srcset=\"http:\/\/www.grupo-algeciras.com\/wpress\/wp-content\/uploads\/IMG-20180218-WA0034-300x169.jpg 300w, http:\/\/www.grupo-algeciras.com\/wpress\/wp-content\/uploads\/IMG-20180218-WA0034-768x432.jpg 768w, http:\/\/www.grupo-algeciras.com\/wpress\/wp-content\/uploads\/IMG-20180218-WA0034-680x382.jpg 680w, http:\/\/www.grupo-algeciras.com\/wpress\/wp-content\/uploads\/IMG-20180218-WA0034-624x351.jpg 624w, http:\/\/www.grupo-algeciras.com\/wpress\/wp-content\/uploads\/IMG-20180218-WA0034.jpg 1599w\" sizes=\"auto, (max-width: 300px) 100vw, 300px\" \/><img loading=\"lazy\" decoding=\"async\" class=\"alignnone size-medium wp-image-1978\" style=\"font-size: 1rem;\" src=\"http:\/\/www.grupo-algeciras.com\/wpress\/wp-content\/uploads\/IMG-20180218-WA0027-169x300.jpg\" alt=\"\" width=\"169\" height=\"300\" srcset=\"http:\/\/www.grupo-algeciras.com\/wpress\/wp-content\/uploads\/IMG-20180218-WA0027-169x300.jpg 169w, http:\/\/www.grupo-algeciras.com\/wpress\/wp-content\/uploads\/IMG-20180218-WA0027-768x1365.jpg 768w, http:\/\/www.grupo-algeciras.com\/wpress\/wp-content\/uploads\/IMG-20180218-WA0027-576x1024.jpg 576w, http:\/\/www.grupo-algeciras.com\/wpress\/wp-content\/uploads\/IMG-20180218-WA0027-624x1109.jpg 624w, http:\/\/www.grupo-algeciras.com\/wpress\/wp-content\/uploads\/IMG-20180218-WA0027.jpg 900w\" sizes=\"auto, (max-width: 169px) 100vw, 169px\" \/> <img loading=\"lazy\" decoding=\"async\" class=\"alignnone size-medium wp-image-1979\" style=\"font-size: 1rem;\" src=\"http:\/\/www.grupo-algeciras.com\/wpress\/wp-content\/uploads\/IMG-20180218-WA0031-300x169.jpg\" alt=\"\" width=\"300\" height=\"169\" srcset=\"http:\/\/www.grupo-algeciras.com\/wpress\/wp-content\/uploads\/IMG-20180218-WA0031-300x169.jpg 300w, http:\/\/www.grupo-algeciras.com\/wpress\/wp-content\/uploads\/IMG-20180218-WA0031-768x432.jpg 768w, http:\/\/www.grupo-algeciras.com\/wpress\/wp-content\/uploads\/IMG-20180218-WA0031-680x383.jpg 680w, http:\/\/www.grupo-algeciras.com\/wpress\/wp-content\/uploads\/IMG-20180218-WA0031-624x351.jpg 624w, http:\/\/www.grupo-algeciras.com\/wpress\/wp-content\/uploads\/IMG-20180218-WA0031.jpg 1600w\" sizes=\"auto, (max-width: 300px) 100vw, 300px\" \/><span style=\"font-size: 1rem;\">\u00a0<img loading=\"lazy\" decoding=\"async\" class=\"alignnone size-medium wp-image-1983\" src=\"http:\/\/www.grupo-algeciras.com\/wpress\/wp-content\/uploads\/IMG-20180218-WA0020-300x169.jpg\" alt=\"\" width=\"300\" height=\"169\" srcset=\"http:\/\/www.grupo-algeciras.com\/wpress\/wp-content\/uploads\/IMG-20180218-WA0020-300x169.jpg 300w, http:\/\/www.grupo-algeciras.com\/wpress\/wp-content\/uploads\/IMG-20180218-WA0020-768x432.jpg 768w, http:\/\/www.grupo-algeciras.com\/wpress\/wp-content\/uploads\/IMG-20180218-WA0020-680x383.jpg 680w, http:\/\/www.grupo-algeciras.com\/wpress\/wp-content\/uploads\/IMG-20180218-WA0020-624x351.jpg 624w, http:\/\/www.grupo-algeciras.com\/wpress\/wp-content\/uploads\/IMG-20180218-WA0020.jpg 1600w\" sizes=\"auto, (max-width: 300px) 100vw, 300px\" \/><\/span><\/p>\n<p>&nbsp;<\/p>\n<h1><span style=\"color: #3366ff;\">EL 50 ANIVERSARIO DE NUESTRO GRUPO<\/span><\/h1>\n<p><strong><span style=\"color: #0000ff;\">Actos del CINCUENTENARIO -24 de diciemb<\/span><\/strong><strong><span style=\"color: #0000ff;\">re-<\/span><\/strong><\/p>\n<p><strong><span style=\"color: #0000ff;\">EXPOSICI\u00d3N FILAT\u00c9LICA CONJUNTA con la Asociaci\u00f3n de Belenes \u201cORO, INCIENSO Y MIRRA\u201d de ALGECIRAS<\/span><\/strong><\/p>\n<p><img loading=\"lazy\" decoding=\"async\" class=\"size-medium wp-image-1969 aligncenter\" src=\"http:\/\/www.grupo-algeciras.com\/wpress\/wp-content\/uploads\/Postal-para-la-web-anverso-300x211.jpg\" width=\"400\" height=\"281\" srcset=\"http:\/\/www.grupo-algeciras.com\/wpress\/wp-content\/uploads\/Postal-para-la-web-anverso-300x211.jpg 300w, http:\/\/www.grupo-algeciras.com\/wpress\/wp-content\/uploads\/Postal-para-la-web-anverso-768x540.jpg 768w, http:\/\/www.grupo-algeciras.com\/wpress\/wp-content\/uploads\/Postal-para-la-web-anverso-680x479.jpg 680w, http:\/\/www.grupo-algeciras.com\/wpress\/wp-content\/uploads\/Postal-para-la-web-anverso-624x439.jpg 624w, http:\/\/www.grupo-algeciras.com\/wpress\/wp-content\/uploads\/Postal-para-la-web-anverso.jpg 1708w\" sizes=\"auto, (max-width: 400px) 100vw, 400px\" \/><\/p>\n<p>Y para finalizar los actos del cincuentenario, la edici\u00f3n de la postal n\u00ba 112 con matasellos del 24 de diciembre de 2017.<\/p>\n<p>&nbsp;<\/p>\n<p><strong><span style=\"color: #0000ff;\">Actos del CINCUENTENARIO -15 diciemb<\/span><\/strong><strong><span style=\"color: #0000ff;\">re-<\/span><\/strong><\/p>\n<p><strong><span style=\"color: #0000ff;\">Conferencia\u00a0\u201cLa filatelia en la revoluci\u00f3n americana y la guerra de la Independencia\u201d<\/span><\/strong><\/p>\n<p style=\"text-align: justify;\">En el sal\u00f3n del Grupo Filat\u00e9lico y dentro de los actos del cincuentenario de la creaci\u00f3n del Grupo Filat\u00e9lico y Numism\u00e1tico de Algeciras, D. Jos\u00e9 Luis Rubio imparti\u00f3 la charla \u201cLa filatelia en la revoluci\u00f3n americana y la guerra de independencia\u201d ante el numero p\u00fablico asistente, una charla muy animada y distra\u00edda dado los conocimientos que tiene el expositor y conferenciante sobre este tema que colecciona de toda la vida.<\/p>\n<p style=\"text-align: justify;\">Al final del acto entreg\u00f3 unos recuerdos a los asistentes.<\/p>\n<p style=\"text-align: justify;\">Con este acto finalizan todas las Exposiciones, Conferencias y concursos que a lo largo del a\u00f1o desde el Grupo Filat\u00e9lico local se han desarrollado en nuestra ciudad.<\/p>\n<p style=\"text-align: justify;\">Un a\u00f1o m\u00e1s que provechoso y lleno de muchas novedades y que sobre todo nos ha dejado a unos expositores nuevos que han sacado sus colecciones del ba\u00fal de los recuerdos para mostrarlas a todo el pueblo de Algeciras.<\/p>\n<p>\u00a0<img loading=\"lazy\" decoding=\"async\" class=\"alignnone size-medium wp-image-1964\" src=\"http:\/\/www.grupo-algeciras.com\/wpress\/wp-content\/uploads\/conferencia-2-1-1-300x169.jpg\" alt=\"\" width=\"300\" height=\"169\" srcset=\"http:\/\/www.grupo-algeciras.com\/wpress\/wp-content\/uploads\/conferencia-2-1-1-300x169.jpg 300w, http:\/\/www.grupo-algeciras.com\/wpress\/wp-content\/uploads\/conferencia-2-1-1-768x432.jpg 768w, http:\/\/www.grupo-algeciras.com\/wpress\/wp-content\/uploads\/conferencia-2-1-1-680x383.jpg 680w, http:\/\/www.grupo-algeciras.com\/wpress\/wp-content\/uploads\/conferencia-2-1-1-624x351.jpg 624w, http:\/\/www.grupo-algeciras.com\/wpress\/wp-content\/uploads\/conferencia-2-1-1.jpg 1328w\" sizes=\"auto, (max-width: 300px) 100vw, 300px\" \/>\u00a0\u00a0\u00a0<img loading=\"lazy\" decoding=\"async\" class=\"alignnone size-medium wp-image-1966\" src=\"http:\/\/www.grupo-algeciras.com\/wpress\/wp-content\/uploads\/conferencia-2-300x169.jpg\" alt=\"\" width=\"300\" height=\"169\" srcset=\"http:\/\/www.grupo-algeciras.com\/wpress\/wp-content\/uploads\/conferencia-2-300x169.jpg 300w, http:\/\/www.grupo-algeciras.com\/wpress\/wp-content\/uploads\/conferencia-2-768x432.jpg 768w, http:\/\/www.grupo-algeciras.com\/wpress\/wp-content\/uploads\/conferencia-2-680x383.jpg 680w, http:\/\/www.grupo-algeciras.com\/wpress\/wp-content\/uploads\/conferencia-2-624x351.jpg 624w\" sizes=\"auto, (max-width: 300px) 100vw, 300px\" \/><\/p>\n<p><strong><span style=\"color: #0000ff;\">Actos del CINCUENTENARIO -9 diciemb<\/span><\/strong><strong><span style=\"color: #0000ff;\">re-<\/span><\/strong><\/p>\n<p><span style=\"color: #0000ff;\"><strong>ENTREGA DE RECUERDOS DE LAS EXPOSICIONES DEL A\u00d1O\u00a0<\/strong><\/span><span style=\"color: #0000ff;\"><strong>Y COMIDA DE HEMANDAD<\/strong><\/span><\/p>\n<p style=\"text-align: justify;\">En el restaurante La Ragua en Palmones, lugar cercano a nuestra ciudad y referente gastronomico de nuestra tierra, se celebr\u00f3 el s\u00e1bado 9 de diciembre la comida de hermandad del Grupo Filat\u00e9lico.<\/p>\n<p style=\"text-align: justify;\">A los postres se entregaron los recuerdos a todos los expositores y colaboradores que durante el a\u00f1o 2017 han participado en los eventos del cincuenta aniversario del Grupo.<\/p>\n<p><img loading=\"lazy\" decoding=\"async\" class=\"alignnone size-medium wp-image-1956\" src=\"http:\/\/www.grupo-algeciras.com\/wpress\/wp-content\/uploads\/IMG-20171210-WA0003-300x169.jpg\" alt=\"\" width=\"300\" height=\"169\" srcset=\"http:\/\/www.grupo-algeciras.com\/wpress\/wp-content\/uploads\/IMG-20171210-WA0003-300x169.jpg 300w, http:\/\/www.grupo-algeciras.com\/wpress\/wp-content\/uploads\/IMG-20171210-WA0003-768x432.jpg 768w, http:\/\/www.grupo-algeciras.com\/wpress\/wp-content\/uploads\/IMG-20171210-WA0003-680x383.jpg 680w, http:\/\/www.grupo-algeciras.com\/wpress\/wp-content\/uploads\/IMG-20171210-WA0003-624x351.jpg 624w, http:\/\/www.grupo-algeciras.com\/wpress\/wp-content\/uploads\/IMG-20171210-WA0003.jpg 1600w\" sizes=\"auto, (max-width: 300px) 100vw, 300px\" \/> <img loading=\"lazy\" decoding=\"async\" class=\"alignnone size-medium wp-image-1957\" src=\"http:\/\/www.grupo-algeciras.com\/wpress\/wp-content\/uploads\/IMG-20171210-WA0008-300x169.jpg\" alt=\"\" width=\"300\" height=\"169\" srcset=\"http:\/\/www.grupo-algeciras.com\/wpress\/wp-content\/uploads\/IMG-20171210-WA0008-300x169.jpg 300w, http:\/\/www.grupo-algeciras.com\/wpress\/wp-content\/uploads\/IMG-20171210-WA0008-768x432.jpg 768w, http:\/\/www.grupo-algeciras.com\/wpress\/wp-content\/uploads\/IMG-20171210-WA0008-680x383.jpg 680w, http:\/\/www.grupo-algeciras.com\/wpress\/wp-content\/uploads\/IMG-20171210-WA0008-624x351.jpg 624w, http:\/\/www.grupo-algeciras.com\/wpress\/wp-content\/uploads\/IMG-20171210-WA0008.jpg 1600w\" sizes=\"auto, (max-width: 300px) 100vw, 300px\" \/> <img loading=\"lazy\" decoding=\"async\" class=\"alignnone size-medium wp-image-1958\" src=\"http:\/\/www.grupo-algeciras.com\/wpress\/wp-content\/uploads\/IMG-20171210-WA0009-300x160.jpg\" alt=\"\" width=\"300\" height=\"160\" srcset=\"http:\/\/www.grupo-algeciras.com\/wpress\/wp-content\/uploads\/IMG-20171210-WA0009-300x160.jpg 300w, http:\/\/www.grupo-algeciras.com\/wpress\/wp-content\/uploads\/IMG-20171210-WA0009-768x408.jpg 768w, http:\/\/www.grupo-algeciras.com\/wpress\/wp-content\/uploads\/IMG-20171210-WA0009-680x362.jpg 680w, http:\/\/www.grupo-algeciras.com\/wpress\/wp-content\/uploads\/IMG-20171210-WA0009-624x332.jpg 624w, http:\/\/www.grupo-algeciras.com\/wpress\/wp-content\/uploads\/IMG-20171210-WA0009.jpg 1066w\" sizes=\"auto, (max-width: 300px) 100vw, 300px\" \/>\u00a0<img loading=\"lazy\" decoding=\"async\" class=\"alignnone size-medium wp-image-1959\" src=\"http:\/\/www.grupo-algeciras.com\/wpress\/wp-content\/uploads\/IMG-20171210-WA0013-300x169.jpg\" alt=\"\" width=\"300\" height=\"169\" srcset=\"http:\/\/www.grupo-algeciras.com\/wpress\/wp-content\/uploads\/IMG-20171210-WA0013-300x169.jpg 300w, http:\/\/www.grupo-algeciras.com\/wpress\/wp-content\/uploads\/IMG-20171210-WA0013-768x432.jpg 768w, http:\/\/www.grupo-algeciras.com\/wpress\/wp-content\/uploads\/IMG-20171210-WA0013-680x383.jpg 680w, http:\/\/www.grupo-algeciras.com\/wpress\/wp-content\/uploads\/IMG-20171210-WA0013-624x351.jpg 624w, http:\/\/www.grupo-algeciras.com\/wpress\/wp-content\/uploads\/IMG-20171210-WA0013.jpg 1600w\" sizes=\"auto, (max-width: 300px) 100vw, 300px\" \/> <img loading=\"lazy\" decoding=\"async\" class=\"wp-image-1960 aligncenter\" src=\"http:\/\/www.grupo-algeciras.com\/wpress\/wp-content\/uploads\/IMG-20171210-WA0045-200x300.jpg\" width=\"300\" height=\"455\" \/><\/p>\n<p style=\"text-align: center;\">Despedida de Palmones y de un dia para el recuerdo.<\/p>\n<p><strong><span style=\"color: #0000ff;\">Actos del CINCUENTENARIO -9 diciemb<\/span><\/strong><strong><span style=\"color: #0000ff;\">re-<\/span><\/strong><\/p>\n<p><strong><span style=\"color: #0000ff;\">ENTREGA MEDALLA DE ORO DEL GRUPO FILAT\u00c9LICO<\/span><\/strong><\/p>\n<p style=\"text-align: justify;\">Aprovechando la comida de hermandad que anualmente celebramos antes de las fiestas navide\u00f1as, se hizo entrega de la medalla de oro del Grupo Filat\u00e9lico a D. Carlos Canet, ex jefe de la oficina principal de Correos de nuestra ciudad.<\/p>\n<p style=\"text-align: justify;\">Carlos ha sido mientras estuvo en activo una pieza clave en el desarrollo de todas las actividades del Grupo Filat\u00e9lico. Le debemos tantas cosas a Carlos que ser\u00eda imposible enumerarlas, al final ha quedado una gran amistad tanto personal como con todos los miembros de nuestro Grupo. Una medalla m\u00e1s que merecida de verdad.<\/p>\n<p>\u00a0<img loading=\"lazy\" decoding=\"async\" class=\"alignnone size-medium wp-image-1951\" src=\"http:\/\/www.grupo-algeciras.com\/wpress\/wp-content\/uploads\/Canet-2--225x300.jpg\" width=\"195\" height=\"261\" srcset=\"http:\/\/www.grupo-algeciras.com\/wpress\/wp-content\/uploads\/Canet-2--225x300.jpg 225w, http:\/\/www.grupo-algeciras.com\/wpress\/wp-content\/uploads\/Canet-2--768x1024.jpg 768w, http:\/\/www.grupo-algeciras.com\/wpress\/wp-content\/uploads\/Canet-2--680x907.jpg 680w, http:\/\/www.grupo-algeciras.com\/wpress\/wp-content\/uploads\/Canet-2--624x832.jpg 624w, http:\/\/www.grupo-algeciras.com\/wpress\/wp-content\/uploads\/Canet-2-.jpg 1200w\" sizes=\"auto, (max-width: 195px) 100vw, 195px\" \/>\u00a0 \u00a0\u00a0<img loading=\"lazy\" decoding=\"async\" class=\"alignnone size-medium wp-image-1950\" src=\"http:\/\/www.grupo-algeciras.com\/wpress\/wp-content\/uploads\/Canet-1--225x300.jpg\" width=\"195\" height=\"260\" srcset=\"http:\/\/www.grupo-algeciras.com\/wpress\/wp-content\/uploads\/Canet-1--225x300.jpg 225w, http:\/\/www.grupo-algeciras.com\/wpress\/wp-content\/uploads\/Canet-1--768x1024.jpg 768w, http:\/\/www.grupo-algeciras.com\/wpress\/wp-content\/uploads\/Canet-1--680x907.jpg 680w, http:\/\/www.grupo-algeciras.com\/wpress\/wp-content\/uploads\/Canet-1--624x832.jpg 624w, http:\/\/www.grupo-algeciras.com\/wpress\/wp-content\/uploads\/Canet-1-.jpg 1200w\" sizes=\"auto, (max-width: 195px) 100vw, 195px\" \/>\u00a0\u00a0<img loading=\"lazy\" decoding=\"async\" class=\"alignnone size-medium wp-image-1954\" src=\"http:\/\/www.grupo-algeciras.com\/wpress\/wp-content\/uploads\/Camnet-4--225x300.jpg\" width=\"195\" height=\"260\" srcset=\"http:\/\/www.grupo-algeciras.com\/wpress\/wp-content\/uploads\/Camnet-4--225x300.jpg 225w, http:\/\/www.grupo-algeciras.com\/wpress\/wp-content\/uploads\/Camnet-4--768x1024.jpg 768w, http:\/\/www.grupo-algeciras.com\/wpress\/wp-content\/uploads\/Camnet-4--680x907.jpg 680w, http:\/\/www.grupo-algeciras.com\/wpress\/wp-content\/uploads\/Camnet-4--624x832.jpg 624w, http:\/\/www.grupo-algeciras.com\/wpress\/wp-content\/uploads\/Camnet-4-.jpg 1200w\" sizes=\"auto, (max-width: 195px) 100vw, 195px\" \/><img loading=\"lazy\" decoding=\"async\" class=\"alignnone wp-image-1952\" style=\"font-size: 1rem;\" src=\"http:\/\/www.grupo-algeciras.com\/wpress\/wp-content\/uploads\/Canet-3--300x169.jpg\" alt=\"\" width=\"635\" height=\"269\" \/><\/p>\n<p>Sr. Canet agradeciendo la distinci\u00f3n ante presidente y vicepresidente del Grupo.<\/p>\n<p><strong><span style=\"color: #0000ff;\">Actos del CINCUENTENARIO -2 diciemb<\/span><\/strong><strong><span style=\"color: #0000ff;\">re-<\/span><\/strong><\/p>\n<p><strong><span style=\"color: #0000ff;\">EXPOSICI\u00d3N FILAT\u00c9LICA CONJUNTA con la Asociaci\u00f3n de Belenes \u201cORO, INCIENSO Y MIRRA\u201d de ALGECIRAS<\/span><\/strong><\/p>\n<p style=\"text-align: justify;\">Con motivo de la Exposici\u00f3n anual que celebra esta Asociaci\u00f3n el Grupo fue invitado a estar presente con una muestra de filatelia de tema navide\u00f1o.<\/p>\n<p style=\"text-align: justify;\">El acto de inauguraci\u00f3n tuvo lugar el d\u00eda 2 de diciembre en la sede de la Asociaci\u00f3n, donde despu\u00e9s del acto del preg\u00f3n, los asistentes pudieron contemplar el bel\u00e9n junior y el infantil, creados para deleite de los algecire\u00f1os. Se presentaron en la misma sede varios pasajes de motivos navide\u00f1os en dioramas. Junto a todo esto se encontraba la Exposici\u00f3n Filat\u00e9lico de nuestro socio Jos\u00e9 Carlos Jim\u00e9nez Mombiedro.<\/p>\n<p style=\"text-align: justify;\">El acto estuvo presidido por el Sr. Alcalde y varios ediles de la corporaci\u00f3n municipal. El acto cont\u00f3 con un numeroso p\u00fablico entusiasta de ver todo el tema navide\u00f1o.<\/p>\n<p><img loading=\"lazy\" decoding=\"async\" class=\"alignnone size-medium wp-image-1947\" src=\"http:\/\/www.grupo-algeciras.com\/wpress\/wp-content\/uploads\/Carlos-1--300x169.jpg\" alt=\"\" width=\"300\" height=\"169\" srcset=\"http:\/\/www.grupo-algeciras.com\/wpress\/wp-content\/uploads\/Carlos-1--300x169.jpg 300w, http:\/\/www.grupo-algeciras.com\/wpress\/wp-content\/uploads\/Carlos-1--768x432.jpg 768w, http:\/\/www.grupo-algeciras.com\/wpress\/wp-content\/uploads\/Carlos-1--680x383.jpg 680w, http:\/\/www.grupo-algeciras.com\/wpress\/wp-content\/uploads\/Carlos-1--624x351.jpg 624w, http:\/\/www.grupo-algeciras.com\/wpress\/wp-content\/uploads\/Carlos-1-.jpg 1328w\" sizes=\"auto, (max-width: 300px) 100vw, 300px\" \/>\u00a0 \u00a0 \u00a0 <img loading=\"lazy\" decoding=\"async\" class=\"alignnone size-medium wp-image-1948\" src=\"http:\/\/www.grupo-algeciras.com\/wpress\/wp-content\/uploads\/Carlos-2--300x169.jpg\" alt=\"\" width=\"300\" height=\"169\" srcset=\"http:\/\/www.grupo-algeciras.com\/wpress\/wp-content\/uploads\/Carlos-2--300x169.jpg 300w, http:\/\/www.grupo-algeciras.com\/wpress\/wp-content\/uploads\/Carlos-2--768x432.jpg 768w, http:\/\/www.grupo-algeciras.com\/wpress\/wp-content\/uploads\/Carlos-2--680x383.jpg 680w, http:\/\/www.grupo-algeciras.com\/wpress\/wp-content\/uploads\/Carlos-2--624x351.jpg 624w, http:\/\/www.grupo-algeciras.com\/wpress\/wp-content\/uploads\/Carlos-2-.jpg 1600w\" sizes=\"auto, (max-width: 300px) 100vw, 300px\" \/><\/p>\n<p><strong><span style=\"color: #0000ff;\">Actos del CINCUENTENARIO -1 diciemb<\/span><\/strong><strong><span style=\"color: #0000ff;\">re-<\/span><\/strong><\/p>\n<p><strong><span style=\"color: #0000ff;\">\u201cLa revoluci\u00f3n americana y la guerra de la Independencia\u201d<\/span><\/strong><\/p>\n<p>De Jos\u00e9 Luis Rubio Rodriguez<\/p>\n<p>El consejal delegado de Fomento Econ\u00f3mico y Empleo Diego Salas, ha sido el encargado de inaugurar en la sede del Grupo filat\u00e9lico y Numism\u00e1tico de Algeciras, la Exposici\u00f3n \u201cla revoluci\u00f3n americana y la guerra de independencia\u201dde la que es autor Jos\u00e9 Luis Rubio Rodriguez.<\/p>\n<p><img loading=\"lazy\" decoding=\"async\" class=\"alignnone size-medium wp-image-1943\" src=\"http:\/\/www.grupo-algeciras.com\/wpress\/wp-content\/uploads\/rubio-300x169.jpg\" alt=\"\" width=\"300\" height=\"169\" srcset=\"http:\/\/www.grupo-algeciras.com\/wpress\/wp-content\/uploads\/rubio-300x169.jpg 300w, http:\/\/www.grupo-algeciras.com\/wpress\/wp-content\/uploads\/rubio-768x432.jpg 768w, http:\/\/www.grupo-algeciras.com\/wpress\/wp-content\/uploads\/rubio-680x383.jpg 680w, http:\/\/www.grupo-algeciras.com\/wpress\/wp-content\/uploads\/rubio-624x351.jpg 624w, http:\/\/www.grupo-algeciras.com\/wpress\/wp-content\/uploads\/rubio.jpg 1600w\" sizes=\"auto, (max-width: 300px) 100vw, 300px\" \/>\u00a0 \u00a0\u00a0 <img loading=\"lazy\" decoding=\"async\" class=\"alignnone size-medium wp-image-1944\" src=\"http:\/\/www.grupo-algeciras.com\/wpress\/wp-content\/uploads\/Rubio-2--300x169.jpg\" alt=\"\" width=\"300\" height=\"169\" srcset=\"http:\/\/www.grupo-algeciras.com\/wpress\/wp-content\/uploads\/Rubio-2--300x169.jpg 300w, http:\/\/www.grupo-algeciras.com\/wpress\/wp-content\/uploads\/Rubio-2--768x432.jpg 768w, http:\/\/www.grupo-algeciras.com\/wpress\/wp-content\/uploads\/Rubio-2--680x383.jpg 680w, http:\/\/www.grupo-algeciras.com\/wpress\/wp-content\/uploads\/Rubio-2--624x351.jpg 624w, http:\/\/www.grupo-algeciras.com\/wpress\/wp-content\/uploads\/Rubio-2-.jpg 1600w\" sizes=\"auto, (max-width: 300px) 100vw, 300px\" \/><\/p>\n<p>El Presidente del Grupo Juan Pan\u00e9s, el expositor Jos\u00e9 Luis Rubio y el concejal de fomento Diego de Salas junto a un grupo de socios del Grupo.<\/p>\n<p><strong><span style=\"color: #0000ff;\">Actos del CINCUENTENARIO -18 noviemb<\/span><\/strong><strong><span style=\"color: #0000ff;\">re-<\/span><\/strong><\/p>\n<p>Con ocasi\u00f3n de celebrarse en Torremolinos el IV\u00a0 Encuentro Internacional de Coleccionismo ECC, el Grupo dispuso un autob\u00fas para visitar la Feria. A continuaci\u00f3n por la tarde nos desplamos a la ciudad de M\u00e1laga para disfrutar del magnifico alumbrado de la calle Larios.<\/p>\n<p><strong><span style=\"color: #0000ff;\">Actos del CINCUENTENARIO -17 noviemb<\/span><\/strong><strong><span style=\"color: #0000ff;\">re-<\/span><\/strong><\/p>\n<p><strong><span style=\"color: #0000ff;\">Conferencia \u00abUna aproximaci\u00f3n al Coleccionismo, Afici\u00f3n o Locura\u00bb<\/span><\/strong><\/p>\n<p style=\"text-align: justify;\">En esta ocasi\u00f3n conferencia \u201cUn aproximaci\u00f3n al coleccionismo, afici\u00f3n o locura\u201d siendo impartida por nuestro socio Jos\u00e9 Manuel Sampedro Guerrero.<\/p>\n<p style=\"text-align: justify;\">A la misma asistieron en representaci\u00f3n del ayuntamiento de la ciudad, D. Diego de Salas delegado de fomento, directiva del Grupo y numerosos socios y amigos. La sala como en anteriores ocasiones se aforo se complet\u00f3.<\/p>\n<p style=\"text-align: justify;\">El conferenciante nos llev\u00f3 por el mundo del coleccionismo, en especial por las grandes pinacotecas y museos particulares, dando muestra de su buen hacer y sus conocimientos del mundo del coleccionismo, siendo del agrado de los asistentes que se vieron sorprendidos por una charla diferente. A continuaci\u00f3n prosigui\u00f3 con sus dos grandes pasiones, el modelismo ferroviario y el afeitado cl\u00e1sico, dando especial relevancia a los amigos que les han suministrado piezas para su colecci\u00f3n. El final de la conferencia se complet\u00f3 con algunas fotos tomadas de los amigos del Grupo Filat\u00e9lico a las puertas de nuestro local tomadas en otras ocasiones y con un fuerte aplauso nos mostr\u00f3 la mejor diapositiva, con nuestras\u00a0 mujeres.<\/p>\n<p style=\"text-align: justify;\">El acto se complet\u00f3 con la entrega de diferentes sobres estampados con el matasello tur\u00edstico de la ciudad, sobre unos sellos de coleccionismo gentilmente donados por Filatelia de Correos.<\/p>\n<p style=\"text-align: justify;\"><img loading=\"lazy\" decoding=\"async\" class=\"alignnone size-medium wp-image-1937\" src=\"http:\/\/www.grupo-algeciras.com\/wpress\/wp-content\/uploads\/web-300x225.jpg\" width=\"300\" height=\"225\" srcset=\"http:\/\/www.grupo-algeciras.com\/wpress\/wp-content\/uploads\/web-300x225.jpg 300w, http:\/\/www.grupo-algeciras.com\/wpress\/wp-content\/uploads\/web-768x576.jpg 768w, http:\/\/www.grupo-algeciras.com\/wpress\/wp-content\/uploads\/web-680x510.jpg 680w, http:\/\/www.grupo-algeciras.com\/wpress\/wp-content\/uploads\/web-624x468.jpg 624w, http:\/\/www.grupo-algeciras.com\/wpress\/wp-content\/uploads\/web.jpg 1600w\" sizes=\"auto, (max-width: 300px) 100vw, 300px\" \/>\u00a0\u00a0 \u00a0<img loading=\"lazy\" decoding=\"async\" class=\"alignnone size-medium wp-image-1938\" src=\"http:\/\/www.grupo-algeciras.com\/wpress\/wp-content\/uploads\/Dorso-postal-110-300x213.jpg\" width=\"317\" height=\"225\" srcset=\"http:\/\/www.grupo-algeciras.com\/wpress\/wp-content\/uploads\/Dorso-postal-110-300x213.jpg 300w, http:\/\/www.grupo-algeciras.com\/wpress\/wp-content\/uploads\/Dorso-postal-110-768x546.jpg 768w, http:\/\/www.grupo-algeciras.com\/wpress\/wp-content\/uploads\/Dorso-postal-110-680x483.jpg 680w, http:\/\/www.grupo-algeciras.com\/wpress\/wp-content\/uploads\/Dorso-postal-110-624x444.jpg 624w, http:\/\/www.grupo-algeciras.com\/wpress\/wp-content\/uploads\/Dorso-postal-110.jpg 1162w\" sizes=\"auto, (max-width: 317px) 100vw, 317px\" \/><\/p>\n<p><strong><span style=\"color: #0000ff;\">Actos del CINCUENTENARIO -7 noviemb<\/span><\/strong><strong><span style=\"color: #0000ff;\">re-<\/span><\/strong><\/p>\n<p><strong><span style=\"color: #0000ff;\">Exposici\u00f3n de Coleccionismo \u00abCupones de la ONCE\u00bb \u00abModelismo ferroviario y afeitado cl\u00e1sico\u00bb<\/span><\/strong><\/p>\n<p style=\"text-align: justify;\">Dentro de los actos programados para este a\u00f1o por el Grupo Filat\u00e9lico y Numism\u00e1tico de Algeciras con motivo del cincuentenario de su fundaci\u00f3n, el pasado 7 de noviembre a las 20 horas se inaugur\u00f3 la Exposici\u00f3n con la presencia de los ediles del Excmo. Ayuntamiento de Algeciras, D. Fernando Silva y D\u00aa Ana Maria Jarillo, la delegada en Algeciras de la ONCE, la junta directiva del Grupo, y numeroso p\u00fablico que pudo contemplar y escuchar de propia voz de los expositores sus colecciones.<\/p>\n<p style=\"text-align: justify;\">Como en anteriores ocasiones se pudo contar el matasellos tur\u00edstico de la ciudad, que tan gentilmente nos trae hasta nuestro local los responsables de Correos. El mismo se pudo estampar en las dos postales alusivas a los dos coleccionismos y que el Grupo Filat\u00e9lico ha editado para esta ocasi\u00f3n.<\/p>\n<p><img loading=\"lazy\" decoding=\"async\" class=\" wp-image-1936 aligncenter\" src=\"http:\/\/www.grupo-algeciras.com\/wpress\/wp-content\/uploads\/Directiva-300x154.jpg\" alt=\"\" width=\"391\" height=\"205\" \/><\/p>\n<p><strong><span style=\"color: #0000ff;\">Actos del CINCUENTENARIO -14 octubre-<\/span><\/strong><\/p>\n<p><strong><span style=\"color: #0000ff;\">Entrega de la MEDALLA al M\u00e9rito Filat\u00e9lico al Grupo Filat\u00e9lico y Numism\u00e1tico de Algeciras<\/span><\/strong><\/p>\n<p><img loading=\"lazy\" decoding=\"async\" class=\"size-medium wp-image-1931 aligncenter\" src=\"http:\/\/www.grupo-algeciras.com\/wpress\/wp-content\/uploads\/Entrega-medlla-200x300.jpg\" alt=\"\" width=\"200\" height=\"300\" srcset=\"http:\/\/www.grupo-algeciras.com\/wpress\/wp-content\/uploads\/Entrega-medlla-200x300.jpg 200w, http:\/\/www.grupo-algeciras.com\/wpress\/wp-content\/uploads\/Entrega-medlla-768x1152.jpg 768w, http:\/\/www.grupo-algeciras.com\/wpress\/wp-content\/uploads\/Entrega-medlla-680x1020.jpg 680w, http:\/\/www.grupo-algeciras.com\/wpress\/wp-content\/uploads\/Entrega-medlla-624x936.jpg 624w\" sizes=\"auto, (max-width: 200px) 100vw, 200px\" \/><\/p>\n<p>La entrega de la medalla se realiz\u00f3 en la cena de Plamar\u00e9s de la EXFILNA de Portugalete, la misma fue entragada por el presidente de la Federacion Espa\u00f1ola de Sociedades Filat\u00e9licas FESOFI.<\/p>\n<p><strong><span style=\"color: #0000ff;\">Actos del CINCUENTENARIO -6 octubre-<\/span><\/strong><\/p>\n<p><strong><span style=\"color: #0000ff;\">XXVII EXPOSICI\u00d3N FILAT\u00c9LICA Y DE COLECCIONISMO<\/span><\/strong><\/p>\n<p>El 6 de octubre en el Centro Cultural Jos\u00e9 Luis Cano se inaugur\u00f3 la Exposici\u00f3n Filat\u00e9lica conmemorativa del cincuentenario del Grupo Filat\u00e9lico y Numism\u00e1tico de Algeciras, la\u00a0 misma estuvo presidida por el Sr. Alcalde de la ciudad D. Juan Ignacio Landaluce, la edil de cultura D\u00aa Pilar Pintor, el Presidente del Grupo y Junta Directiva, numerosos socios y un numeroso p\u00fablico.<\/p>\n<p>En esta ocasi\u00f3n tuvimos la suerte de tener Estafeta Temporal de Correos con el matasellos conmemorativo del aniversario, que fu\u00e9 estampado en numerosos documentos para el recuerdo de este Evento.<\/p>\n<p>&nbsp;<\/p>\n<p><img loading=\"lazy\" decoding=\"async\" class=\"alignnone size-medium wp-image-1922\" src=\"http:\/\/www.grupo-algeciras.com\/wpress\/wp-content\/uploads\/Matasello-2--300x216.jpg\" alt=\"\" width=\"300\" height=\"216\" srcset=\"http:\/\/www.grupo-algeciras.com\/wpress\/wp-content\/uploads\/Matasello-2--300x216.jpg 300w, http:\/\/www.grupo-algeciras.com\/wpress\/wp-content\/uploads\/Matasello-2--768x552.jpg 768w, http:\/\/www.grupo-algeciras.com\/wpress\/wp-content\/uploads\/Matasello-2--680x489.jpg 680w, http:\/\/www.grupo-algeciras.com\/wpress\/wp-content\/uploads\/Matasello-2--624x449.jpg 624w, http:\/\/www.grupo-algeciras.com\/wpress\/wp-content\/uploads\/Matasello-2-.jpg 1718w\" sizes=\"auto, (max-width: 300px) 100vw, 300px\" \/>\u00a0 \u00a0 \u00a0\u00a0<img loading=\"lazy\" decoding=\"async\" class=\"alignnone size-medium wp-image-1923\" src=\"http:\/\/www.grupo-algeciras.com\/wpress\/wp-content\/uploads\/Matasello-3--300x209.jpg\" alt=\"\" width=\"300\" height=\"209\" srcset=\"http:\/\/www.grupo-algeciras.com\/wpress\/wp-content\/uploads\/Matasello-3--300x209.jpg 300w, http:\/\/www.grupo-algeciras.com\/wpress\/wp-content\/uploads\/Matasello-3--768x535.jpg 768w, http:\/\/www.grupo-algeciras.com\/wpress\/wp-content\/uploads\/Matasello-3--680x474.jpg 680w, http:\/\/www.grupo-algeciras.com\/wpress\/wp-content\/uploads\/Matasello-3--624x435.jpg 624w, http:\/\/www.grupo-algeciras.com\/wpress\/wp-content\/uploads\/Matasello-3-.jpg 1750w\" sizes=\"auto, (max-width: 300px) 100vw, 300px\" \/> <img loading=\"lazy\" decoding=\"async\" class=\"alignnone size-medium wp-image-1924\" src=\"http:\/\/www.grupo-algeciras.com\/wpress\/wp-content\/uploads\/Matasello-5--300x211.jpg\" alt=\"\" width=\"300\" height=\"211\" srcset=\"http:\/\/www.grupo-algeciras.com\/wpress\/wp-content\/uploads\/Matasello-5--300x211.jpg 300w, http:\/\/www.grupo-algeciras.com\/wpress\/wp-content\/uploads\/Matasello-5--768x541.jpg 768w, http:\/\/www.grupo-algeciras.com\/wpress\/wp-content\/uploads\/Matasello-5--680x479.jpg 680w, http:\/\/www.grupo-algeciras.com\/wpress\/wp-content\/uploads\/Matasello-5--624x440.jpg 624w, http:\/\/www.grupo-algeciras.com\/wpress\/wp-content\/uploads\/Matasello-5-.jpg 1766w\" sizes=\"auto, (max-width: 300px) 100vw, 300px\" \/>\u00a0 \u00a0 \u00a0 <img loading=\"lazy\" decoding=\"async\" class=\"alignnone size-medium wp-image-1925\" src=\"http:\/\/www.grupo-algeciras.com\/wpress\/wp-content\/uploads\/Matasello-6--300x212.jpg\" alt=\"\" width=\"300\" height=\"212\" srcset=\"http:\/\/www.grupo-algeciras.com\/wpress\/wp-content\/uploads\/Matasello-6--300x212.jpg 300w, http:\/\/www.grupo-algeciras.com\/wpress\/wp-content\/uploads\/Matasello-6--768x544.jpg 768w, http:\/\/www.grupo-algeciras.com\/wpress\/wp-content\/uploads\/Matasello-6--680x481.jpg 680w, http:\/\/www.grupo-algeciras.com\/wpress\/wp-content\/uploads\/Matasello-6--624x442.jpg 624w, http:\/\/www.grupo-algeciras.com\/wpress\/wp-content\/uploads\/Matasello-6-.jpg 1757w\" sizes=\"auto, (max-width: 300px) 100vw, 300px\" \/><\/p>\n<p><strong><span style=\"color: #0000ff;\">Actos del CINCUENTENARIO -19 septiembre-<\/span><\/strong><\/p>\n<p><strong><span style=\"color: #0000ff;\">La Exposici\u00f3n Escolar inaugura el curso acad\u00e9mico en nuestra ciudad.<\/span><\/strong><\/p>\n<p>A las 11 de la ma\u00f1ana se present\u00f3 la Exposici\u00f3n Escolar del curso 2017-2016 en el Colegio Blanca de los Rios de nuestra ciudad.<\/p>\n<p><img loading=\"lazy\" decoding=\"async\" class=\"size-medium wp-image-1902 aligncenter\" src=\"http:\/\/www.grupo-algeciras.com\/wpress\/wp-content\/uploads\/Inauguraci\u00f3n-escolar-300x226.jpg\" alt=\"\" width=\"300\" height=\"226\" srcset=\"http:\/\/www.grupo-algeciras.com\/wpress\/wp-content\/uploads\/Inauguraci\u00f3n-escolar-300x226.jpg 300w, http:\/\/www.grupo-algeciras.com\/wpress\/wp-content\/uploads\/Inauguraci\u00f3n-escolar.jpg 429w\" sizes=\"auto, (max-width: 300px) 100vw, 300px\" \/><\/p>\n<p><img loading=\"lazy\" decoding=\"async\" class=\"alignnone size-medium wp-image-1903\" src=\"http:\/\/www.grupo-algeciras.com\/wpress\/wp-content\/uploads\/Inauguracion-web-300x225.jpg\" alt=\"\" width=\"300\" height=\"225\" srcset=\"http:\/\/www.grupo-algeciras.com\/wpress\/wp-content\/uploads\/Inauguracion-web-300x225.jpg 300w, http:\/\/www.grupo-algeciras.com\/wpress\/wp-content\/uploads\/Inauguracion-web-768x576.jpg 768w, http:\/\/www.grupo-algeciras.com\/wpress\/wp-content\/uploads\/Inauguracion-web-680x510.jpg 680w, http:\/\/www.grupo-algeciras.com\/wpress\/wp-content\/uploads\/Inauguracion-web-624x468.jpg 624w, http:\/\/www.grupo-algeciras.com\/wpress\/wp-content\/uploads\/Inauguracion-web.jpg 1600w\" sizes=\"auto, (max-width: 300px) 100vw, 300px\" \/>\u00a0\u00a0<img loading=\"lazy\" decoding=\"async\" class=\"alignnone size-medium wp-image-1904\" src=\"http:\/\/www.grupo-algeciras.com\/wpress\/wp-content\/uploads\/Inauguracion-web-2--300x225.jpg\" alt=\"\" width=\"300\" height=\"225\" srcset=\"http:\/\/www.grupo-algeciras.com\/wpress\/wp-content\/uploads\/Inauguracion-web-2--300x225.jpg 300w, http:\/\/www.grupo-algeciras.com\/wpress\/wp-content\/uploads\/Inauguracion-web-2--768x576.jpg 768w, http:\/\/www.grupo-algeciras.com\/wpress\/wp-content\/uploads\/Inauguracion-web-2--680x510.jpg 680w, http:\/\/www.grupo-algeciras.com\/wpress\/wp-content\/uploads\/Inauguracion-web-2--624x468.jpg 624w, http:\/\/www.grupo-algeciras.com\/wpress\/wp-content\/uploads\/Inauguracion-web-2-.jpg 1600w\" sizes=\"auto, (max-width: 300px) 100vw, 300px\" \/><\/p>\n<p>La delegada de Educaci\u00f3n Laura Ruiz, Vanesa Rodriguez directora del Centro, Jos\u00e9 Pedro G\u00f3mez Ag\u00fcero vicepresidente de FESOFI, Diego Rebolo director de la oficina de Correos de la ciudad, Juan Pan\u00e9s y Andr\u00e9s Andrades del Grupo Filat\u00e9lico y la prensa local estuvieron presentes en la inauguraci\u00f3n junto a Juan Carlos Calvo monitor de estas Exposiciones escolares.<\/p>\n<p>Se han presentado tres sellos personalizados con motivos del Colegio y otro que ha sido el ganador de entre los alumnos del Colegio que han participado en el Concurso \u00abpinta un sello de tu ciudad\u00bb<\/p>\n<p><strong><span style=\"color: #0000ff;\">Actos del CINCUENTENARIO -19 septiembre-<\/span><\/strong><\/p>\n<p><img loading=\"lazy\" decoding=\"async\" class=\"alignnone size-medium wp-image-1905\" src=\"http:\/\/www.grupo-algeciras.com\/wpress\/wp-content\/uploads\/Conferencia-para-la-web-300x225.jpg\" alt=\"\" width=\"300\" height=\"225\" srcset=\"http:\/\/www.grupo-algeciras.com\/wpress\/wp-content\/uploads\/Conferencia-para-la-web-300x225.jpg 300w, http:\/\/www.grupo-algeciras.com\/wpress\/wp-content\/uploads\/Conferencia-para-la-web-768x576.jpg 768w, http:\/\/www.grupo-algeciras.com\/wpress\/wp-content\/uploads\/Conferencia-para-la-web-680x510.jpg 680w, http:\/\/www.grupo-algeciras.com\/wpress\/wp-content\/uploads\/Conferencia-para-la-web-624x468.jpg 624w, http:\/\/www.grupo-algeciras.com\/wpress\/wp-content\/uploads\/Conferencia-para-la-web.jpg 1600w\" sizes=\"auto, (max-width: 300px) 100vw, 300px\" \/>\u00a0\u00a0 <img loading=\"lazy\" decoding=\"async\" class=\"alignnone size-medium wp-image-1906\" src=\"http:\/\/www.grupo-algeciras.com\/wpress\/wp-content\/uploads\/IMG-20170919-WA0042-300x225.jpg\" alt=\"\" width=\"300\" height=\"225\" srcset=\"http:\/\/www.grupo-algeciras.com\/wpress\/wp-content\/uploads\/IMG-20170919-WA0042-300x225.jpg 300w, http:\/\/www.grupo-algeciras.com\/wpress\/wp-content\/uploads\/IMG-20170919-WA0042-768x576.jpg 768w, http:\/\/www.grupo-algeciras.com\/wpress\/wp-content\/uploads\/IMG-20170919-WA0042-680x510.jpg 680w, http:\/\/www.grupo-algeciras.com\/wpress\/wp-content\/uploads\/IMG-20170919-WA0042-624x468.jpg 624w, http:\/\/www.grupo-algeciras.com\/wpress\/wp-content\/uploads\/IMG-20170919-WA0042.jpg 1600w\" sizes=\"auto, (max-width: 300px) 100vw, 300px\" \/><\/p>\n<p>Conferencia impartida por Jos\u00e9 Pedro G\u00f3mez Ag\u00fcero en la sede social del Grupo, sobre \u00abApuntes sobre Filatelia tem\u00e1tica\u00bb donde explic\u00f3 todo el temario para realizar una participaci\u00f3n tem\u00e1tica.<\/p>\n<p><strong><span style=\"color: #0000ff;\">Actos del CINCUENTENARIO \u00a0-8 septiembre-<\/span><\/strong><\/p>\n<p style=\"text-align: justify;\">El pasado viernes 8 de septiembre fue inaugurada la Exposici\u00f3n Filat\u00e9lica, Numism\u00e1tica y de Soldaditos de plomo del socio D. Manuel Riscart Delgado. Adem\u00e1s de una colecci\u00f3n de figuras \u00abpin y pon\u00bb de la nieta de Manuel Riscart.<\/p>\n<p style=\"text-align: justify;\">El acto estuvo presidido por la teniente de alcalde delegada de cultura, Pilar Pintor, la muestra podr\u00e1 visitarse hasta el d\u00eda 29 de septiembre. Gracias a la gentileza del Correo local pudimos tener en nuestra Expo. el matasellos tur\u00edstico que tanto aprecian los visitantes.<\/p>\n<p style=\"text-align: justify;\">La edil estuvo acompa\u00f1ada del presidente del colectivo, Juan Pan\u00e9s, as\u00ed como los integrantes de la directiva y socios del Grupo, adem\u00e1s de por el concejal de Fomento y Empleo, Diego Salas, asistiendo tambi\u00e9n los ediles socialistas Fernando Silva y F\u00e9lix Luque. Se cont\u00f3 con la presencia del ex alcalde Juan Antonio Palacios y presidentes de otros colectivos locales.<\/p>\n<p style=\"text-align: justify;\">Como novedad se ha expuesto la colecci\u00f3n de los mu\u00f1ecos \u201cpin y pon\u201d de Ainoa Revidiego Riscart, el futuro del coleccionismo lo dejamos en sus manos. Al menos tiene mucha ilusi\u00f3n, siendo la estrella de la inauguraci\u00f3n, quitando el protagonismo a su abuelo.<\/p>\n<p style=\"text-align: justify;\"><img loading=\"lazy\" decoding=\"async\" class=\"alignnone size-medium wp-image-1893\" src=\"http:\/\/www.grupo-algeciras.com\/wpress\/wp-content\/uploads\/Postales-soldaditos-de-plomo-anverso-300x214.jpg\" alt=\"\" width=\"300\" height=\"214\" srcset=\"http:\/\/www.grupo-algeciras.com\/wpress\/wp-content\/uploads\/Postales-soldaditos-de-plomo-anverso-300x214.jpg 300w, http:\/\/www.grupo-algeciras.com\/wpress\/wp-content\/uploads\/Postales-soldaditos-de-plomo-anverso-768x547.jpg 768w, http:\/\/www.grupo-algeciras.com\/wpress\/wp-content\/uploads\/Postales-soldaditos-de-plomo-anverso-680x485.jpg 680w, http:\/\/www.grupo-algeciras.com\/wpress\/wp-content\/uploads\/Postales-soldaditos-de-plomo-anverso-624x445.jpg 624w, http:\/\/www.grupo-algeciras.com\/wpress\/wp-content\/uploads\/Postales-soldaditos-de-plomo-anverso.jpg 1720w\" sizes=\"auto, (max-width: 300px) 100vw, 300px\" \/>\u00a0 \u00a0 \u00a0<img loading=\"lazy\" decoding=\"async\" class=\"alignnone size-medium wp-image-1894\" src=\"http:\/\/www.grupo-algeciras.com\/wpress\/wp-content\/uploads\/Postales-soldaditos-de-plomo-reverso-300x212.jpg\" alt=\"\" width=\"300\" height=\"212\" srcset=\"http:\/\/www.grupo-algeciras.com\/wpress\/wp-content\/uploads\/Postales-soldaditos-de-plomo-reverso-300x212.jpg 300w, http:\/\/www.grupo-algeciras.com\/wpress\/wp-content\/uploads\/Postales-soldaditos-de-plomo-reverso-768x542.jpg 768w, http:\/\/www.grupo-algeciras.com\/wpress\/wp-content\/uploads\/Postales-soldaditos-de-plomo-reverso-680x480.jpg 680w, http:\/\/www.grupo-algeciras.com\/wpress\/wp-content\/uploads\/Postales-soldaditos-de-plomo-reverso-624x441.jpg 624w, http:\/\/www.grupo-algeciras.com\/wpress\/wp-content\/uploads\/Postales-soldaditos-de-plomo-reverso.jpg 1738w\" sizes=\"auto, (max-width: 300px) 100vw, 300px\" \/><\/p>\n<p style=\"text-align: justify;\"><img loading=\"lazy\" decoding=\"async\" class=\"alignnone size-medium wp-image-1895\" src=\"http:\/\/www.grupo-algeciras.com\/wpress\/wp-content\/uploads\/IMG-20170909-WA0059-300x244.jpg\" width=\"300\" height=\"244\" srcset=\"http:\/\/www.grupo-algeciras.com\/wpress\/wp-content\/uploads\/IMG-20170909-WA0059-300x244.jpg 300w, http:\/\/www.grupo-algeciras.com\/wpress\/wp-content\/uploads\/IMG-20170909-WA0059-768x626.jpg 768w, http:\/\/www.grupo-algeciras.com\/wpress\/wp-content\/uploads\/IMG-20170909-WA0059-680x554.jpg 680w, http:\/\/www.grupo-algeciras.com\/wpress\/wp-content\/uploads\/IMG-20170909-WA0059-624x508.jpg 624w, http:\/\/www.grupo-algeciras.com\/wpress\/wp-content\/uploads\/IMG-20170909-WA0059.jpg 1171w\" sizes=\"auto, (max-width: 300px) 100vw, 300px\" \/>\u00a0 \u00a0\u00a0<img loading=\"lazy\" decoding=\"async\" class=\"alignnone size-medium wp-image-1896\" src=\"http:\/\/www.grupo-algeciras.com\/wpress\/wp-content\/uploads\/IMG-20170909-WA0037-300x218.jpg\" width=\"336\" height=\"244\" srcset=\"http:\/\/www.grupo-algeciras.com\/wpress\/wp-content\/uploads\/IMG-20170909-WA0037-300x218.jpg 300w, http:\/\/www.grupo-algeciras.com\/wpress\/wp-content\/uploads\/IMG-20170909-WA0037-768x558.jpg 768w, http:\/\/www.grupo-algeciras.com\/wpress\/wp-content\/uploads\/IMG-20170909-WA0037-680x494.jpg 680w, http:\/\/www.grupo-algeciras.com\/wpress\/wp-content\/uploads\/IMG-20170909-WA0037-624x454.jpg 624w, http:\/\/www.grupo-algeciras.com\/wpress\/wp-content\/uploads\/IMG-20170909-WA0037.jpg 1102w\" sizes=\"auto, (max-width: 336px) 100vw, 336px\" \/><\/p>\n<p style=\"text-align: justify;\"><span style=\"font-size: 12pt; color: #0000ff;\"><strong>MEDALLA DE PLATA AL M\u00c9RITO FILAT\u00c9LICO<\/strong><\/span><\/p>\n<p><img loading=\"lazy\" decoding=\"async\" class=\"size-medium wp-image-1878 aligncenter\" src=\"http:\/\/www.grupo-algeciras.com\/wpress\/wp-content\/uploads\/Medalla-PLATA-212x300.jpg\" width=\"212\" height=\"300\" srcset=\"http:\/\/www.grupo-algeciras.com\/wpress\/wp-content\/uploads\/Medalla-PLATA-212x300.jpg 212w, http:\/\/www.grupo-algeciras.com\/wpress\/wp-content\/uploads\/Medalla-PLATA-768x1086.jpg 768w, http:\/\/www.grupo-algeciras.com\/wpress\/wp-content\/uploads\/Medalla-PLATA-680x961.jpg 680w, http:\/\/www.grupo-algeciras.com\/wpress\/wp-content\/uploads\/Medalla-PLATA-624x882.jpg 624w, http:\/\/www.grupo-algeciras.com\/wpress\/wp-content\/uploads\/Medalla-PLATA.jpg 1654w\" sizes=\"auto, (max-width: 212px) 100vw, 212px\" \/><\/p>\n<p>Con fecha 10 de julio se nos concede la MEDALLA DE PLATA AL M\u00c9RITO FILAT\u00c9LICO.<\/p>\n<p>Algo estaremos haciendo bien, no? Es la medalla de TODOS y la celebraremos juntos.<\/p>\n<p>&nbsp;<\/p>\n<p><span style=\"color: #0000ff;\"><strong>\u00abLa Caracolada\u00bb<\/strong><\/span><\/p>\n<p style=\"text-align: justify;\">El d\u00eda 10 (no todo iba a ser coleccionismo) celebramos la \u00abCaracolada\u00bb gracias al motoclub \u00abAl sur del sur\u00bb que nos cedieron su local para nuestra caracolada, que al final se convirti\u00f3 en una gran fiesta con caracoles, callos, carnes y otros productos de nuestra tierra, regados con abundante liquido elemento.<\/p>\n<p style=\"text-align: justify;\"><img loading=\"lazy\" decoding=\"async\" class=\"alignnone wp-image-1859\" src=\"http:\/\/www.grupo-algeciras.com\/wpress\/wp-content\/uploads\/20170610_155158-300x169.jpg\" alt=\"\" width=\"398\" height=\"224\" srcset=\"http:\/\/www.grupo-algeciras.com\/wpress\/wp-content\/uploads\/20170610_155158-300x169.jpg 300w, http:\/\/www.grupo-algeciras.com\/wpress\/wp-content\/uploads\/20170610_155158-768x432.jpg 768w, http:\/\/www.grupo-algeciras.com\/wpress\/wp-content\/uploads\/20170610_155158-680x383.jpg 680w, http:\/\/www.grupo-algeciras.com\/wpress\/wp-content\/uploads\/20170610_155158-624x351.jpg 624w\" sizes=\"auto, (max-width: 398px) 100vw, 398px\" \/>\u00a0\u00a0<img loading=\"lazy\" decoding=\"async\" class=\"alignnone size-medium wp-image-1861\" src=\"http:\/\/www.grupo-algeciras.com\/wpress\/wp-content\/uploads\/IMG-20170610-WA0022-1-e1497282958872-300x225.jpeg\" alt=\"\" width=\"300\" height=\"225\" srcset=\"http:\/\/www.grupo-algeciras.com\/wpress\/wp-content\/uploads\/IMG-20170610-WA0022-1-e1497282958872-300x225.jpeg 300w, http:\/\/www.grupo-algeciras.com\/wpress\/wp-content\/uploads\/IMG-20170610-WA0022-1-e1497282958872-768x576.jpeg 768w, http:\/\/www.grupo-algeciras.com\/wpress\/wp-content\/uploads\/IMG-20170610-WA0022-1-e1497282958872-680x510.jpeg 680w, http:\/\/www.grupo-algeciras.com\/wpress\/wp-content\/uploads\/IMG-20170610-WA0022-1-e1497282958872-624x468.jpeg 624w\" sizes=\"auto, (max-width: 300px) 100vw, 300px\" \/><\/p>\n<p style=\"text-align: justify;\"><strong><span style=\"color: #0000ff;\">Actos del CINCUENTENARIO 2 y 9 de junio-<\/span><\/strong><\/p>\n<p style=\"text-align: justify;\">El 2 de junio a las 19,30 horas en el local social del Grupo tuvo lugar la inauguraci\u00f3n de la Exposici\u00f3n Filat\u00e9lica \u00abEl Zeppelin\u00bb y de Coleccionismo \u00abPosavasos\u00bb<\/p>\n<p style=\"text-align: justify;\">Al Acto acudieron junto a la junta directiva un elevado n\u00famero de socios y amigos, donde pudieron observar y comentar las colecciones de Fausto Luis Dominguez Fern\u00e1ndez, tanto la de posavasos con sus historias, como la del dirigible Zeppelin. Como en ocasiones similares tuvimos la presencia del matasellos tur\u00edstico de la ciudad.<\/p>\n<p style=\"text-align: justify;\"><img loading=\"lazy\" decoding=\"async\" class=\"alignnone size-medium wp-image-1849\" src=\"http:\/\/www.grupo-algeciras.com\/wpress\/wp-content\/uploads\/Mataselladas-2--300x219.jpg\" alt=\"\" width=\"300\" height=\"219\" srcset=\"http:\/\/www.grupo-algeciras.com\/wpress\/wp-content\/uploads\/Mataselladas-2--300x219.jpg 300w, http:\/\/www.grupo-algeciras.com\/wpress\/wp-content\/uploads\/Mataselladas-2--768x560.jpg 768w, http:\/\/www.grupo-algeciras.com\/wpress\/wp-content\/uploads\/Mataselladas-2--680x496.jpg 680w, http:\/\/www.grupo-algeciras.com\/wpress\/wp-content\/uploads\/Mataselladas-2--624x455.jpg 624w, http:\/\/www.grupo-algeciras.com\/wpress\/wp-content\/uploads\/Mataselladas-2-.jpg 1704w\" sizes=\"auto, (max-width: 300px) 100vw, 300px\" \/>\u00a0 \u00a0 \u00a0\u00a0<img loading=\"lazy\" decoding=\"async\" class=\"alignnone size-medium wp-image-1850\" src=\"http:\/\/www.grupo-algeciras.com\/wpress\/wp-content\/uploads\/Mataselladas-3--300x215.jpg\" alt=\"\" width=\"300\" height=\"215\" srcset=\"http:\/\/www.grupo-algeciras.com\/wpress\/wp-content\/uploads\/Mataselladas-3--300x215.jpg 300w, http:\/\/www.grupo-algeciras.com\/wpress\/wp-content\/uploads\/Mataselladas-3--768x551.jpg 768w, http:\/\/www.grupo-algeciras.com\/wpress\/wp-content\/uploads\/Mataselladas-3--680x488.jpg 680w, http:\/\/www.grupo-algeciras.com\/wpress\/wp-content\/uploads\/Mataselladas-3--624x448.jpg 624w, http:\/\/www.grupo-algeciras.com\/wpress\/wp-content\/uploads\/Mataselladas-3-.jpg 1701w\" sizes=\"auto, (max-width: 300px) 100vw, 300px\" \/><\/p>\n<p style=\"text-align: justify;\"><img loading=\"lazy\" decoding=\"async\" class=\"alignnone size-medium wp-image-1851\" src=\"http:\/\/www.grupo-algeciras.com\/wpress\/wp-content\/uploads\/IMG-20170602-WA0035-300x225.jpg\" alt=\"\" width=\"300\" height=\"225\" srcset=\"http:\/\/www.grupo-algeciras.com\/wpress\/wp-content\/uploads\/IMG-20170602-WA0035-300x225.jpg 300w, http:\/\/www.grupo-algeciras.com\/wpress\/wp-content\/uploads\/IMG-20170602-WA0035-768x576.jpg 768w, http:\/\/www.grupo-algeciras.com\/wpress\/wp-content\/uploads\/IMG-20170602-WA0035-680x510.jpg 680w, http:\/\/www.grupo-algeciras.com\/wpress\/wp-content\/uploads\/IMG-20170602-WA0035-624x468.jpg 624w, http:\/\/www.grupo-algeciras.com\/wpress\/wp-content\/uploads\/IMG-20170602-WA0035.jpg 1600w\" sizes=\"auto, (max-width: 300px) 100vw, 300px\" \/>\u00a0 \u00a0 \u00a0\u00a0<img loading=\"lazy\" decoding=\"async\" class=\"alignnone size-medium wp-image-1852\" src=\"http:\/\/www.grupo-algeciras.com\/wpress\/wp-content\/uploads\/IMG-20170602-WA0061-300x225.jpg\" alt=\"\" width=\"300\" height=\"225\" srcset=\"http:\/\/www.grupo-algeciras.com\/wpress\/wp-content\/uploads\/IMG-20170602-WA0061-300x225.jpg 300w, http:\/\/www.grupo-algeciras.com\/wpress\/wp-content\/uploads\/IMG-20170602-WA0061-768x576.jpg 768w, http:\/\/www.grupo-algeciras.com\/wpress\/wp-content\/uploads\/IMG-20170602-WA0061-680x510.jpg 680w, http:\/\/www.grupo-algeciras.com\/wpress\/wp-content\/uploads\/IMG-20170602-WA0061-624x468.jpg 624w, http:\/\/www.grupo-algeciras.com\/wpress\/wp-content\/uploads\/IMG-20170602-WA0061.jpg 1600w\" sizes=\"auto, (max-width: 300px) 100vw, 300px\" \/><\/p>\n<p style=\"text-align: justify;\">Con la asistencia del Delegado de Fomento del Ayuntamiento de Algeciras D. Diego Salas, la junta directiva del Grupo Filat\u00e9lico y el sal\u00f3n social lleno, el d\u00eda 9 de junio D. Fausto Luis Dom\u00ednguez Fern\u00e1ndez ha presentado una y muy instructiva conferencia de su colecci\u00f3n \u201cEl Zeppelin\u201d como motivo principal, para ir desarrollando el medio de transporte de viajeros y de correspondencia del este medio tan interesante de los primeros cuarenta a\u00f1os del siglo XX; la misma result\u00f3 interesante tanto desde el punto de vista filat\u00e9lico como del medio de transporte. Al final del acto Fausto nos obsequi\u00f3 con una postal de los \u00abZeppelines\u00bb<\/p>\n<p style=\"text-align: justify;\"><img loading=\"lazy\" decoding=\"async\" class=\"alignnone size-medium wp-image-1857\" src=\"http:\/\/www.grupo-algeciras.com\/wpress\/wp-content\/uploads\/IMG-20170609-WA0021-300x225.jpg\" alt=\"\" width=\"300\" height=\"225\" srcset=\"http:\/\/www.grupo-algeciras.com\/wpress\/wp-content\/uploads\/IMG-20170609-WA0021-300x225.jpg 300w, http:\/\/www.grupo-algeciras.com\/wpress\/wp-content\/uploads\/IMG-20170609-WA0021-768x576.jpg 768w, http:\/\/www.grupo-algeciras.com\/wpress\/wp-content\/uploads\/IMG-20170609-WA0021-680x510.jpg 680w, http:\/\/www.grupo-algeciras.com\/wpress\/wp-content\/uploads\/IMG-20170609-WA0021-624x468.jpg 624w, http:\/\/www.grupo-algeciras.com\/wpress\/wp-content\/uploads\/IMG-20170609-WA0021.jpg 1600w\" sizes=\"auto, (max-width: 300px) 100vw, 300px\" \/>\u00a0 \u00a0\u00a0<img loading=\"lazy\" decoding=\"async\" class=\"alignnone size-medium wp-image-1858\" src=\"http:\/\/www.grupo-algeciras.com\/wpress\/wp-content\/uploads\/IMG-20170609-WA0055-300x225.jpg\" alt=\"\" width=\"300\" height=\"225\" srcset=\"http:\/\/www.grupo-algeciras.com\/wpress\/wp-content\/uploads\/IMG-20170609-WA0055-300x225.jpg 300w, http:\/\/www.grupo-algeciras.com\/wpress\/wp-content\/uploads\/IMG-20170609-WA0055-768x576.jpg 768w, http:\/\/www.grupo-algeciras.com\/wpress\/wp-content\/uploads\/IMG-20170609-WA0055-680x510.jpg 680w, http:\/\/www.grupo-algeciras.com\/wpress\/wp-content\/uploads\/IMG-20170609-WA0055-624x468.jpg 624w, http:\/\/www.grupo-algeciras.com\/wpress\/wp-content\/uploads\/IMG-20170609-WA0055.jpg 1600w\" sizes=\"auto, (max-width: 300px) 100vw, 300px\" \/><\/p>\n<p>&nbsp;<\/p>\n<p><strong><span style=\"color: #0000ff;\">Actos del CINCUENTENARIO -5 y 19\u00a0de mayo-<\/span><\/strong><\/p>\n<p style=\"text-align: justify;\">D\u00eda 5 de mayo a las 19,30 horas tuvo lugar el acto de inauguraci\u00f3n de la Exposici\u00f3n de coleccionismo \u201cEtiquetas de cervezas\u201d del socio Manuel Riscart Delgado y de los dibujos de \u00abPinta tu sello de Algeciras\u00bb de los alumnos de la Escuela de Arte de Algeciras, con la presencia de la concejala del Excmo. Ayuntamiento de la ciudad D\u00aa Francisca Pizarro, profesores de la EA, Junta directiva al completo y numerosos socios y amigos. Tras las primeras palabras del presidente del Grupo y de la concejal tuvo lugar el acto protocolario del estampado del matasellos tur\u00edstico de la ciudad que tan gentilmente traslad\u00f3 hasta nuestro local la jefa de Correos local.<\/p>\n<p style=\"text-align: justify;\"><img loading=\"lazy\" decoding=\"async\" class=\"alignnone size-medium wp-image-1816\" src=\"http:\/\/www.grupo-algeciras.com\/wpress\/wp-content\/uploads\/Noticias\/Oficial-300x225.jpg\" alt=\"\" width=\"300\" height=\"225\" srcset=\"http:\/\/www.grupo-algeciras.com\/wpress\/wp-content\/uploads\/Noticias\/Oficial-300x225.jpg 300w, http:\/\/www.grupo-algeciras.com\/wpress\/wp-content\/uploads\/Noticias\/Oficial-768x576.jpg 768w, http:\/\/www.grupo-algeciras.com\/wpress\/wp-content\/uploads\/Noticias\/Oficial-680x510.jpg 680w, http:\/\/www.grupo-algeciras.com\/wpress\/wp-content\/uploads\/Noticias\/Oficial-624x468.jpg 624w, http:\/\/www.grupo-algeciras.com\/wpress\/wp-content\/uploads\/Noticias\/Oficial.jpg 1600w\" sizes=\"auto, (max-width: 300px) 100vw, 300px\" \/>\u00a0 \u00a0 \u00a0<img loading=\"lazy\" decoding=\"async\" class=\"alignnone size-medium wp-image-1817\" src=\"http:\/\/www.grupo-algeciras.com\/wpress\/wp-content\/uploads\/Noticias\/segunda-300x225.jpg\" alt=\"\" width=\"300\" height=\"225\" srcset=\"http:\/\/www.grupo-algeciras.com\/wpress\/wp-content\/uploads\/Noticias\/segunda-300x225.jpg 300w, http:\/\/www.grupo-algeciras.com\/wpress\/wp-content\/uploads\/Noticias\/segunda-768x576.jpg 768w, http:\/\/www.grupo-algeciras.com\/wpress\/wp-content\/uploads\/Noticias\/segunda-680x510.jpg 680w, http:\/\/www.grupo-algeciras.com\/wpress\/wp-content\/uploads\/Noticias\/segunda-624x468.jpg 624w, http:\/\/www.grupo-algeciras.com\/wpress\/wp-content\/uploads\/Noticias\/segunda.jpg 1024w\" sizes=\"auto, (max-width: 300px) 100vw, 300px\" \/><\/p>\n<p style=\"text-align: justify;\">El d\u00eda 19 de mayo D. Manuel Riscart departi\u00f3 una amena charla sobre la historia de la cerveza y sobre todo de las etiquetas de cerveza. Con una charla afable y muy entra\u00f1able ante el numero p\u00fablico que se hab\u00eda congregado en nuestro local social. Al final del acto Manolo hizo entrega de una postal dedicada a la cerveza como recuerdo del mismo. Otro recuerdo que agragar a todos los actos del cincuentenario de nuestro Grupo.<\/p>\n<p><img loading=\"lazy\" decoding=\"async\" class=\"alignnone size-medium wp-image-1842\" src=\"http:\/\/www.grupo-algeciras.com\/wpress\/wp-content\/uploads\/conferencia-2--300x197.jpg\" alt=\"\" width=\"300\" height=\"197\" srcset=\"http:\/\/www.grupo-algeciras.com\/wpress\/wp-content\/uploads\/conferencia-2--300x197.jpg 300w, http:\/\/www.grupo-algeciras.com\/wpress\/wp-content\/uploads\/conferencia-2--768x505.jpg 768w, http:\/\/www.grupo-algeciras.com\/wpress\/wp-content\/uploads\/conferencia-2--680x447.jpg 680w, http:\/\/www.grupo-algeciras.com\/wpress\/wp-content\/uploads\/conferencia-2--624x411.jpg 624w, http:\/\/www.grupo-algeciras.com\/wpress\/wp-content\/uploads\/conferencia-2-.jpg 1158w\" sizes=\"auto, (max-width: 300px) 100vw, 300px\" \/>\u00a0 \u00a0 \u00a0\u00a0<img loading=\"lazy\" decoding=\"async\" class=\"alignnone size-medium wp-image-1843\" src=\"http:\/\/www.grupo-algeciras.com\/wpress\/wp-content\/uploads\/IMG-20170520-WA0014-300x200.jpg\" alt=\"\" width=\"300\" height=\"200\" srcset=\"http:\/\/www.grupo-algeciras.com\/wpress\/wp-content\/uploads\/IMG-20170520-WA0014-300x200.jpg 300w, http:\/\/www.grupo-algeciras.com\/wpress\/wp-content\/uploads\/IMG-20170520-WA0014-768x512.jpg 768w, http:\/\/www.grupo-algeciras.com\/wpress\/wp-content\/uploads\/IMG-20170520-WA0014-680x453.jpg 680w, http:\/\/www.grupo-algeciras.com\/wpress\/wp-content\/uploads\/IMG-20170520-WA0014-624x416.jpg 624w, http:\/\/www.grupo-algeciras.com\/wpress\/wp-content\/uploads\/IMG-20170520-WA0014.jpg 1600w\" sizes=\"auto, (max-width: 300px) 100vw, 300px\" \/><\/p>\n<p>&nbsp;<\/p>\n<p><span style=\"color: #0000ff;\"><strong>Actos del CINCUENTENARIO -4 y 21 de abril-<\/strong><\/span><\/p>\n<p style=\"text-align: justify;\">EXPOSICI\u00d3N FILAT\u00c9LICA TEM\u00c1TICA \u00abLas rapaces\u00bb de Andr\u00e9s Andrades G\u00f3mez. Con la presencia de la delegada de cultura D\u00aa Pilar Pintor, del delegado de fomento D\u00ba Diego Salas, la junta directiva del Grupo y numeroso p\u00fablico, se procedi\u00f3 a la inaguraci\u00f3n de la Muestra. En esta ocasi\u00f3n tambien se cont\u00f3 en la Estafeta temporal con el matasellos tur\u00edstico que Correos tan amablemente traslad\u00f3 a nuestro local social. El expositor hizo un recorrido con los asistentes, explicando el tema de su colecci\u00f3n ante el agrado de todos.<\/p>\n<p style=\"text-align: justify;\">El dia 21 imparti\u00f3 el expositor la conferencia titulada \u00ablas rapaces y el hombre\u00bb en presencia de los dos delegados del Excmo. Ayuntamiento de la ciudad que nos estan acompa\u00f1ando en todos los actos del cincuentenario. El conferenciante fu\u00e9 presentado por D. Jos\u00e9 Luis Andrades ante la grata sorpresa de todos y que con sus amables, gratas y sorpresivas palabras sac\u00f3 el aplausos de todos los asistentes. La conferencia muy amena y corta para explicar la colecci\u00f3n de las rapaces. Al final de la misma el expositor obsequi\u00f3 a los asitentes con sobres franqueados por las aves rapaces gentilmente ofrecidas por Direcci\u00f3n de Filatelia.<\/p>\n<table style=\"width: 648.2px;\">\n<tbody>\n<tr>\n<td style=\"width: 305px;\"><img loading=\"lazy\" decoding=\"async\" class=\"size-medium wp-image-1782 aligncenter\" src=\"http:\/\/www.grupo-algeciras.com\/wpress\/wp-content\/uploads\/Noticias\/terceraexpo-300x169.jpg\" alt=\"\" width=\"300\" height=\"169\" srcset=\"http:\/\/www.grupo-algeciras.com\/wpress\/wp-content\/uploads\/Noticias\/terceraexpo-300x169.jpg 300w, http:\/\/www.grupo-algeciras.com\/wpress\/wp-content\/uploads\/Noticias\/terceraexpo-768x433.jpg 768w, http:\/\/www.grupo-algeciras.com\/wpress\/wp-content\/uploads\/Noticias\/terceraexpo-680x384.jpg 680w, http:\/\/www.grupo-algeciras.com\/wpress\/wp-content\/uploads\/Noticias\/terceraexpo-624x352.jpg 624w, http:\/\/www.grupo-algeciras.com\/wpress\/wp-content\/uploads\/Noticias\/terceraexpo.jpg 1400w\" sizes=\"auto, (max-width: 300px) 100vw, 300px\" \/><\/td>\n<td style=\"width: 322.2px;\"><img loading=\"lazy\" decoding=\"async\" class=\"size-medium wp-image-1778 aligncenter\" src=\"http:\/\/www.grupo-algeciras.com\/wpress\/wp-content\/uploads\/Noticias\/conferenciatres-300x168.jpg\" alt=\"\" width=\"300\" height=\"168\" srcset=\"http:\/\/www.grupo-algeciras.com\/wpress\/wp-content\/uploads\/Noticias\/conferenciatres-300x168.jpg 300w, http:\/\/www.grupo-algeciras.com\/wpress\/wp-content\/uploads\/Noticias\/conferenciatres-768x430.jpg 768w, http:\/\/www.grupo-algeciras.com\/wpress\/wp-content\/uploads\/Noticias\/conferenciatres-680x381.jpg 680w, http:\/\/www.grupo-algeciras.com\/wpress\/wp-content\/uploads\/Noticias\/conferenciatres-624x350.jpg 624w, http:\/\/www.grupo-algeciras.com\/wpress\/wp-content\/uploads\/Noticias\/conferenciatres.jpg 1356w\" sizes=\"auto, (max-width: 300px) 100vw, 300px\" \/><\/td>\n<\/tr>\n<\/tbody>\n<\/table>\n<p>&nbsp;<\/p>\n<p><strong><span style=\"color: #0000ff;\">Actos del CINCUENTENARIO -1 abril-<\/span><\/strong><\/p>\n<p style=\"text-align: justify;\">Entrega de premios del concurso patrocinado por el Grupo Filat\u00e9lico y Numismatico de Algeciras. \u00abDibuja tu sello de Algeciras\u00bb entre los alumnos de la Escuela de Arte de la ciudad. Los dibujos ser\u00e1n las im\u00e1genes para editar los cuatro sellos personalizados que este Grupo emitir\u00e1 en el 2017. El acto cont\u00f3 con la presencia de las autoridades locales, el profesor de la Escuela de Arte Juan Carlos Pardo, organizador del concurso en la Escuela, miembros del Grupo y familiares de los galardonados.<\/p>\n<table style=\"width: 624px;\">\n<tbody>\n<tr>\n<td style=\"width: 331.2px;\"><img loading=\"lazy\" decoding=\"async\" class=\"size-medium wp-image-1792 aligncenter\" src=\"http:\/\/www.grupo-algeciras.com\/wpress\/wp-content\/uploads\/Concursantes-300x169.jpg\" alt=\"\" width=\"300\" height=\"169\" srcset=\"http:\/\/www.grupo-algeciras.com\/wpress\/wp-content\/uploads\/Concursantes-300x169.jpg 300w, http:\/\/www.grupo-algeciras.com\/wpress\/wp-content\/uploads\/Concursantes-768x432.jpg 768w, http:\/\/www.grupo-algeciras.com\/wpress\/wp-content\/uploads\/Concursantes-680x383.jpg 680w, http:\/\/www.grupo-algeciras.com\/wpress\/wp-content\/uploads\/Concursantes-624x351.jpg 624w, http:\/\/www.grupo-algeciras.com\/wpress\/wp-content\/uploads\/Concursantes.jpg 1500w\" sizes=\"auto, (max-width: 300px) 100vw, 300px\" \/><\/td>\n<td style=\"width: 270.8px;\"><img loading=\"lazy\" decoding=\"async\" class=\"size-medium wp-image-1799 aligncenter\" src=\"http:\/\/www.grupo-algeciras.com\/wpress\/wp-content\/uploads\/Ganador-300x214.jpg\" width=\"237\" height=\"169\" srcset=\"http:\/\/www.grupo-algeciras.com\/wpress\/wp-content\/uploads\/Ganador-300x214.jpg 300w, http:\/\/www.grupo-algeciras.com\/wpress\/wp-content\/uploads\/Ganador-768x549.jpg 768w, http:\/\/www.grupo-algeciras.com\/wpress\/wp-content\/uploads\/Ganador-680x486.jpg 680w, http:\/\/www.grupo-algeciras.com\/wpress\/wp-content\/uploads\/Ganador-624x446.jpg 624w, http:\/\/www.grupo-algeciras.com\/wpress\/wp-content\/uploads\/Ganador.jpg 1176w\" sizes=\"auto, (max-width: 237px) 100vw, 237px\" \/><\/td>\n<\/tr>\n<tr>\n<td style=\"width: 331.2px;\" colspan=\"2\"><img loading=\"lazy\" decoding=\"async\" class=\"alignnone size-medium wp-image-1798\" src=\"http:\/\/www.grupo-algeciras.com\/wpress\/wp-content\/uploads\/accesit3-216x300.jpg\" width=\"169\" height=\"235\" srcset=\"http:\/\/www.grupo-algeciras.com\/wpress\/wp-content\/uploads\/accesit3-216x300.jpg 216w, http:\/\/www.grupo-algeciras.com\/wpress\/wp-content\/uploads\/accesit3.jpg 573w\" sizes=\"auto, (max-width: 169px) 100vw, 169px\" \/>\u00a0 \u00a0<img loading=\"lazy\" decoding=\"async\" class=\"alignnone size-medium wp-image-1796\" src=\"http:\/\/www.grupo-algeciras.com\/wpress\/wp-content\/uploads\/accesit1-300x216.jpg\" width=\"235\" height=\"169\" srcset=\"http:\/\/www.grupo-algeciras.com\/wpress\/wp-content\/uploads\/accesit1-300x216.jpg 300w, http:\/\/www.grupo-algeciras.com\/wpress\/wp-content\/uploads\/accesit1-768x554.jpg 768w, http:\/\/www.grupo-algeciras.com\/wpress\/wp-content\/uploads\/accesit1-680x490.jpg 680w, http:\/\/www.grupo-algeciras.com\/wpress\/wp-content\/uploads\/accesit1-624x450.jpg 624w, http:\/\/www.grupo-algeciras.com\/wpress\/wp-content\/uploads\/accesit1.jpg 795w\" sizes=\"auto, (max-width: 235px) 100vw, 235px\" \/>\u00a0\u00a0\u00a0<img loading=\"lazy\" decoding=\"async\" class=\"alignnone size-medium wp-image-1797\" src=\"http:\/\/www.grupo-algeciras.com\/wpress\/wp-content\/uploads\/accesit2-218x300.jpg\" width=\"169\" height=\"233\" srcset=\"http:\/\/www.grupo-algeciras.com\/wpress\/wp-content\/uploads\/accesit2-218x300.jpg 218w, http:\/\/www.grupo-algeciras.com\/wpress\/wp-content\/uploads\/accesit2.jpg 576w\" sizes=\"auto, (max-width: 169px) 100vw, 169px\" \/><\/td>\n<\/tr>\n<\/tbody>\n<\/table>\n<p style=\"text-align: justify;\"><strong><span style=\"color: #0000ff;\">Actos del CINCUENTENARIO -10 y 17 de marzo-<\/span><\/strong><\/p>\n<p style=\"text-align: justify;\">EXPOSICI\u00d3N NUMISM\u00c1TICA, \u00abBilletes del mundo\u00bb de F\u00e9lix L\u00f3pez Presa, con asistencia de la consejala del Excmo. Ayuntamiento de Algeciras D\u00aa Ana Mar\u00eda Jarillo, se inaugur\u00f3 la Exposici\u00f3n. Contando como en ocasiones anteriores con el matasellos tur\u00edstico de Algeciras que nos ir\u00e1 acompa\u00f1ando durante todos los actos del cincuentenario. Se edit\u00f3 la postal n\u00famero 99 de las emitidas por nuestro Grupo. Sobre la misma los asistentes pudieron estampar el tur\u00edstico.<\/p>\n<p style=\"text-align: justify;\">El d\u00eda 17 de marzo el expositor nos mostr\u00f3 en una conferencia la trayectoria del dinero y de los billetes en el mundo, con diapositivas y gran asistencia de p\u00fablico.<\/p>\n<table style=\"width: 705.8px;\">\n<tbody>\n<tr style=\"height: 234.2px;\">\n<td style=\"width: 298px; height: 234.2px;\"><img loading=\"lazy\" decoding=\"async\" class=\"size-medium wp-image-1781 aligncenter\" src=\"http:\/\/www.grupo-algeciras.com\/wpress\/wp-content\/uploads\/Noticias\/segundaexpo-300x212.jpg\" width=\"300\" height=\"212\" srcset=\"http:\/\/www.grupo-algeciras.com\/wpress\/wp-content\/uploads\/Noticias\/segundaexpo-300x212.jpg 300w, http:\/\/www.grupo-algeciras.com\/wpress\/wp-content\/uploads\/Noticias\/segundaexpo-768x542.jpg 768w, http:\/\/www.grupo-algeciras.com\/wpress\/wp-content\/uploads\/Noticias\/segundaexpo-680x480.jpg 680w, http:\/\/www.grupo-algeciras.com\/wpress\/wp-content\/uploads\/Noticias\/segundaexpo-624x441.jpg 624w, http:\/\/www.grupo-algeciras.com\/wpress\/wp-content\/uploads\/Noticias\/segundaexpo.jpg 960w\" sizes=\"auto, (max-width: 300px) 100vw, 300px\" \/><\/td>\n<td style=\"width: 386.8px; height: 234.2px;\"><img loading=\"lazy\" decoding=\"async\" class=\"size-medium wp-image-1777 aligncenter\" src=\"http:\/\/www.grupo-algeciras.com\/wpress\/wp-content\/uploads\/Noticias\/conferenciados-300x164.jpg\" width=\"388\" height=\"212\" srcset=\"http:\/\/www.grupo-algeciras.com\/wpress\/wp-content\/uploads\/Noticias\/conferenciados-300x164.jpg 300w, http:\/\/www.grupo-algeciras.com\/wpress\/wp-content\/uploads\/Noticias\/conferenciados-768x419.jpg 768w, http:\/\/www.grupo-algeciras.com\/wpress\/wp-content\/uploads\/Noticias\/conferenciados-680x371.jpg 680w, http:\/\/www.grupo-algeciras.com\/wpress\/wp-content\/uploads\/Noticias\/conferenciados-624x340.jpg 624w, http:\/\/www.grupo-algeciras.com\/wpress\/wp-content\/uploads\/Noticias\/conferenciados.jpg 1022w\" sizes=\"auto, (max-width: 388px) 100vw, 388px\" \/><\/td>\n<\/tr>\n<\/tbody>\n<\/table>\n<p>&nbsp;<\/p>\n<p><strong><span style=\"color: #0000ff;\">Primer acto del CINCUENTENARIO -7 y 17 de febrero-<\/span><\/strong><\/p>\n<p style=\"text-align: justify;\">EXPOSICI\u00d3N FILAT\u00c9LICA, \u00abBertuchi en la historia postal de Marruecos\u00bb de Juan Pan\u00e9s Cantero, a las siete de la tarde la delegada de cultura del Excmo. Ayuntamiento de Algeciras D\u00aa Pilar Pintor procedi\u00f3 a la inauguraci\u00f3n de la Muestra ante un concurrido n\u00famero de socios y amigos. Se cont\u00f3 con el matasellos tur\u00edstico de ALGECIRAS, \u00a0que nos fu\u00e9 cedido para el importante acto.<\/p>\n<p style=\"text-align: justify;\">El Grupo ha editado por este motivo la correspondiente Tarjeta que hace la n\u00famero 98 de las emitidas y que pasar\u00e1 a englosar las colecciones del tema. Adem\u00e1s de otra reservada para la invitaci\u00f3n con un motivo de la colecci\u00f3n expuesta.<\/p>\n<p style=\"text-align: justify;\">La conferencia sobre \u00abLa Duquesa de Guisa y Larache\u00bb se impart\u00edo el d\u00eda 17 del mismo abriendo el ciclo de charlas sobre los motivos de la Exposici\u00f3n.<\/p>\n<table style=\"width: 704.2px;\">\n<tbody>\n<tr style=\"height: 132px;\">\n<td style=\"width: 354px; height: 132px;\"><img loading=\"lazy\" decoding=\"async\" class=\"wp-image-1779 aligncenter\" src=\"http:\/\/www.grupo-algeciras.com\/wpress\/wp-content\/uploads\/Noticias\/conferenciauna-300x156.jpg\" width=\"333\" height=\"182\" \/><\/td>\n<td style=\"width: 331.2px; height: 132px;\"><img loading=\"lazy\" decoding=\"async\" class=\"wp-image-1780 aligncenter\" src=\"http:\/\/www.grupo-algeciras.com\/wpress\/wp-content\/uploads\/Noticias\/primeraexpo-300x181.jpg\" width=\"304\" height=\"182\" \/><\/td>\n<\/tr>\n<tr style=\"height: 10px;\">\n<td style=\"width: 354px; height: 10px; text-align: center;\">Conferencia<\/td>\n<td style=\"width: 331.2px; height: 10px; text-align: center;\">Exposici\u00f3n Filat\u00e9lica<\/td>\n<\/tr>\n<\/tbody>\n<\/table>\n<p><strong><span style=\"color: #ff0000;\">___________________________________________________________________________________________________<\/span><\/strong><\/p>\n<p style=\"text-align: justify;\">El pasado d\u00eda 13 de enero tuvo lugar en los locales del Grupo Filat\u00e9lico y Numism\u00e1tico de Algeciras la asamblea general anual de socios, con la presencia de veinticinco socios.<\/p>\n<p style=\"text-align: justify;\">Cabe destacar los siguientes puntos del orden d\u00eda:<\/p>\n<p style=\"text-align: justify;\">Con motivo de celebrarse en este 2017 el cincuentenario de la creaci\u00f3n del Grupo se aprobaron varios proyectos entre los que destacamos los siguientes:<\/p>\n<p style=\"text-align: justify;\">Se celebraran DIEZ Exposiciones en el local social (filatelia, numism\u00e1tica y otros coleccionismos) en cada Exposici\u00f3n se celebrar\u00e1 una charla, conferencia o coloquio sobre el tema expuesto. Dichas Exposiciones comenzar\u00e1n el pr\u00f3ximo d\u00eda 7 de febrero inaugur\u00e1ndose este ciclo con la muestra titulada \u201cBertuchi en la historia postal de Marruecos\u201d y la charla \u201cLa Duquesa de Guisa y Larache\u201d<\/p>\n<p style=\"text-align: justify;\">El programa definitivo se espera pueda estar confeccionado antes de finalizar el presente mes.<\/p>\n<p style=\"text-align: justify;\">Nos hemos dirigidos a la Escuela de Arte de Algeciras con el objeto de confeccionar las bases para un concurso de dise\u00f1a el sello de Algeciras. Dicho concurso tendr\u00e1 cuatro premios y los con los cuatro finalistas se confeccionaran los sellos personalizados del a\u00f1o 2017. As\u00ed mismo se dise\u00f1ar\u00e1 el logo de este cincuenta aniversario.<\/p>\n<p style=\"text-align: justify;\">En otro punto importante del orden del d\u00eda se acord\u00f3 por unanimidad de todos los presentes conceder la Medalla del Grupo Filat\u00e9lico a D. Carlos Canet (actual Jefe de la oficina principal de Correos de la ciudad) y que durante tantos a\u00f1os ha venido prestando sus servicios como funcionario en las estafetas temporales con matasello conmemorativo de nuestras Exposiciones.<\/p>\n<p style=\"text-align: justify;\">Esperando siempre compartir estos eventos con todos los socios y aficionados de la Comarca.<\/p>\n<table style=\"width: 675.6px;\">\n<tbody>\n<tr style=\"height: 266.2px;\">\n<td style=\"width: 307px; height: 266.2px;\"><img loading=\"lazy\" decoding=\"async\" class=\"alignnone wp-image-1754\" src=\"http:\/\/www.grupo-algeciras.com\/wpress\/wp-content\/uploads\/Noticias\/2017-Asamblea-2--300x225.jpg\" alt=\"\" width=\"354\" height=\"283\" \/><\/td>\n<td style=\"width: 346.6px; height: 266.2px;\"><img loading=\"lazy\" decoding=\"async\" class=\"alignnone size-medium wp-image-1753\" src=\"http:\/\/www.grupo-algeciras.com\/wpress\/wp-content\/uploads\/Noticias\/2017-Asamblea-1--300x225.jpg\" alt=\"\" width=\"300\" height=\"225\" srcset=\"http:\/\/www.grupo-algeciras.com\/wpress\/wp-content\/uploads\/Noticias\/2017-Asamblea-1--300x225.jpg 300w, http:\/\/www.grupo-algeciras.com\/wpress\/wp-content\/uploads\/Noticias\/2017-Asamblea-1--768x576.jpg 768w, http:\/\/www.grupo-algeciras.com\/wpress\/wp-content\/uploads\/Noticias\/2017-Asamblea-1--680x510.jpg 680w, http:\/\/www.grupo-algeciras.com\/wpress\/wp-content\/uploads\/Noticias\/2017-Asamblea-1--624x468.jpg 624w, http:\/\/www.grupo-algeciras.com\/wpress\/wp-content\/uploads\/Noticias\/2017-Asamblea-1-.jpg 960w\" sizes=\"auto, (max-width: 300px) 100vw, 300px\" \/><\/td>\n<\/tr>\n<\/tbody>\n<\/table>\n<h1><span style=\"color: #3366ff;\">ENTREGA MEDALLAS ORO 2016 del\u00a0GRUPO FILAT\u00c9LICO<\/span><\/h1>\n<table>\n<tbody>\n<tr>\n<td>\u00a0<a href=\"http:\/\/www.grupo-algeciras.com\/wpress\/wp-content\/uploads\/Medalla-cuatro.jpg\"><img loading=\"lazy\" decoding=\"async\" class=\"alignnone size-medium wp-image-1705\" src=\"http:\/\/www.grupo-algeciras.com\/wpress\/wp-content\/uploads\/Medalla-cuatro-300x169.jpg\" alt=\"Medalla cuatro\" width=\"350\" height=\"197\" srcset=\"http:\/\/www.grupo-algeciras.com\/wpress\/wp-content\/uploads\/Medalla-cuatro-300x169.jpg 300w, http:\/\/www.grupo-algeciras.com\/wpress\/wp-content\/uploads\/Medalla-cuatro-680x383.jpg 680w, http:\/\/www.grupo-algeciras.com\/wpress\/wp-content\/uploads\/Medalla-cuatro-624x352.jpg 624w, http:\/\/www.grupo-algeciras.com\/wpress\/wp-content\/uploads\/Medalla-cuatro.jpg 973w\" sizes=\"auto, (max-width: 350px) 100vw, 350px\" \/><\/a><\/td>\n<td>\u00a0<a href=\"http:\/\/www.grupo-algeciras.com\/wpress\/wp-content\/uploads\/Medalla-con-las-mujeres.jpg\"><img loading=\"lazy\" decoding=\"async\" class=\"alignnone size-medium wp-image-1704\" src=\"http:\/\/www.grupo-algeciras.com\/wpress\/wp-content\/uploads\/Medalla-con-las-mujeres-300x168.jpg\" alt=\"Medalla con las mujeres\" width=\"350\" height=\"196\" srcset=\"http:\/\/www.grupo-algeciras.com\/wpress\/wp-content\/uploads\/Medalla-con-las-mujeres-300x168.jpg 300w, http:\/\/www.grupo-algeciras.com\/wpress\/wp-content\/uploads\/Medalla-con-las-mujeres-680x382.jpg 680w, http:\/\/www.grupo-algeciras.com\/wpress\/wp-content\/uploads\/Medalla-con-las-mujeres-624x351.jpg 624w, http:\/\/www.grupo-algeciras.com\/wpress\/wp-content\/uploads\/Medalla-con-las-mujeres.jpg 1600w\" sizes=\"auto, (max-width: 350px) 100vw, 350px\" \/><\/a><\/td>\n<\/tr>\n<tr>\n<td style=\"text-align: center;\"><span style=\"color: #000000;\">J. A. Palacios, Jer\u00f3nimo Morenete, J:C. Jim\u00e9nez y J. Pan\u00e9s<\/span><\/td>\n<td style=\"text-align: center;\"><span style=\"color: #000000;\">Juan A. Palacios y Sra. con socias y esposas de los socios<\/span><\/td>\n<\/tr>\n<\/tbody>\n<\/table>\n<p>El pasado 5 de febrero durante el transcurso de la Asamblea General de socios, en el punto sexto del orden del d\u00eda se acuerda por unanimidad otorgar la medalla de ORO del Grupo Filat\u00e9lico y Numism\u00e1tico de Algeciras, a D. Juan Antonio Palacios Escobar, en reconocimiento por su colaboraci\u00f3n y aportaci\u00f3n durante su etapa como Delegado de Cultura del Excmo. Ayuntamiento de Algeciras a este Grupo, as\u00ed como cuando ostento el cago de Alcalde de la ciudad, por su compromiso con la filatelia y la cultura en general.<\/p>\n<p>Asi mismo se le otorga la medalla de ORO a nuestro socio Jer\u00f3nimo Morenete Villa por su trayectoria, dedicaci\u00f3n, predisposici\u00f3n y trabajo en el Grupo Filat\u00e9lico.<\/p>\n<p>En el acto de hermandad celebrado hoy s\u00e1bado 23 de abril en un restaurante t\u00edpico algecire\u00f1o se han entregado las medallas correspondientes ante el asombro y sorpresa de nuestro socio que tan emocionado estaba que no comprend\u00eda que la medalla era para su persona. El acto de entrega ha sido de lo m\u00e1s emocionante que se ha vivido en nuestra Sociedad en los \u00faltimos a\u00f1os.<\/p>\n<p>Tras las palabras de agradecimiento por parte de Juan Antonio Palacios se ha procedido a la entrega de los recuerdos del la XXVI Exposici\u00f3n Filat\u00e9lica recientemente finalizada.<\/p>\n<p>El expositor, nuestro socio Jos\u00e9 Carlos Jim\u00e9nez que expuso su colecci\u00f3n de Star Wars recibi\u00f3 como recuerdo el busto del Quijote.<\/p>\n<p>Como en todas las manifestaciones la velada termin\u00f3 con los protagonistas participando en las fotograf\u00edas de rigor y con la esperanza de vernos de nuevo en estos actos.<\/p>\n<h1><span style=\"color: #3366ff;\">XXVI EXPOSICI\u00d3N FILAT\u00c9LICA<\/span><\/h1>\n<table style=\"height: 172px;\" width=\"254\">\n<tbody>\n<tr>\n<td>\u00a0<a href=\"http:\/\/www.grupo-algeciras.com\/wpress\/wp-content\/uploads\/Noticias\/Iauguracion-2016.jpg\"><img loading=\"lazy\" decoding=\"async\" class=\"alignnone size-medium wp-image-1694\" src=\"http:\/\/www.grupo-algeciras.com\/wpress\/wp-content\/uploads\/Noticias\/Iauguracion-2016-300x178.jpg\" alt=\"Iauguracion 2016\" width=\"352\" height=\"209\" srcset=\"http:\/\/www.grupo-algeciras.com\/wpress\/wp-content\/uploads\/Noticias\/Iauguracion-2016-300x178.jpg 300w, http:\/\/www.grupo-algeciras.com\/wpress\/wp-content\/uploads\/Noticias\/Iauguracion-2016.jpg 583w\" sizes=\"auto, (max-width: 352px) 100vw, 352px\" \/><\/a><\/td>\n<td>\u00a0<a href=\"http:\/\/www.grupo-algeciras.com\/wpress\/wp-content\/uploads\/Noticias\/Centro-documental.jpg\"><img loading=\"lazy\" decoding=\"async\" class=\"alignnone size-medium wp-image-1695\" src=\"http:\/\/www.grupo-algeciras.com\/wpress\/wp-content\/uploads\/Noticias\/Centro-documental-300x209.jpg\" alt=\"Centro documental\" width=\"300\" height=\"209\" srcset=\"http:\/\/www.grupo-algeciras.com\/wpress\/wp-content\/uploads\/Noticias\/Centro-documental-300x209.jpg 300w, http:\/\/www.grupo-algeciras.com\/wpress\/wp-content\/uploads\/Noticias\/Centro-documental-680x474.jpg 680w, http:\/\/www.grupo-algeciras.com\/wpress\/wp-content\/uploads\/Noticias\/Centro-documental-624x435.jpg 624w, http:\/\/www.grupo-algeciras.com\/wpress\/wp-content\/uploads\/Noticias\/Centro-documental.jpg 1150w\" sizes=\"auto, (max-width: 300px) 100vw, 300px\" \/><\/a><\/td>\n<\/tr>\n<\/tbody>\n<\/table>\n<p style=\"text-align: center;\">El 1 de abril tuvo lugar la inauguraci\u00f3n de la Exposici\u00f3n Filat\u00e9lica que hace la n\u00famero XXVI, a la misma asisti\u00f3\u00a0 el Sr. Alcalde de la ciudad D. Juan Ignacio Landaluce, la delegada de cultura D\u00aa Pilar Pintor, Jefe de Correos de Algeciras D.\u00aa Carlos Canet y el presidente del Grupo Filat\u00e9lico Juan Pan\u00e9s, todos acompa\u00f1ados por n\u00fameros socios y algecire\u00f1os que no han querido perderse esta y que acudieron ante la expectativa de ver las dos colecciones de Star Wars y EE.UU de nuestros socios Jos\u00e9 Carlos Jim\u00e9nez y Jos\u00e9 Luis Rubio y\u00a0la did\u00e1ctica\u00a0\u00a0presentada por CORREOS\u00a0\u00abOtra Mirada al Sello\u00bb y por supuesto matasellar los documentos que se ofrecen con el matasellos especial conmemorativo de la Muestra y el sello personalizado dedicados al Edificio Centro Documental Jos\u00e9 Luis Cano.<\/p>\n<p style=\"text-align: center;\">La Muestra estar\u00e1 abierta hasta el pr\u00f3ximo d\u00eda 15 de abril, en horario de 8,30 a 20,30 horas<\/p>\n<h1><span style=\"color: #3366ff;\">Presentaci\u00f3n del sello del Nazareno.<\/span><\/h1>\n<table>\n<tbody>\n<tr>\n<td>\u00a0<a href=\"http:\/\/www.grupo-algeciras.com\/wpress\/wp-content\/uploads\/personalizados\/Sellonazareno.jpg\"><img loading=\"lazy\" decoding=\"async\" class=\"alignnone size-medium wp-image-1680\" src=\"http:\/\/www.grupo-algeciras.com\/wpress\/wp-content\/uploads\/personalizados\/Sellonazareno-300x168.jpg\" alt=\"Sellonazareno\" width=\"300\" height=\"168\" srcset=\"http:\/\/www.grupo-algeciras.com\/wpress\/wp-content\/uploads\/personalizados\/Sellonazareno-300x168.jpg 300w, http:\/\/www.grupo-algeciras.com\/wpress\/wp-content\/uploads\/personalizados\/Sellonazareno-680x382.jpg 680w, http:\/\/www.grupo-algeciras.com\/wpress\/wp-content\/uploads\/personalizados\/Sellonazareno-624x351.jpg 624w\" sizes=\"auto, (max-width: 300px) 100vw, 300px\" \/><\/a><\/td>\n<td>\u00a0<a href=\"http:\/\/www.grupo-algeciras.com\/wpress\/wp-content\/uploads\/personalizados\/Presentacionnnazareno1.jpg\"><img loading=\"lazy\" decoding=\"async\" class=\"alignnone size-medium wp-image-1679\" src=\"http:\/\/www.grupo-algeciras.com\/wpress\/wp-content\/uploads\/personalizados\/Presentacionnnazareno1-300x168.jpg\" alt=\"Presentacionnnazareno1\" width=\"300\" height=\"168\" srcset=\"http:\/\/www.grupo-algeciras.com\/wpress\/wp-content\/uploads\/personalizados\/Presentacionnnazareno1-300x168.jpg 300w, http:\/\/www.grupo-algeciras.com\/wpress\/wp-content\/uploads\/personalizados\/Presentacionnnazareno1-680x382.jpg 680w, http:\/\/www.grupo-algeciras.com\/wpress\/wp-content\/uploads\/personalizados\/Presentacionnnazareno1-624x351.jpg 624w\" sizes=\"auto, (max-width: 300px) 100vw, 300px\" \/><\/a><\/td>\n<\/tr>\n<\/tbody>\n<\/table>\n<p style=\"text-align: center;\">El d\u00eda 27 de febrero se realiz\u00f3 la presentaci\u00f3n del sello dedicado al 75 aniversario de la bendici\u00f3n de Nuestro Padre Jes\u00fas Nazareno, en la iglesia de Ntra. Sra. de la Palma.<\/p>\n","protected":false},"excerpt":{"rendered":"<p>En esta secci\u00f3n daremos a conocer las \u00faltimas actividades relacionadas con el Grupo. Novedades sobre el material realizado, nuevo material aportado, material de nueva creaci\u00f3n y realizaciones del Grupo con un especial inter\u00e9s por todo lo relacionado con nuestra ciudad y el coleccionismo. Nuevas piezas de historia postal del Campo de Gibraltar y con motivos [&hellip;]<\/p>\n","protected":false},"author":1,"featured_media":0,"comment_status":"closed","ping_status":"open","sticky":false,"template":"","format":"standard","meta":{"footnotes":""},"categories":[8],"tags":[],"class_list":["post-1285","post","type-post","status-publish","format-standard","hentry","category-noticias"],"_links":{"self":[{"href":"http:\/\/www.grupo-algeciras.com\/index.php\/wp-json\/wp\/v2\/posts\/1285","targetHints":{"allow":["GET"]}}],"collection":[{"href":"http:\/\/www.grupo-algeciras.com\/index.php\/wp-json\/wp\/v2\/posts"}],"about":[{"href":"http:\/\/www.grupo-algeciras.com\/index.php\/wp-json\/wp\/v2\/types\/post"}],"author":[{"embeddable":true,"href":"http:\/\/www.grupo-algeciras.com\/index.php\/wp-json\/wp\/v2\/users\/1"}],"replies":[{"embeddable":true,"href":"http:\/\/www.grupo-algeciras.com\/index.php\/wp-json\/wp\/v2\/comments?post=1285"}],"version-history":[{"count":117,"href":"http:\/\/www.grupo-algeciras.com\/index.php\/wp-json\/wp\/v2\/posts\/1285\/revisions"}],"predecessor-version":[{"id":2221,"href":"http:\/\/www.grupo-algeciras.com\/index.php\/wp-json\/wp\/v2\/posts\/1285\/revisions\/2221"}],"wp:attachment":[{"href":"http:\/\/www.grupo-algeciras.com\/index.php\/wp-json\/wp\/v2\/media?parent=1285"}],"wp:term":[{"taxonomy":"category","embeddable":true,"href":"http:\/\/www.grupo-algeciras.com\/index.php\/wp-json\/wp\/v2\/categories?post=1285"},{"taxonomy":"post_tag","embeddable":true,"href":"http:\/\/www.grupo-algeciras.com\/index.php\/wp-json\/wp\/v2\/tags?post=1285"}],"curies":[{"name":"wp","href":"https:\/\/api.w.org\/{rel}","templated":true}]}}