{"id":1035,"date":"2014-03-18T11:22:59","date_gmt":"2014-03-18T11:22:59","guid":{"rendered":"http:\/\/www.grupo-algeciras.com\/wpress\/?p=1035"},"modified":"2024-12-17T22:11:53","modified_gmt":"2024-12-17T20:11:53","slug":"matasellos-de-algeciras","status":"publish","type":"post","link":"http:\/\/www.grupo-algeciras.com\/index.php\/2014\/03\/18\/matasellos-de-algeciras\/","title":{"rendered":"Matasellos de Algeciras"},"content":{"rendered":"<p><a href=\"http:\/\/www.grupo-algeciras.com\/wpress\/wp-content\/uploads\/Filatelia\/Matasellos\/Fig111.jpg\"><img decoding=\"async\" class=\"wp-image-1034 aligncenter\" title=\"Fig11\" src=\"http:\/\/www.grupo-algeciras.com\/wpress\/wp-content\/uploads\/Filatelia\/Matasellos\/Fig111.jpg\" alt=\"\" width=\"600\" srcset=\"http:\/\/www.grupo-algeciras.com\/wpress\/wp-content\/uploads\/Filatelia\/Matasellos\/Fig111.jpg 1232w, http:\/\/www.grupo-algeciras.com\/wpress\/wp-content\/uploads\/Filatelia\/Matasellos\/Fig111-296x300.jpg 296w, http:\/\/www.grupo-algeciras.com\/wpress\/wp-content\/uploads\/Filatelia\/Matasellos\/Fig111-680x688.jpg 680w, http:\/\/www.grupo-algeciras.com\/wpress\/wp-content\/uploads\/Filatelia\/Matasellos\/Fig111-624x632.jpg 624w\" sizes=\"(max-width: 1232px) 100vw, 1232px\" \/><\/a><\/p>\n<p style=\"text-align: center;\">Papel oficial de la Delegaci\u00f3n de Alemania, con los tres matasellos de la Conferencia, ORDINARIO, CERTIFICADO y VALORES DECLARADOS.<\/p>\n<p><a href=\"http:\/\/www.grupo-algeciras.com\/wpress\/wp-content\/uploads\/Filatelia\/Matasellos\/ReinaCristina.jpg\"><img loading=\"lazy\" decoding=\"async\" class=\"size-full wp-image-1031 aligncenter\" title=\"ReinaCristina\" src=\"http:\/\/www.grupo-algeciras.com\/wpress\/wp-content\/uploads\/Filatelia\/Matasellos\/ReinaCristina.jpg\" alt=\"\" width=\"600\" height=\"374\" srcset=\"http:\/\/www.grupo-algeciras.com\/wpress\/wp-content\/uploads\/Filatelia\/Matasellos\/ReinaCristina.jpg 600w, http:\/\/www.grupo-algeciras.com\/wpress\/wp-content\/uploads\/Filatelia\/Matasellos\/ReinaCristina-300x187.jpg 300w\" sizes=\"auto, (max-width: 600px) 100vw, 600px\" \/><\/a><\/p>\n<p style=\"text-align: center;\">Hotel Reina Cristina y matasellos ordinario de la Conferencia Internacional de 1906<\/p>\n<div class=\"mceTemp\"><\/div>\n<p><a href=\"http:\/\/www.grupo-algeciras.com\/wpress\/wp-content\/uploads\/Filatelia\/Matasellos\/Fig01.jpg\"><img loading=\"lazy\" decoding=\"async\" class=\"size-full wp-image-1006 aligncenter\" title=\"Fig01\" src=\"http:\/\/www.grupo-algeciras.com\/wpress\/wp-content\/uploads\/Filatelia\/Matasellos\/Fig01.jpg\" alt=\"\" width=\"600\" height=\"336\" srcset=\"http:\/\/www.grupo-algeciras.com\/wpress\/wp-content\/uploads\/Filatelia\/Matasellos\/Fig01.jpg 600w, http:\/\/www.grupo-algeciras.com\/wpress\/wp-content\/uploads\/Filatelia\/Matasellos\/Fig01-300x168.jpg 300w\" sizes=\"auto, (max-width: 600px) 100vw, 600px\" \/><\/a><\/p>\n<p style=\"text-align: center;\">I Exposici\u00f3n Filat\u00e9lica del Campo de Gibraltar, 1968<\/p>\n<p><a style=\"font-weight: bold; background-color: transparent; font-size: 1rem;\" href=\"http:\/\/www.grupo-algeciras.com\/wpress\/wp-content\/uploads\/Filatelia\/Matasellos\/Segunda_Expo_1.jpg\"><img decoding=\"async\" class=\"wp-image-1033 aligncenter\" title=\"Segunda_Expo_1\" src=\"http:\/\/www.grupo-algeciras.com\/wpress\/wp-content\/uploads\/Filatelia\/Matasellos\/Segunda_Expo_1.jpg\" alt=\"\" width=\"600\" srcset=\"http:\/\/www.grupo-algeciras.com\/wpress\/wp-content\/uploads\/Filatelia\/Matasellos\/Segunda_Expo_1.jpg 400w, http:\/\/www.grupo-algeciras.com\/wpress\/wp-content\/uploads\/Filatelia\/Matasellos\/Segunda_Expo_1-300x168.jpg 300w\" sizes=\"(max-width: 400px) 100vw, 400px\" \/><\/a><\/p>\n<p style=\"text-align: center;\">II Exposici\u00f3n Filat\u00e9lica y Numism\u00e1tica, Campo de Gibraltar<\/p>\n<div class=\"mceTemp\"><\/div>\n<p><a href=\"http:\/\/www.grupo-algeciras.com\/wpress\/wp-content\/uploads\/Filatelia\/Matasellos\/Fig02.jpg\"><img loading=\"lazy\" decoding=\"async\" class=\"size-full wp-image-1007 aligncenter\" title=\"Fig02\" src=\"http:\/\/www.grupo-algeciras.com\/wpress\/wp-content\/uploads\/Filatelia\/Matasellos\/Fig02.jpg\" alt=\"\" width=\"600\" height=\"308\" srcset=\"http:\/\/www.grupo-algeciras.com\/wpress\/wp-content\/uploads\/Filatelia\/Matasellos\/Fig02.jpg 600w, http:\/\/www.grupo-algeciras.com\/wpress\/wp-content\/uploads\/Filatelia\/Matasellos\/Fig02-300x154.jpg 300w\" sizes=\"auto, (max-width: 600px) 100vw, 600px\" \/><\/a><\/p>\n<p style=\"text-align: center;\">III Exposici\u00f3n Filat\u00e9lica \u00abEducaci\u00f3n y Descanso\u00bb 1970<\/p>\n<p><a href=\"http:\/\/www.grupo-algeciras.com\/wpress\/wp-content\/uploads\/Filatelia\/Matasellos\/XV-AnivConvoyVictoria.jpg\"><img loading=\"lazy\" decoding=\"async\" class=\"size-full wp-image-1004 aligncenter\" title=\"XV-AnivConvoyVictoria\" src=\"http:\/\/www.grupo-algeciras.com\/wpress\/wp-content\/uploads\/Filatelia\/Matasellos\/XV-AnivConvoyVictoria.jpg\" alt=\"\" width=\"600\" height=\"340\" srcset=\"http:\/\/www.grupo-algeciras.com\/wpress\/wp-content\/uploads\/Filatelia\/Matasellos\/XV-AnivConvoyVictoria.jpg 600w, http:\/\/www.grupo-algeciras.com\/wpress\/wp-content\/uploads\/Filatelia\/Matasellos\/XV-AnivConvoyVictoria-300x170.jpg 300w\" sizes=\"auto, (max-width: 600px) 100vw, 600px\" \/><\/a><\/p>\n<p style=\"text-align: center;\">Convoy de la Victoria. 1951<\/p>\n<div id=\"attachment_1008\" style=\"width: 610px\" class=\"wp-caption aligncenter\"><a href=\"http:\/\/www.grupo-algeciras.com\/wpress\/wp-content\/uploads\/Filatelia\/Matasellos\/Fig03.jpg\"><img loading=\"lazy\" decoding=\"async\" aria-describedby=\"caption-attachment-1008\" class=\"size-full wp-image-1008\" title=\"Fig03\" src=\"http:\/\/www.grupo-algeciras.com\/wpress\/wp-content\/uploads\/Filatelia\/Matasellos\/Fig03.jpg\" alt=\"\" width=\"600\" height=\"327\" srcset=\"http:\/\/www.grupo-algeciras.com\/wpress\/wp-content\/uploads\/Filatelia\/Matasellos\/Fig03.jpg 600w, http:\/\/www.grupo-algeciras.com\/wpress\/wp-content\/uploads\/Filatelia\/Matasellos\/Fig03-300x163.jpg 300w\" sizes=\"auto, (max-width: 600px) 100vw, 600px\" \/><\/a><p id=\"caption-attachment-1008\" class=\"wp-caption-text\">IV Exposici\u00f3n Filat\u00e9lica<\/p><\/div>\n<p>&nbsp;<\/p>\n<div id=\"attachment_1009\" style=\"width: 610px\" class=\"wp-caption aligncenter\"><a href=\"http:\/\/www.grupo-algeciras.com\/wpress\/wp-content\/uploads\/Filatelia\/Matasellos\/Fig04.jpg\"><img loading=\"lazy\" decoding=\"async\" aria-describedby=\"caption-attachment-1009\" class=\"size-full wp-image-1009\" title=\"Fig04\" src=\"http:\/\/www.grupo-algeciras.com\/wpress\/wp-content\/uploads\/Filatelia\/Matasellos\/Fig04.jpg\" alt=\"\" width=\"600\" height=\"326\" srcset=\"http:\/\/www.grupo-algeciras.com\/wpress\/wp-content\/uploads\/Filatelia\/Matasellos\/Fig04.jpg 600w, http:\/\/www.grupo-algeciras.com\/wpress\/wp-content\/uploads\/Filatelia\/Matasellos\/Fig04-300x163.jpg 300w\" sizes=\"auto, (max-width: 600px) 100vw, 600px\" \/><\/a><p id=\"caption-attachment-1009\" class=\"wp-caption-text\"><span style=\"font-size: 12pt;\">VII Exposici\u00f3n Filat\u00e9lica y Numism\u00e1tica \u201cAlfonso XI\u201d<\/span><\/p><\/div>\n<div id=\"attachment_1010\" style=\"width: 610px\" class=\"wp-caption aligncenter\"><a href=\"http:\/\/www.grupo-algeciras.com\/wpress\/wp-content\/uploads\/Filatelia\/Matasellos\/Fig05.jpg\"><img loading=\"lazy\" decoding=\"async\" aria-describedby=\"caption-attachment-1010\" class=\"size-full wp-image-1010\" title=\"Fig05\" src=\"http:\/\/www.grupo-algeciras.com\/wpress\/wp-content\/uploads\/Filatelia\/Matasellos\/Fig05.jpg\" alt=\"\" width=\"600\" height=\"304\" srcset=\"http:\/\/www.grupo-algeciras.com\/wpress\/wp-content\/uploads\/Filatelia\/Matasellos\/Fig05.jpg 600w, http:\/\/www.grupo-algeciras.com\/wpress\/wp-content\/uploads\/Filatelia\/Matasellos\/Fig05-300x152.jpg 300w\" sizes=\"auto, (max-width: 600px) 100vw, 600px\" \/><\/a><p id=\"caption-attachment-1010\" class=\"wp-caption-text\"><span style=\"font-size: 12pt;\">VIII Exposici\u00f3n Filat\u00e9lica y Numism\u00e1tica \u201cAlgeciras y el mar\u201d<\/span><\/p><\/div>\n<div id=\"attachment_1011\" style=\"width: 610px\" class=\"wp-caption aligncenter\"><a href=\"http:\/\/www.grupo-algeciras.com\/wpress\/wp-content\/uploads\/Filatelia\/Matasellos\/Fig06.jpg\"><img loading=\"lazy\" decoding=\"async\" aria-describedby=\"caption-attachment-1011\" class=\"size-full wp-image-1011\" title=\"Fig06\" src=\"http:\/\/www.grupo-algeciras.com\/wpress\/wp-content\/uploads\/Filatelia\/Matasellos\/Fig06.jpg\" alt=\"\" width=\"600\" height=\"327\" srcset=\"http:\/\/www.grupo-algeciras.com\/wpress\/wp-content\/uploads\/Filatelia\/Matasellos\/Fig06.jpg 600w, http:\/\/www.grupo-algeciras.com\/wpress\/wp-content\/uploads\/Filatelia\/Matasellos\/Fig06-300x163.jpg 300w\" sizes=\"auto, (max-width: 600px) 100vw, 600px\" \/><\/a><p id=\"caption-attachment-1011\" class=\"wp-caption-text\"><span style=\"font-size: 12pt;\">IX Exposici\u00f3n Filat\u00e9lica y Numism\u00e1tica \u201cFiestas populares\u201d<\/span><\/p><\/div>\n<div id=\"attachment_1012\" style=\"width: 610px\" class=\"wp-caption aligncenter\"><a href=\"http:\/\/www.grupo-algeciras.com\/wpress\/wp-content\/uploads\/Filatelia\/Matasellos\/Fig07.jpg\"><img loading=\"lazy\" decoding=\"async\" aria-describedby=\"caption-attachment-1012\" class=\"size-full wp-image-1012\" title=\"Fig07\" src=\"http:\/\/www.grupo-algeciras.com\/wpress\/wp-content\/uploads\/Filatelia\/Matasellos\/Fig07.jpg\" alt=\"\" width=\"600\" height=\"326\" srcset=\"http:\/\/www.grupo-algeciras.com\/wpress\/wp-content\/uploads\/Filatelia\/Matasellos\/Fig07.jpg 600w, http:\/\/www.grupo-algeciras.com\/wpress\/wp-content\/uploads\/Filatelia\/Matasellos\/Fig07-300x163.jpg 300w\" sizes=\"auto, (max-width: 600px) 100vw, 600px\" \/><\/a><p id=\"caption-attachment-1012\" class=\"wp-caption-text\"><span style=\"font-size: 12pt;\">X Exposici\u00f3n Filat\u00e9lica y Numism\u00e1tica \u201cCincuentenario del Mercado Ingeniero Torroja\u201d<\/span><\/p><\/div>\n<div id=\"attachment_1013\" style=\"width: 610px\" class=\"wp-caption aligncenter\"><a href=\"http:\/\/www.grupo-algeciras.com\/wpress\/wp-content\/uploads\/Filatelia\/Matasellos\/Fig08.jpg\"><img loading=\"lazy\" decoding=\"async\" aria-describedby=\"caption-attachment-1013\" class=\"size-full wp-image-1013\" title=\"Fig08\" src=\"http:\/\/www.grupo-algeciras.com\/wpress\/wp-content\/uploads\/Filatelia\/Matasellos\/Fig08.jpg\" alt=\"\" width=\"600\" height=\"313\" srcset=\"http:\/\/www.grupo-algeciras.com\/wpress\/wp-content\/uploads\/Filatelia\/Matasellos\/Fig08.jpg 600w, http:\/\/www.grupo-algeciras.com\/wpress\/wp-content\/uploads\/Filatelia\/Matasellos\/Fig08-300x156.jpg 300w\" sizes=\"auto, (max-width: 600px) 100vw, 600px\" \/><\/a><p id=\"caption-attachment-1013\" class=\"wp-caption-text\"><span style=\"font-size: 12pt;\">XI Exposici\u00f3n Filat\u00e9lica y Numism\u00e1tica \u201c80 aniversario de la Conferencia Internacional de Algeciras\u201d (color negro) el color autorizado fu\u00e9 el \u00abvioleta\u00bb<\/span><\/p><\/div>\n<div id=\"attachment_1014\" style=\"width: 610px\" class=\"wp-caption aligncenter\"><a href=\"http:\/\/www.grupo-algeciras.com\/wpress\/wp-content\/uploads\/Filatelia\/Matasellos\/Fig09.jpg\"><img loading=\"lazy\" decoding=\"async\" aria-describedby=\"caption-attachment-1014\" class=\"size-full wp-image-1014\" title=\"Fig09\" src=\"http:\/\/www.grupo-algeciras.com\/wpress\/wp-content\/uploads\/Filatelia\/Matasellos\/Fig09.jpg\" alt=\"\" width=\"600\" height=\"368\" srcset=\"http:\/\/www.grupo-algeciras.com\/wpress\/wp-content\/uploads\/Filatelia\/Matasellos\/Fig09.jpg 600w, http:\/\/www.grupo-algeciras.com\/wpress\/wp-content\/uploads\/Filatelia\/Matasellos\/Fig09-300x184.jpg 300w\" sizes=\"auto, (max-width: 600px) 100vw, 600px\" \/><\/a><p id=\"caption-attachment-1014\" class=\"wp-caption-text\"><span style=\"font-size: 12pt;\">Acuse de recibo con el mismo matasello de la Conferencia.<\/span><\/p><\/div>\n<div id=\"attachment_1032\" style=\"width: 610px\" class=\"wp-caption aligncenter\"><a href=\"http:\/\/www.grupo-algeciras.com\/wpress\/wp-content\/uploads\/Filatelia\/Matasellos\/XII-Exposicion.jpg\"><img loading=\"lazy\" decoding=\"async\" aria-describedby=\"caption-attachment-1032\" class=\"size-full wp-image-1032\" title=\"XII-Exposicion\" src=\"http:\/\/www.grupo-algeciras.com\/wpress\/wp-content\/uploads\/Filatelia\/Matasellos\/XII-Exposicion.jpg\" alt=\"\" width=\"600\" height=\"322\" srcset=\"http:\/\/www.grupo-algeciras.com\/wpress\/wp-content\/uploads\/Filatelia\/Matasellos\/XII-Exposicion.jpg 600w, http:\/\/www.grupo-algeciras.com\/wpress\/wp-content\/uploads\/Filatelia\/Matasellos\/XII-Exposicion-300x161.jpg 300w\" sizes=\"auto, (max-width: 600px) 100vw, 600px\" \/><\/a><p id=\"caption-attachment-1032\" class=\"wp-caption-text\"><span style=\"font-size: 12pt;\">XII Exposici\u00f3n Filat\u00e9lica y Numism\u00e1tica \u00abAlgeciras en las Letras<\/span><\/p><\/div>\n<div id=\"attachment_1015\" style=\"width: 610px\" class=\"wp-caption aligncenter\"><a href=\"http:\/\/www.grupo-algeciras.com\/wpress\/wp-content\/uploads\/Filatelia\/Matasellos\/Fig10.jpg\"><img loading=\"lazy\" decoding=\"async\" aria-describedby=\"caption-attachment-1015\" class=\"size-full wp-image-1015\" title=\"Fig10\" src=\"http:\/\/www.grupo-algeciras.com\/wpress\/wp-content\/uploads\/Filatelia\/Matasellos\/Fig10.jpg\" alt=\"\" width=\"600\" height=\"309\" srcset=\"http:\/\/www.grupo-algeciras.com\/wpress\/wp-content\/uploads\/Filatelia\/Matasellos\/Fig10.jpg 600w, http:\/\/www.grupo-algeciras.com\/wpress\/wp-content\/uploads\/Filatelia\/Matasellos\/Fig10-300x154.jpg 300w\" sizes=\"auto, (max-width: 600px) 100vw, 600px\" \/><\/a><p id=\"caption-attachment-1015\" class=\"wp-caption-text\"><span style=\"font-size: 12pt;\">XIII Exposici\u00f3n Filat\u00e9lica y Numism\u00e1tica \u201cEXPOFIL ANDALUC\u00cdA\u201d<\/span><\/p><\/div>\n<div id=\"attachment_1016\" style=\"width: 610px\" class=\"wp-caption aligncenter\"><a href=\"http:\/\/www.grupo-algeciras.com\/wpress\/wp-content\/uploads\/Filatelia\/Matasellos\/Fig11.jpg\"><img loading=\"lazy\" decoding=\"async\" aria-describedby=\"caption-attachment-1016\" class=\"size-full wp-image-1016\" title=\"Fig11\" src=\"http:\/\/www.grupo-algeciras.com\/wpress\/wp-content\/uploads\/Filatelia\/Matasellos\/Fig11.jpg\" alt=\"\" width=\"600\" height=\"318\" srcset=\"http:\/\/www.grupo-algeciras.com\/wpress\/wp-content\/uploads\/Filatelia\/Matasellos\/Fig11.jpg 600w, http:\/\/www.grupo-algeciras.com\/wpress\/wp-content\/uploads\/Filatelia\/Matasellos\/Fig11-300x159.jpg 300w\" sizes=\"auto, (max-width: 600px) 100vw, 600px\" \/><\/a><p id=\"caption-attachment-1016\" class=\"wp-caption-text\"><span style=\"font-size: 12pt;\">XIV Exposici\u00f3n Filat\u00e9lica y Numism\u00e1tica \u201cHomenaje a la Familia Real\u201d<\/span><\/p><\/div>\n<div id=\"attachment_1005\" style=\"width: 610px\" class=\"wp-caption aligncenter\"><a href=\"http:\/\/www.grupo-algeciras.com\/wpress\/wp-content\/uploads\/Filatelia\/Matasellos\/Fig00.jpg\"><img loading=\"lazy\" decoding=\"async\" aria-describedby=\"caption-attachment-1005\" class=\"size-full wp-image-1005\" title=\"Fig00\" src=\"http:\/\/www.grupo-algeciras.com\/wpress\/wp-content\/uploads\/Filatelia\/Matasellos\/Fig00.jpg\" alt=\"\" width=\"600\" height=\"312\" srcset=\"http:\/\/www.grupo-algeciras.com\/wpress\/wp-content\/uploads\/Filatelia\/Matasellos\/Fig00.jpg 600w, http:\/\/www.grupo-algeciras.com\/wpress\/wp-content\/uploads\/Filatelia\/Matasellos\/Fig00-300x156.jpg 300w\" sizes=\"auto, (max-width: 600px) 100vw, 600px\" \/><\/a><p id=\"caption-attachment-1005\" class=\"wp-caption-text\"><span style=\"font-size: 12pt;\">Expo. Filat\u00e9lica Cien a\u00f1os del FF.CC. Algeciras-Jimena de la Frontera<\/span><\/p><\/div>\n<div id=\"attachment_1017\" style=\"width: 610px\" class=\"wp-caption aligncenter\"><a href=\"http:\/\/www.grupo-algeciras.com\/wpress\/wp-content\/uploads\/Filatelia\/Matasellos\/Fig12.jpg\"><img loading=\"lazy\" decoding=\"async\" aria-describedby=\"caption-attachment-1017\" class=\"size-full wp-image-1017\" title=\"Fig12\" src=\"http:\/\/www.grupo-algeciras.com\/wpress\/wp-content\/uploads\/Filatelia\/Matasellos\/Fig12.jpg\" alt=\"\" width=\"600\" height=\"411\" srcset=\"http:\/\/www.grupo-algeciras.com\/wpress\/wp-content\/uploads\/Filatelia\/Matasellos\/Fig12.jpg 600w, http:\/\/www.grupo-algeciras.com\/wpress\/wp-content\/uploads\/Filatelia\/Matasellos\/Fig12-300x205.jpg 300w\" sizes=\"auto, (max-width: 600px) 100vw, 600px\" \/><\/a><p id=\"caption-attachment-1017\" class=\"wp-caption-text\"><span style=\"font-size: 12pt;\">XV Exposici\u00f3n Filat\u00e9lica y Numism\u00e1tica \u201cAlgeciras y Carlos III\u201d con la primera etiqueta Epelsa conmemorativa de Algeciras (Color verde)<\/span><\/p><\/div>\n<div id=\"attachment_1018\" style=\"width: 610px\" class=\"wp-caption aligncenter\"><a href=\"http:\/\/www.grupo-algeciras.com\/wpress\/wp-content\/uploads\/Filatelia\/Matasellos\/Fig13.jpg\"><img loading=\"lazy\" decoding=\"async\" aria-describedby=\"caption-attachment-1018\" class=\"size-full wp-image-1018\" title=\"Fig13\" src=\"http:\/\/www.grupo-algeciras.com\/wpress\/wp-content\/uploads\/Filatelia\/Matasellos\/Fig13.jpg\" alt=\"\" width=\"600\" height=\"326\" srcset=\"http:\/\/www.grupo-algeciras.com\/wpress\/wp-content\/uploads\/Filatelia\/Matasellos\/Fig13.jpg 600w, http:\/\/www.grupo-algeciras.com\/wpress\/wp-content\/uploads\/Filatelia\/Matasellos\/Fig13-300x163.jpg 300w\" sizes=\"auto, (max-width: 600px) 100vw, 600px\" \/><\/a><p id=\"caption-attachment-1018\" class=\"wp-caption-text\"><span style=\"font-size: 12pt;\">XVI Exposici\u00f3n Filat\u00e9lica \u201cXXV aniversario del Grupo Filat\u00e9lico y Numism\u00e1tico de Algeciras\u201d con la primera perforaci\u00f3n conmemorativa de Algeciras \u201cALGs\u201d<\/span><\/p><\/div>\n<div id=\"attachment_1019\" style=\"width: 610px\" class=\"wp-caption aligncenter\"><a href=\"http:\/\/www.grupo-algeciras.com\/wpress\/wp-content\/uploads\/Filatelia\/Matasellos\/Fig14.jpg\"><img loading=\"lazy\" decoding=\"async\" aria-describedby=\"caption-attachment-1019\" class=\"size-full wp-image-1019\" title=\"Fig14\" src=\"http:\/\/www.grupo-algeciras.com\/wpress\/wp-content\/uploads\/Filatelia\/Matasellos\/Fig14.jpg\" alt=\"\" width=\"600\" height=\"322\" srcset=\"http:\/\/www.grupo-algeciras.com\/wpress\/wp-content\/uploads\/Filatelia\/Matasellos\/Fig14.jpg 600w, http:\/\/www.grupo-algeciras.com\/wpress\/wp-content\/uploads\/Filatelia\/Matasellos\/Fig14-300x161.jpg 300w\" sizes=\"auto, (max-width: 600px) 100vw, 600px\" \/><\/a><p id=\"caption-attachment-1019\" class=\"wp-caption-text\"><span style=\"font-size: 12pt;\">XVII Exposici\u00f3n Filat\u00e9lica \u201cAlgeciras-Gibraltar\u201d<\/span><\/p><\/div>\n<div id=\"attachment_1020\" style=\"width: 610px\" class=\"wp-caption aligncenter\"><a href=\"http:\/\/www.grupo-algeciras.com\/wpress\/wp-content\/uploads\/Filatelia\/Matasellos\/Fig15.jpg\"><img loading=\"lazy\" decoding=\"async\" aria-describedby=\"caption-attachment-1020\" class=\"size-full wp-image-1020\" title=\"Fig15\" src=\"http:\/\/www.grupo-algeciras.com\/wpress\/wp-content\/uploads\/Filatelia\/Matasellos\/Fig15.jpg\" alt=\"\" width=\"600\" height=\"308\" srcset=\"http:\/\/www.grupo-algeciras.com\/wpress\/wp-content\/uploads\/Filatelia\/Matasellos\/Fig15.jpg 600w, http:\/\/www.grupo-algeciras.com\/wpress\/wp-content\/uploads\/Filatelia\/Matasellos\/Fig15-300x154.jpg 300w\" sizes=\"auto, (max-width: 600px) 100vw, 600px\" \/><\/a><p id=\"caption-attachment-1020\" class=\"wp-caption-text\"><span style=\"font-size: 12pt;\">XVIII Exposici\u00f3n Filat\u00e9lica \u201cCentenario del primer muelle del puerto de Algeciras, 1894-1994\u201d<\/span><\/p><\/div>\n<div id=\"attachment_1021\" style=\"width: 610px\" class=\"wp-caption aligncenter\"><a href=\"http:\/\/www.grupo-algeciras.com\/wpress\/wp-content\/uploads\/Filatelia\/Matasellos\/Fig16.jpg\"><img loading=\"lazy\" decoding=\"async\" aria-describedby=\"caption-attachment-1021\" class=\"size-full wp-image-1021\" title=\"Fig16\" src=\"http:\/\/www.grupo-algeciras.com\/wpress\/wp-content\/uploads\/Filatelia\/Matasellos\/Fig16.jpg\" alt=\"\" width=\"600\" height=\"313\" srcset=\"http:\/\/www.grupo-algeciras.com\/wpress\/wp-content\/uploads\/Filatelia\/Matasellos\/Fig16.jpg 600w, http:\/\/www.grupo-algeciras.com\/wpress\/wp-content\/uploads\/Filatelia\/Matasellos\/Fig16-300x156.jpg 300w\" sizes=\"auto, (max-width: 600px) 100vw, 600px\" \/><\/a><p id=\"caption-attachment-1021\" class=\"wp-caption-text\"><span style=\"font-size: 12pt;\">Exposici\u00f3n de Coleccionismo \u201cNavidad-96\u201d<\/span><\/p><\/div>\n<div id=\"attachment_1022\" style=\"width: 610px\" class=\"wp-caption aligncenter\"><a href=\"http:\/\/www.grupo-algeciras.com\/wpress\/wp-content\/uploads\/Filatelia\/Matasellos\/Fig17.jpg\"><img loading=\"lazy\" decoding=\"async\" aria-describedby=\"caption-attachment-1022\" class=\"size-full wp-image-1022\" title=\"Fig17\" src=\"http:\/\/www.grupo-algeciras.com\/wpress\/wp-content\/uploads\/Filatelia\/Matasellos\/Fig17.jpg\" alt=\"\" width=\"600\" height=\"414\" srcset=\"http:\/\/www.grupo-algeciras.com\/wpress\/wp-content\/uploads\/Filatelia\/Matasellos\/Fig17.jpg 600w, http:\/\/www.grupo-algeciras.com\/wpress\/wp-content\/uploads\/Filatelia\/Matasellos\/Fig17-300x207.jpg 300w\" sizes=\"auto, (max-width: 600px) 100vw, 600px\" \/><\/a><p id=\"caption-attachment-1022\" class=\"wp-caption-text\"><span style=\"font-size: 12pt;\">XIX Exposici\u00f3n Filat\u00e9lica. Tema Algeciras<\/span><\/p><\/div>\n<div id=\"attachment_1023\" style=\"width: 610px\" class=\"wp-caption aligncenter\"><a href=\"http:\/\/www.grupo-algeciras.com\/wpress\/wp-content\/uploads\/Filatelia\/Matasellos\/Fig18.jpg\"><img loading=\"lazy\" decoding=\"async\" aria-describedby=\"caption-attachment-1023\" class=\"size-full wp-image-1023\" title=\"Fig18\" src=\"http:\/\/www.grupo-algeciras.com\/wpress\/wp-content\/uploads\/Filatelia\/Matasellos\/Fig18.jpg\" alt=\"\" width=\"600\" height=\"305\" srcset=\"http:\/\/www.grupo-algeciras.com\/wpress\/wp-content\/uploads\/Filatelia\/Matasellos\/Fig18.jpg 600w, http:\/\/www.grupo-algeciras.com\/wpress\/wp-content\/uploads\/Filatelia\/Matasellos\/Fig18-300x152.jpg 300w\" sizes=\"auto, (max-width: 600px) 100vw, 600px\" \/><\/a><p id=\"caption-attachment-1023\" class=\"wp-caption-text\"><span style=\"font-size: 12pt;\">XX Exposici\u00f3n Filat\u00e9lica. Avd. Blas Infante<\/span><\/p><\/div>\n<div id=\"attachment_1024\" style=\"width: 610px\" class=\"wp-caption aligncenter\"><a href=\"http:\/\/www.grupo-algeciras.com\/wpress\/wp-content\/uploads\/Filatelia\/Matasellos\/Fig19.jpg\"><img loading=\"lazy\" decoding=\"async\" aria-describedby=\"caption-attachment-1024\" class=\"size-full wp-image-1024\" title=\"Fig19\" src=\"http:\/\/www.grupo-algeciras.com\/wpress\/wp-content\/uploads\/Filatelia\/Matasellos\/Fig19.jpg\" alt=\"\" width=\"600\" height=\"305\" srcset=\"http:\/\/www.grupo-algeciras.com\/wpress\/wp-content\/uploads\/Filatelia\/Matasellos\/Fig19.jpg 600w, http:\/\/www.grupo-algeciras.com\/wpress\/wp-content\/uploads\/Filatelia\/Matasellos\/Fig19-300x152.jpg 300w\" sizes=\"auto, (max-width: 600px) 100vw, 600px\" \/><\/a><p id=\"caption-attachment-1024\" class=\"wp-caption-text\"><span style=\"font-size: 12pt;\">XXI Exposici\u00f3n Filat\u00e9lica. R\u00edo de la Miel<\/span><\/p><\/div>\n<div id=\"attachment_1025\" style=\"width: 610px\" class=\"wp-caption aligncenter\"><a href=\"http:\/\/www.grupo-algeciras.com\/wpress\/wp-content\/uploads\/Filatelia\/Matasellos\/Fig20.jpg\"><img loading=\"lazy\" decoding=\"async\" aria-describedby=\"caption-attachment-1025\" class=\"size-full wp-image-1025\" title=\"Fig20\" src=\"http:\/\/www.grupo-algeciras.com\/wpress\/wp-content\/uploads\/Filatelia\/Matasellos\/Fig20.jpg\" alt=\"\" width=\"600\" height=\"326\" srcset=\"http:\/\/www.grupo-algeciras.com\/wpress\/wp-content\/uploads\/Filatelia\/Matasellos\/Fig20.jpg 600w, http:\/\/www.grupo-algeciras.com\/wpress\/wp-content\/uploads\/Filatelia\/Matasellos\/Fig20-300x163.jpg 300w\" sizes=\"auto, (max-width: 600px) 100vw, 600px\" \/><\/a><p id=\"caption-attachment-1025\" class=\"wp-caption-text\"><span style=\"font-size: 12pt;\">XXII Exposici\u00f3n Filat\u00e9lica y de Coleccionismo.- Callej\u00f3n del Ritz-<\/span><\/p><\/div>\n<div id=\"attachment_1026\" style=\"width: 610px\" class=\"wp-caption aligncenter\"><a href=\"http:\/\/www.grupo-algeciras.com\/wpress\/wp-content\/uploads\/Filatelia\/Matasellos\/Fig21.jpg\"><img loading=\"lazy\" decoding=\"async\" aria-describedby=\"caption-attachment-1026\" class=\"size-full wp-image-1026\" title=\"Fig21\" src=\"http:\/\/www.grupo-algeciras.com\/wpress\/wp-content\/uploads\/Filatelia\/Matasellos\/Fig21.jpg\" alt=\"\" width=\"600\" height=\"323\" srcset=\"http:\/\/www.grupo-algeciras.com\/wpress\/wp-content\/uploads\/Filatelia\/Matasellos\/Fig21.jpg 600w, http:\/\/www.grupo-algeciras.com\/wpress\/wp-content\/uploads\/Filatelia\/Matasellos\/Fig21-300x161.jpg 300w\" sizes=\"auto, (max-width: 600px) 100vw, 600px\" \/><\/a><p id=\"caption-attachment-1026\" class=\"wp-caption-text\"><span style=\"font-size: 12pt;\">Milenario de la muerte de Almanzor. Primer d\u00eda de circulaci\u00f3n.<\/span><\/p><\/div>\n<div id=\"attachment_1027\" style=\"width: 610px\" class=\"wp-caption aligncenter\"><a href=\"http:\/\/www.grupo-algeciras.com\/wpress\/wp-content\/uploads\/Filatelia\/Matasellos\/Fig22.jpg\"><img loading=\"lazy\" decoding=\"async\" aria-describedby=\"caption-attachment-1027\" class=\"size-full wp-image-1027\" title=\"Fig22\" src=\"http:\/\/www.grupo-algeciras.com\/wpress\/wp-content\/uploads\/Filatelia\/Matasellos\/Fig22.jpg\" alt=\"\" width=\"600\" height=\"354\" srcset=\"http:\/\/www.grupo-algeciras.com\/wpress\/wp-content\/uploads\/Filatelia\/Matasellos\/Fig22.jpg 600w, http:\/\/www.grupo-algeciras.com\/wpress\/wp-content\/uploads\/Filatelia\/Matasellos\/Fig22-300x177.jpg 300w\" sizes=\"auto, (max-width: 600px) 100vw, 600px\" \/><\/a><p id=\"caption-attachment-1027\" class=\"wp-caption-text\"><span style=\"font-size: 12pt;\">Milenario de la muerte de Almanzor.- Presentaci\u00f3n ALGECIRAS.<\/span><\/p><\/div>\n<div id=\"attachment_1028\" style=\"width: 610px\" class=\"wp-caption aligncenter\"><a href=\"http:\/\/www.grupo-algeciras.com\/wpress\/wp-content\/uploads\/Filatelia\/Matasellos\/Fig23.jpg\"><img loading=\"lazy\" decoding=\"async\" aria-describedby=\"caption-attachment-1028\" class=\"size-full wp-image-1028\" title=\"Fig23\" src=\"http:\/\/www.grupo-algeciras.com\/wpress\/wp-content\/uploads\/Filatelia\/Matasellos\/Fig23.jpg\" alt=\"\" width=\"600\" height=\"310\" srcset=\"http:\/\/www.grupo-algeciras.com\/wpress\/wp-content\/uploads\/Filatelia\/Matasellos\/Fig23.jpg 600w, http:\/\/www.grupo-algeciras.com\/wpress\/wp-content\/uploads\/Filatelia\/Matasellos\/Fig23-300x155.jpg 300w\" sizes=\"auto, (max-width: 600px) 100vw, 600px\" \/><\/a><p id=\"caption-attachment-1028\" class=\"wp-caption-text\"><span style=\"font-size: 12pt;\">XXIII Exposici\u00f3n Filat\u00e9lica y de Coleccionismo. A\u00f1o Almanzor<\/span><\/p><\/div>\n<div id=\"attachment_1029\" style=\"width: 610px\" class=\"wp-caption aligncenter\"><a href=\"http:\/\/www.grupo-algeciras.com\/wpress\/wp-content\/uploads\/Filatelia\/Matasellos\/Fig24.jpg\"><img loading=\"lazy\" decoding=\"async\" aria-describedby=\"caption-attachment-1029\" class=\"size-full wp-image-1029\" title=\"Fig24\" src=\"http:\/\/www.grupo-algeciras.com\/wpress\/wp-content\/uploads\/Filatelia\/Matasellos\/Fig24.jpg\" alt=\"\" width=\"600\" height=\"324\" srcset=\"http:\/\/www.grupo-algeciras.com\/wpress\/wp-content\/uploads\/Filatelia\/Matasellos\/Fig24.jpg 600w, http:\/\/www.grupo-algeciras.com\/wpress\/wp-content\/uploads\/Filatelia\/Matasellos\/Fig24-300x162.jpg 300w\" sizes=\"auto, (max-width: 600px) 100vw, 600px\" \/><\/a><p id=\"caption-attachment-1029\" class=\"wp-caption-text\"><span style=\"font-size: 12pt;\">Sellos autoadhesivos. Cer\u00e1mica. Primer d\u00eda de circulaci\u00f3n<\/span><\/p><\/div>\n<div id=\"attachment_1030\" style=\"width: 610px\" class=\"wp-caption aligncenter\"><a href=\"http:\/\/www.grupo-algeciras.com\/wpress\/wp-content\/uploads\/Filatelia\/Matasellos\/Fig25.jpg\"><img loading=\"lazy\" decoding=\"async\" aria-describedby=\"caption-attachment-1030\" class=\"size-full wp-image-1030\" title=\"Fig25\" src=\"http:\/\/www.grupo-algeciras.com\/wpress\/wp-content\/uploads\/Filatelia\/Matasellos\/Fig25.jpg\" alt=\"\" width=\"600\" height=\"312\" srcset=\"http:\/\/www.grupo-algeciras.com\/wpress\/wp-content\/uploads\/Filatelia\/Matasellos\/Fig25.jpg 600w, http:\/\/www.grupo-algeciras.com\/wpress\/wp-content\/uploads\/Filatelia\/Matasellos\/Fig25-300x156.jpg 300w\" sizes=\"auto, (max-width: 600px) 100vw, 600px\" \/><\/a><p id=\"caption-attachment-1030\" class=\"wp-caption-text\"><span style=\"font-size: 12pt;\">XXIV Exposici\u00f3n Filat\u00e9lica y de Coleccionismo. La pintura en Algeciras.<\/span><\/p><\/div>\n<p style=\"text-align: center;\">A\u00f1o 2006, a\u00f1o de la Exposici\u00f3n Filat\u00e9lica Nacional EXFILNA 06<\/p>\n<p style=\"text-align: center;\"><a title=\"Material de la Exfilna 2006\" href=\"http:\/\/www.grupo-algeciras.com\/wpress\/index.php\/2014\/03\/18\/material\/\" target=\"_blank\" rel=\"noopener noreferrer\">Todo lo encontramos en el apartado de la Exfilna 2006<\/a><\/p>\n<p style=\"text-align: center;\"><a href=\"http:\/\/www.grupo-algeciras.com\/wpress\/wp-content\/uploads\/Filatelia\/Matasellos\/maximapalma.jpg\"><img loading=\"lazy\" decoding=\"async\" class=\"alignnone size-full wp-image-1571\" title=\"maximapalma\" src=\"http:\/\/www.grupo-algeciras.com\/wpress\/wp-content\/uploads\/Filatelia\/Matasellos\/maximapalma.jpg\" alt=\"\" width=\"600\" height=\"764\" \/><\/a><\/p>\n<p style=\"text-align: center;\"><a href=\"http:\/\/www.grupo-algeciras.com\/wpress\/wp-content\/uploads\/Filatelia\/Matasellos\/maximaquijote.jpg\"><img loading=\"lazy\" decoding=\"async\" class=\"alignnone size-full wp-image-1572\" title=\"maximaquijote\" src=\"http:\/\/www.grupo-algeciras.com\/wpress\/wp-content\/uploads\/Filatelia\/Matasellos\/maximaquijote.jpg\" alt=\"\" width=\"600\" height=\"428\" srcset=\"http:\/\/www.grupo-algeciras.com\/wpress\/wp-content\/uploads\/Filatelia\/Matasellos\/maximaquijote.jpg 1082w, http:\/\/www.grupo-algeciras.com\/wpress\/wp-content\/uploads\/Filatelia\/Matasellos\/maximaquijote-300x213.jpg 300w, http:\/\/www.grupo-algeciras.com\/wpress\/wp-content\/uploads\/Filatelia\/Matasellos\/maximaquijote-680x484.jpg 680w, http:\/\/www.grupo-algeciras.com\/wpress\/wp-content\/uploads\/Filatelia\/Matasellos\/maximaquijote-624x444.jpg 624w\" sizes=\"auto, (max-width: 600px) 100vw, 600px\" \/><\/a><\/p>\n<p style=\"text-align: center;\">XXV EXPOSICI\u00d3N FILAT\u00c9LICA, conmemorativa del Cincuentenario de FESOFI<\/p>\n<p style=\"text-align: center;\"><a href=\"http:\/\/www.grupo-algeciras.com\/wpress\/wp-content\/uploads\/Filatelia\/Matasellos\/Sobre-Palma.jpg\"><img loading=\"lazy\" decoding=\"async\" class=\"alignnone wp-image-1657\" src=\"http:\/\/www.grupo-algeciras.com\/wpress\/wp-content\/uploads\/Filatelia\/Matasellos\/Sobre-Palma-300x163.jpg\" alt=\"Sobre Palma\" width=\"508\" height=\"276\" srcset=\"http:\/\/www.grupo-algeciras.com\/wpress\/wp-content\/uploads\/Filatelia\/Matasellos\/Sobre-Palma-300x163.jpg 300w, http:\/\/www.grupo-algeciras.com\/wpress\/wp-content\/uploads\/Filatelia\/Matasellos\/Sobre-Palma-680x370.jpg 680w, http:\/\/www.grupo-algeciras.com\/wpress\/wp-content\/uploads\/Filatelia\/Matasellos\/Sobre-Palma-624x340.jpg 624w, http:\/\/www.grupo-algeciras.com\/wpress\/wp-content\/uploads\/Filatelia\/Matasellos\/Sobre-Palma.jpg 1415w\" sizes=\"auto, (max-width: 508px) 100vw, 508px\" \/><\/a><\/p>\n<p style=\"text-align: center;\">Matasellos Tur\u00edstico Algeciras, con fecha inauguraci\u00f3n de 28 octubre de 2015<\/p>\n<p style=\"text-align: center;\"><a href=\"http:\/\/www.grupo-algeciras.com\/wpress\/wp-content\/uploads\/Noticias\/Centro-documental.jpg\"><img loading=\"lazy\" decoding=\"async\" class=\"alignnone size-medium wp-image-1695\" src=\"http:\/\/www.grupo-algeciras.com\/wpress\/wp-content\/uploads\/Noticias\/Centro-documental-300x209.jpg\" alt=\"Centro documental\" width=\"614\" height=\"428\" srcset=\"http:\/\/www.grupo-algeciras.com\/wpress\/wp-content\/uploads\/Noticias\/Centro-documental-300x209.jpg 300w, http:\/\/www.grupo-algeciras.com\/wpress\/wp-content\/uploads\/Noticias\/Centro-documental-680x474.jpg 680w, http:\/\/www.grupo-algeciras.com\/wpress\/wp-content\/uploads\/Noticias\/Centro-documental-624x435.jpg 624w, http:\/\/www.grupo-algeciras.com\/wpress\/wp-content\/uploads\/Noticias\/Centro-documental.jpg 1150w\" sizes=\"auto, (max-width: 614px) 100vw, 614px\" \/><\/a><\/p>\n<p style=\"text-align: center;\">XXVI EXPOSICI\u00d3N FILAT\u00c9LICA Centro Documental Jos\u00e9 Luis Cano, 1 abril de 2016<\/p>\n<p style=\"text-align: center;\"><img loading=\"lazy\" decoding=\"async\" class=\"alignnone wp-image-1918\" src=\"http:\/\/www.grupo-algeciras.com\/wpress\/wp-content\/uploads\/Matasello-4--300x212.jpg\" alt=\"\" width=\"368\" height=\"247\" \/>\u00a0 \u00a0 \u00a0 \u00a0 \u00a0<img loading=\"lazy\" decoding=\"async\" class=\"alignnone wp-image-1921\" src=\"http:\/\/www.grupo-algeciras.com\/wpress\/wp-content\/uploads\/ALGECIRAS-287x300.jpg\" alt=\"\" width=\"183\" height=\"213\" \/><\/p>\n<p style=\"text-align: center;\">XXVII EXPOSICI\u00d3N FILAT\u00c9LICA y de COLECCIONISMO en el Centro Documental Jos\u00e9 Luis Cano, 6 octubre 2017<\/p>\n<p><img loading=\"lazy\" decoding=\"async\" class=\"alignnone size-medium wp-image-2382 aligncenter\" src=\"http:\/\/www.grupo-algeciras.com\/wpress\/wp-content\/uploads\/0009_SPD-P-Torroja.jpg-300x185.jpg\" alt=\"\" width=\"500\" height=\"308\" srcset=\"http:\/\/www.grupo-algeciras.com\/wpress\/wp-content\/uploads\/0009_SPD-P-Torroja.jpg-300x185.jpg 300w, http:\/\/www.grupo-algeciras.com\/wpress\/wp-content\/uploads\/0009_SPD-P-Torroja.jpg-680x420.jpg 680w, http:\/\/www.grupo-algeciras.com\/wpress\/wp-content\/uploads\/0009_SPD-P-Torroja.jpg-768x474.jpg 768w, http:\/\/www.grupo-algeciras.com\/wpress\/wp-content\/uploads\/0009_SPD-P-Torroja.jpg-624x385.jpg 624w, http:\/\/www.grupo-algeciras.com\/wpress\/wp-content\/uploads\/0009_SPD-P-Torroja.jpg.jpg 981w\" sizes=\"auto, (max-width: 500px) 100vw, 500px\" \/><img loading=\"lazy\" decoding=\"async\" class=\"size-medium wp-image-2385 aligncenter\" src=\"http:\/\/www.grupo-algeciras.com\/wpress\/wp-content\/uploads\/Tarjeta-primer-dia-300x191.jpg\" alt=\"\" width=\"500\" height=\"318\" srcset=\"http:\/\/www.grupo-algeciras.com\/wpress\/wp-content\/uploads\/Tarjeta-primer-dia-300x191.jpg 300w, http:\/\/www.grupo-algeciras.com\/wpress\/wp-content\/uploads\/Tarjeta-primer-dia-680x432.jpg 680w, http:\/\/www.grupo-algeciras.com\/wpress\/wp-content\/uploads\/Tarjeta-primer-dia-768x488.jpg 768w, http:\/\/www.grupo-algeciras.com\/wpress\/wp-content\/uploads\/Tarjeta-primer-dia-624x397.jpg 624w, http:\/\/www.grupo-algeciras.com\/wpress\/wp-content\/uploads\/Tarjeta-primer-dia.jpg 1174w\" sizes=\"auto, (max-width: 500px) 100vw, 500px\" \/><\/p>\n<p style=\"text-align: center;\"><img loading=\"lazy\" decoding=\"async\" class=\"size-medium wp-image-2384 aligncenter\" src=\"http:\/\/www.grupo-algeciras.com\/wpress\/wp-content\/uploads\/MERCADO-TORROJA_ALGECIRAS-300x102.jpg\" alt=\"\" width=\"300\" height=\"102\" srcset=\"http:\/\/www.grupo-algeciras.com\/wpress\/wp-content\/uploads\/MERCADO-TORROJA_ALGECIRAS-300x102.jpg 300w, http:\/\/www.grupo-algeciras.com\/wpress\/wp-content\/uploads\/MERCADO-TORROJA_ALGECIRAS-680x232.jpg 680w, http:\/\/www.grupo-algeciras.com\/wpress\/wp-content\/uploads\/MERCADO-TORROJA_ALGECIRAS-768x262.jpg 768w, http:\/\/www.grupo-algeciras.com\/wpress\/wp-content\/uploads\/MERCADO-TORROJA_ALGECIRAS-624x213.jpg 624w, http:\/\/www.grupo-algeciras.com\/wpress\/wp-content\/uploads\/MERCADO-TORROJA_ALGECIRAS.jpg 879w\" sizes=\"auto, (max-width: 300px) 100vw, 300px\" \/> Primer D\u00eda Circulaci\u00f3n. Sello dedicado a la Arquitectura Urbana. Mercado Ingeniero Torroja<\/p>\n<p style=\"text-align: center;\">12 septiembre de 2022<\/p>\n<p style=\"text-align: center;\"><img loading=\"lazy\" decoding=\"async\" class=\"alignnone size-medium wp-image-2389\" src=\"http:\/\/www.grupo-algeciras.com\/wpress\/wp-content\/uploads\/Presentacion-300x186.jpg\" alt=\"\" width=\"500\" height=\"310\" srcset=\"http:\/\/www.grupo-algeciras.com\/wpress\/wp-content\/uploads\/Presentacion-300x186.jpg 300w, http:\/\/www.grupo-algeciras.com\/wpress\/wp-content\/uploads\/Presentacion-680x422.jpg 680w, http:\/\/www.grupo-algeciras.com\/wpress\/wp-content\/uploads\/Presentacion-768x476.jpg 768w, http:\/\/www.grupo-algeciras.com\/wpress\/wp-content\/uploads\/Presentacion-624x387.jpg 624w, http:\/\/www.grupo-algeciras.com\/wpress\/wp-content\/uploads\/Presentacion.jpg 1334w\" sizes=\"auto, (max-width: 500px) 100vw, 500px\" \/><\/p>\n<p style=\"text-align: center;\"><img loading=\"lazy\" decoding=\"async\" class=\"alignnone size-medium wp-image-2390\" src=\"http:\/\/www.grupo-algeciras.com\/wpress\/wp-content\/uploads\/Tarjeta-presentacion-300x194.jpg\" alt=\"\" width=\"500\" height=\"323\" srcset=\"http:\/\/www.grupo-algeciras.com\/wpress\/wp-content\/uploads\/Tarjeta-presentacion-300x194.jpg 300w, http:\/\/www.grupo-algeciras.com\/wpress\/wp-content\/uploads\/Tarjeta-presentacion-680x440.jpg 680w, http:\/\/www.grupo-algeciras.com\/wpress\/wp-content\/uploads\/Tarjeta-presentacion-768x497.jpg 768w, http:\/\/www.grupo-algeciras.com\/wpress\/wp-content\/uploads\/Tarjeta-presentacion-624x403.jpg 624w, http:\/\/www.grupo-algeciras.com\/wpress\/wp-content\/uploads\/Tarjeta-presentacion.jpg 1174w\" sizes=\"auto, (max-width: 500px) 100vw, 500px\" \/><\/p>\n<p style=\"text-align: center;\"><img loading=\"lazy\" decoding=\"async\" class=\"alignnone size-medium wp-image-2391\" style=\"border-style: double;\" src=\"http:\/\/www.grupo-algeciras.com\/wpress\/wp-content\/uploads\/PRES.MERCADO-TORROJA-300x300.jpg\" alt=\"\" width=\"185\" height=\"185\" srcset=\"http:\/\/www.grupo-algeciras.com\/wpress\/wp-content\/uploads\/PRES.MERCADO-TORROJA-300x300.jpg 300w, http:\/\/www.grupo-algeciras.com\/wpress\/wp-content\/uploads\/PRES.MERCADO-TORROJA-150x150.jpg 150w, http:\/\/www.grupo-algeciras.com\/wpress\/wp-content\/uploads\/PRES.MERCADO-TORROJA.jpg 474w\" sizes=\"auto, (max-width: 185px) 100vw, 185px\" \/><\/p>\n<p style=\"text-align: center;\">Presentaci\u00f3n de la emisi\u00f3n Arquitectura urbana. Mercado Ingeniero Torroja. Algeciras.<\/p>\n<p style=\"text-align: center;\">12 septiembre de 2023<\/p>\n<p style=\"text-align: center;\"><img loading=\"lazy\" decoding=\"async\" class=\"alignnone size-medium wp-image-2591\" src=\"http:\/\/www.grupo-algeciras.com\/wpress\/wp-content\/uploads\/scan-3-203x300.jpg\" alt=\"\" width=\"323\" height=\"477\" srcset=\"http:\/\/www.grupo-algeciras.com\/wpress\/wp-content\/uploads\/scan-3-203x300.jpg 203w, http:\/\/www.grupo-algeciras.com\/wpress\/wp-content\/uploads\/scan-3-680x1004.jpg 680w, http:\/\/www.grupo-algeciras.com\/wpress\/wp-content\/uploads\/scan-3-768x1134.jpg 768w, http:\/\/www.grupo-algeciras.com\/wpress\/wp-content\/uploads\/scan-3-1040x1536.jpg 1040w, http:\/\/www.grupo-algeciras.com\/wpress\/wp-content\/uploads\/scan-3-624x921.jpg 624w, http:\/\/www.grupo-algeciras.com\/wpress\/wp-content\/uploads\/scan-3.jpg 1192w\" sizes=\"auto, (max-width: 323px) 100vw, 323px\" \/><\/p>\n<p style=\"text-align: center;\"><img loading=\"lazy\" decoding=\"async\" class=\"alignnone size-medium wp-image-2595\" src=\"http:\/\/www.grupo-algeciras.com\/wpress\/wp-content\/uploads\/SPD-P-ALGECIRAS-300x186.jpg\" alt=\"\" width=\"500\" height=\"310\" srcset=\"http:\/\/www.grupo-algeciras.com\/wpress\/wp-content\/uploads\/SPD-P-ALGECIRAS-300x186.jpg 300w, http:\/\/www.grupo-algeciras.com\/wpress\/wp-content\/uploads\/SPD-P-ALGECIRAS-680x421.jpg 680w, http:\/\/www.grupo-algeciras.com\/wpress\/wp-content\/uploads\/SPD-P-ALGECIRAS-768x475.jpg 768w, http:\/\/www.grupo-algeciras.com\/wpress\/wp-content\/uploads\/SPD-P-ALGECIRAS-624x386.jpg 624w, http:\/\/www.grupo-algeciras.com\/wpress\/wp-content\/uploads\/SPD-P-ALGECIRAS.jpg 997w\" sizes=\"auto, (max-width: 500px) 100vw, 500px\" \/><\/p>\n<p style=\"text-align: center;\">Primer d\u00eda de circulaci\u00f3n. 4 de octubre de 2024. Navidad, arrastre de latas por los ni\u00f1os y ni\u00f1as de Algeciras en la v\u00edspera de los Reyes Magos.<\/p>\n<p style=\"text-align: center;\"><img loading=\"lazy\" decoding=\"async\" class=\"alignnone size-medium wp-image-2600\" src=\"http:\/\/www.grupo-algeciras.com\/wpress\/wp-content\/uploads\/ARASTRE-de-latasalgeciras-300x135.jpg\" alt=\"\" width=\"300\" height=\"135\" srcset=\"http:\/\/www.grupo-algeciras.com\/wpress\/wp-content\/uploads\/ARASTRE-de-latasalgeciras-300x135.jpg 300w, http:\/\/www.grupo-algeciras.com\/wpress\/wp-content\/uploads\/ARASTRE-de-latasalgeciras-680x305.jpg 680w, http:\/\/www.grupo-algeciras.com\/wpress\/wp-content\/uploads\/ARASTRE-de-latasalgeciras-768x345.jpg 768w, http:\/\/www.grupo-algeciras.com\/wpress\/wp-content\/uploads\/ARASTRE-de-latasalgeciras-624x280.jpg 624w, http:\/\/www.grupo-algeciras.com\/wpress\/wp-content\/uploads\/ARASTRE-de-latasalgeciras.jpg 900w\" sizes=\"auto, (max-width: 300px) 100vw, 300px\" \/><\/p>\n<p><img loading=\"lazy\" decoding=\"async\" class=\"size-medium wp-image-2635 aligncenter\" src=\"http:\/\/www.grupo-algeciras.com\/wpress\/wp-content\/uploads\/PRESENTACION-maxima--202x300.jpg\" alt=\"\" width=\"323\" height=\"480\" srcset=\"http:\/\/www.grupo-algeciras.com\/wpress\/wp-content\/uploads\/PRESENTACION-maxima--202x300.jpg 202w, http:\/\/www.grupo-algeciras.com\/wpress\/wp-content\/uploads\/PRESENTACION-maxima--680x1010.jpg 680w, http:\/\/www.grupo-algeciras.com\/wpress\/wp-content\/uploads\/PRESENTACION-maxima--768x1140.jpg 768w, http:\/\/www.grupo-algeciras.com\/wpress\/wp-content\/uploads\/PRESENTACION-maxima--624x926.jpg 624w, http:\/\/www.grupo-algeciras.com\/wpress\/wp-content\/uploads\/PRESENTACION-maxima-.jpg 788w\" sizes=\"auto, (max-width: 323px) 100vw, 323px\" \/> <img loading=\"lazy\" decoding=\"async\" class=\"size-medium wp-image-2636 aligncenter\" src=\"http:\/\/www.grupo-algeciras.com\/wpress\/wp-content\/uploads\/PRESENTACION-sobre--300x182.jpg\" alt=\"\" width=\"500\" height=\"303\" srcset=\"http:\/\/www.grupo-algeciras.com\/wpress\/wp-content\/uploads\/PRESENTACION-sobre--300x182.jpg 300w, http:\/\/www.grupo-algeciras.com\/wpress\/wp-content\/uploads\/PRESENTACION-sobre--680x413.jpg 680w, http:\/\/www.grupo-algeciras.com\/wpress\/wp-content\/uploads\/PRESENTACION-sobre--768x467.jpg 768w, http:\/\/www.grupo-algeciras.com\/wpress\/wp-content\/uploads\/PRESENTACION-sobre--624x379.jpg 624w, http:\/\/www.grupo-algeciras.com\/wpress\/wp-content\/uploads\/PRESENTACION-sobre-.jpg 1361w\" sizes=\"auto, (max-width: 500px) 100vw, 500px\" \/><\/p>\n<p style=\"text-align: center;\">ALGECIRAS. PRESENTACI\u00d3N \u00a0SELLO NAVIDAD \u00abARRASTRE DE LATAS POR LOS NI\u00d1OS Y NI\u00d1AS DE ALGECIRAS EN LA V\u00cdSPERA DE LOS REYES MAGOS\u00bb<\/p>\n<p style=\"text-align: center;\"><img loading=\"lazy\" decoding=\"async\" class=\"alignnone  wp-image-2638\" src=\"http:\/\/www.grupo-algeciras.com\/wpress\/wp-content\/uploads\/Matasello-arrastre-de-latas-291x300.jpg\" alt=\"\" width=\"215\" height=\"196\" \/><\/p>\n","protected":false},"excerpt":{"rendered":"<p>Papel oficial de la Delegaci\u00f3n de Alemania, con los tres matasellos de la Conferencia, ORDINARIO, CERTIFICADO y VALORES DECLARADOS. Hotel Reina Cristina y matasellos ordinario de la Conferencia Internacional de 1906 I Exposici\u00f3n Filat\u00e9lica del Campo de Gibraltar, 1968 II Exposici\u00f3n Filat\u00e9lica y Numism\u00e1tica, Campo de Gibraltar III Exposici\u00f3n Filat\u00e9lica \u00abEducaci\u00f3n y Descanso\u00bb 1970 Convoy [&hellip;]<\/p>\n","protected":false},"author":1,"featured_media":0,"comment_status":"closed","ping_status":"open","sticky":false,"template":"","format":"standard","meta":{"footnotes":""},"categories":[20],"tags":[],"class_list":["post-1035","post","type-post","status-publish","format-standard","hentry","category-matasellos"],"_links":{"self":[{"href":"http:\/\/www.grupo-algeciras.com\/index.php\/wp-json\/wp\/v2\/posts\/1035","targetHints":{"allow":["GET"]}}],"collection":[{"href":"http:\/\/www.grupo-algeciras.com\/index.php\/wp-json\/wp\/v2\/posts"}],"about":[{"href":"http:\/\/www.grupo-algeciras.com\/index.php\/wp-json\/wp\/v2\/types\/post"}],"author":[{"embeddable":true,"href":"http:\/\/www.grupo-algeciras.com\/index.php\/wp-json\/wp\/v2\/users\/1"}],"replies":[{"embeddable":true,"href":"http:\/\/www.grupo-algeciras.com\/index.php\/wp-json\/wp\/v2\/comments?post=1035"}],"version-history":[{"count":25,"href":"http:\/\/www.grupo-algeciras.com\/index.php\/wp-json\/wp\/v2\/posts\/1035\/revisions"}],"predecessor-version":[{"id":2639,"href":"http:\/\/www.grupo-algeciras.com\/index.php\/wp-json\/wp\/v2\/posts\/1035\/revisions\/2639"}],"wp:attachment":[{"href":"http:\/\/www.grupo-algeciras.com\/index.php\/wp-json\/wp\/v2\/media?parent=1035"}],"wp:term":[{"taxonomy":"category","embeddable":true,"href":"http:\/\/www.grupo-algeciras.com\/index.php\/wp-json\/wp\/v2\/categories?post=1035"},{"taxonomy":"post_tag","embeddable":true,"href":"http:\/\/www.grupo-algeciras.com\/index.php\/wp-json\/wp\/v2\/tags?post=1035"}],"curies":[{"name":"wp","href":"https:\/\/api.w.org\/{rel}","templated":true}]}}